{"id":12496,"date":"2023-03-21T09:36:31","date_gmt":"2023-03-21T08:36:31","guid":{"rendered":"https:\/\/nandi.info\/?p=12496"},"modified":"2023-03-21T09:36:31","modified_gmt":"2023-03-21T08:36:31","slug":"affaire-soumeylou-boubeye-maiga-le-magistrat-cheick-mohamed-cherif-defie-le-procureur-general-pres-la-cour-supreme-du-mali","status":"publish","type":"post","link":"https:\/\/nandi.info\/?p=12496","title":{"rendered":"Affaire Soumeylou Boubeye Ma\u00efga : Le magistrat Cheick Mohamed Ch\u00e9rif d\u00e9fie le procureur g\u00e9n\u00e9ral pr\u00e8s la Cour Supr\u00eame du Mali"},"content":{"rendered":"\n<p><strong>L\u2019ex-PM Soumeylou Boubeye Ma\u00efga est d\u00e9c\u00e9d\u00e9, le lundi 21 mars 2022 \u00e0 l\u2019\u00e2ge de 67 ans dans une clinique de Bamako, alors qu\u2019il \u00e9tait en d\u00e9tention en raison d\u2019un dossier de \u00ab&nbsp;corruption&nbsp;\u00bb le concernant. Face aux critiques et d\u00e9nonciations qui se poursuivent sur le sujet, le procureur g\u00e9n\u00e9ral pr\u00e8s la Cour Supr\u00eame du Mali a fait, le 16 mars 2023, un communiqu\u00e9 avertissant les uns et les autres. Se sentant personnellement cibl\u00e9, le magistrat Cheick Mohamed Ch\u00e9rif Kon\u00e9, pr\u00e9sident de l\u2019AMPP r\u00e9plique.<\/strong><\/p>\n\n\n\n<p class=\"has-drop-cap\">Le magistrat Kon\u00e9 qualifie le communiqu\u00e9 du procureur \u00ab de sans t\u00eate ni pied \u00bb.Aussi, argue-t-il, le procureur g\u00e9n\u00e9ral pr\u00e8s la Cour Supr\u00eame du Mali est, dans cette affaire SBM, \u00ab impliqu\u00e9 dans des faits de forfaiture \u00bb. Lesquels demeurent encore pendants devant la justice. Le pr\u00e9sident de l\u2019Association malienne des procureurs et poursuivants, Cheick Mohamed Ch\u00e9rif Kon\u00e9 souligne \u00eatre important de rappeler la teneur de l\u2019article 75 du code p\u00e9nal au procureur g\u00e9n\u00e9ral. Cet article, rapporte-t-il dans sa r\u00e9plique, dispose : \u00ab Seront coupables de forfaiture et punis de cinq \u00e0 vingt ans de r\u00e9clusion, tout officier de police judiciaire, tous procureurs g\u00e9n\u00e9raux ou de la r\u00e9publique, tous substituts, tous juges qui auront provoqu\u00e9, donn\u00e9 ou sign\u00e9 un jugement, une ordonnance ou un mandat tendant \u00e0 la poursuite personnelle ou \u00e0 la mise en accusation soit d\u2019un Ministre, soit d\u2019un membre de l\u2019Assembl\u00e9e nationale sans les formalit\u00e9s ou les autorisations prescrites par la loi, ou qui n\u2019auront pas suspendu la d\u00e9tention ou la poursuite\u2026 ou qui, hors les cas de flagrant d\u00e9lit, auront sans les m\u00eames modalit\u00e9s et autorisations, donn\u00e9 ou sign\u00e9 l\u2019ordre ou le mandat de saisir ou arr\u00eater un ou plusieurs ministres ou membres de l\u2019Assembl\u00e9e nationale \u00bb. Ainsi, Cheick Mohamed soutient que le \u00ab procureur g\u00e9n\u00e9ral, plut\u00f4t que de se livrer \u00e0 une fuite en avant, voire un chantage de diversion, aurait d\u00fb porter plainte pour d\u00e9nonciation calomnieuse relativement \u00e0 ces faits criminels, s\u2019il ne se reprochait rien \u00bb. A entendre le magistrat syndicaliste, le pr\u00e9sident de la cour supr\u00eame et un procureur g\u00e9n\u00e9ral pr\u00e8s la cour \u00ab obligent \u00bb, dans cette affaire SBM, le premier avocat g\u00e9n\u00e9ral, non moins commissaire du droit et d\u00e9fenseur de la loi en charge de veiller \u00e0 la r\u00e9gularit\u00e9 des proc\u00e9dures \u00ab \u00e0 prendre ses responsables pour les d\u00e9noncer \u00e0 qui de droit, lorsqu\u2019ils s\u2019aventurent \u00e0 poser des actes de forfaiture av\u00e9r\u00e9e \u00bb. Cela, pr\u00e9cise-t-il, \u00ab sur instruction du pouvoir politique, en violation de leur serment \u00bb. Le pr\u00e9sident de l\u2019AMPP \u00e9nonce d\u00e9fier le procureur g\u00e9n\u00e9ral de prendre une seule disposition ou d\u00e9marche jurisprudentielle. Laquelle permet \u00e0 la cour supr\u00eame de \u00ab se substituer \u00e0 la Haute cour de justice, pour s\u2019auto saisir des dossiers impliquant des justiciables de cette juridiction, jusqu\u2019\u00e0 placer des ministres sous mandat de d\u00e9p\u00f4t, en l\u2019absence de toute r\u00e9solution de mise en accusation de l\u2019Assembl\u00e9e nationale \u00bb. S\u2019il y a quelques magistrats maliens en d\u00e9phasage avec la loi, voire en conflit avec le serment, l\u2019\u00e9thique et la d\u00e9ontologie de la profession, \u00ab ce sont justement ces deux hauts magistrats du pays \u00bb. Cheick Mohamed Ch\u00e9rif estime, sans ambages, que le pr\u00e9sident de la cour supr\u00eame et le procureur g\u00e9n\u00e9ral ont pris, dans ce dossier, \u00ab la responsabilit\u00e9 de poser des actes de forfaiture sur instruction du politique pour, pr\u00e9cise-t-il, des int\u00e9r\u00eats personnels et \u00e9go\u00efstes \u00bb. Dans ce communiqu\u00e9 de trois pages, le coordinateur g\u00e9n\u00e9ral de la Coordination des Organisations de l\u2019appel du 20 f\u00e9vrier 2023 pour sauver le Mali ne m\u00e2che pas ses mots. Le magistrat a d\u2019ailleurs saisi l\u2019occasion pour r\u00e9it\u00e9rer \u00ab que l\u2019on est bien dans une trag\u00e9die judiciaire \u00bb, dans cette histoire du d\u00e9c\u00e8s de Soumeylou Boubeye Ma\u00efga. Puis d\u2019arguer ceci \u00e0 qui voudra l\u2019entendre : \u00ab Les expressions de trag\u00e9die judiciaire, qui semblent d\u00e9ranger, sont bien appropri\u00e9es en ce qu\u2019elles d\u00e9coulent des propres termes du procureur g\u00e9n\u00e9ral lui-m\u00eame, lors de son mea-culpa, au moment de la remise du corps de Soumeylou \u00e0 ses parents \u00bb.<\/p>\n\n\n\n<p><strong>Mamadou Diarra<\/strong><\/p>\n\n\n\n<p><\/p>\n","protected":false},"excerpt":{"rendered":"<p>L\u2019ex-PM Soumeylou Boubeye Ma\u00efga est d\u00e9c\u00e9d\u00e9, le lundi 21 mars 2022 \u00e0 l\u2019\u00e2ge de 67 ans dans une clinique de Bamako, alors qu\u2019il \u00e9tait en d\u00e9tention en raison d\u2019un dossier&hellip;<\/p>\n","protected":false},"author":1,"featured_media":12497,"comment_status":"open","ping_status":"closed","sticky":false,"template":"","format":"standard","meta":{"content-type":"","_lmt_disableupdate":"","_lmt_disable":"","_jetpack_memberships_contains_paid_content":false,"footnotes":"","jetpack_publicize_message":"","jetpack_publicize_feature_enabled":true,"jetpack_social_post_already_shared":true,"jetpack_social_options":{"image_generator_settings":{"template":"highway","default_image_id":0,"font":"","enabled":false},"version":2}},"categories":[71,21],"tags":[],"class_list":["post-12496","post","type-post","status-publish","format-standard","has-post-thumbnail","hentry","category-le-pays","category-societe"],"jetpack_publicize_connections":[],"featured_image_urls":{"full":"","thumbnail":"","medium":"","medium_large":"","large":"","1536x1536":"","2048x2048":"","penci-recipe-1200x1200":"","penci-recipe-1200x900":"","penci-recipe-1200x675":"","penci-single-full":"","penci-slider-full-thumb":"","penci-full-thumb":"","penci-slider-thumb":"","penci-magazine-slider":"","penci-thumb":"","penci-masonry-thumb":"","penci-thumb-square":"","penci-thumb-vertical":"","penci-thumb-small":""},"author_info":{"display_name":"Nandi","author_link":"https:\/\/nandi.info\/?author=1"},"category_info":"<a href=\"https:\/\/nandi.info\/?cat=71\" rel=\"category\">Le Pays<\/a> <a href=\"https:\/\/nandi.info\/?cat=21\" rel=\"category\">Soci\u00e9t\u00e9<\/a>","tag_info":"Soci\u00e9t\u00e9","comment_count":"0","jetpack_featured_media_url":"","jetpack_sharing_enabled":true,"_links":{"self":[{"href":"https:\/\/nandi.info\/index.php?rest_route=\/wp\/v2\/posts\/12496","targetHints":{"allow":["GET"]}}],"collection":[{"href":"https:\/\/nandi.info\/index.php?rest_route=\/wp\/v2\/posts"}],"about":[{"href":"https:\/\/nandi.info\/index.php?rest_route=\/wp\/v2\/types\/post"}],"author":[{"embeddable":true,"href":"https:\/\/nandi.info\/index.php?rest_route=\/wp\/v2\/users\/1"}],"replies":[{"embeddable":true,"href":"https:\/\/nandi.info\/index.php?rest_route=%2Fwp%2Fv2%2Fcomments&post=12496"}],"version-history":[{"count":0,"href":"https:\/\/nandi.info\/index.php?rest_route=\/wp\/v2\/posts\/12496\/revisions"}],"wp:featuredmedia":[{"embeddable":true,"href":"https:\/\/nandi.info\/index.php?rest_route=\/"}],"wp:attachment":[{"href":"https:\/\/nandi.info\/index.php?rest_route=%2Fwp%2Fv2%2Fmedia&parent=12496"}],"wp:term":[{"taxonomy":"category","embeddable":true,"href":"https:\/\/nandi.info\/index.php?rest_route=%2Fwp%2Fv2%2Fcategories&post=12496"},{"taxonomy":"post_tag","embeddable":true,"href":"https:\/\/nandi.info\/index.php?rest_route=%2Fwp%2Fv2%2Ftags&post=12496"}],"curies":[{"name":"wp","href":"https:\/\/api.w.org\/{rel}","templated":true}]}}