{"id":12438,"date":"2023-03-18T19:18:29","date_gmt":"2023-03-18T18:18:29","guid":{"rendered":"https:\/\/nandi.info\/?p=12438"},"modified":"2023-03-18T19:18:29","modified_gmt":"2023-03-18T18:18:29","slug":"le-pdg-de-la-societe-de-securite-privee-711-ouattara-palm-lompo-frederic-joseph-mohamed-nous-tenons-a-ce-que-tous-nos-agents-soient-formes-a-lecole-nationale-de-la-police","status":"publish","type":"post","link":"https:\/\/nandi.info\/?p=12438","title":{"rendered":"Le PDG de la soci\u00e9t\u00e9 de s\u00e9curit\u00e9 priv\u00e9e 711 Ouattara Palm Lompo Fr\u00e9d\u00e9ric Joseph Mohamed : \u00abNous tenons \u00e0 ce que tous nos agents soient form\u00e9s \u00e0 l\u2019Ecole nationale de la police\u00bb"},"content":{"rendered":"\n<p><strong><em>Au terme de la formation de 11 de ses \u00e9l\u00e9ments par des agents de la police nationale en protection des hautes personnalit\u00e9s (PHP), le PDG de la soci\u00e9t\u00e9 de s\u00e9curit\u00e9 priv\u00e9e 711, Ouattara Palm Lompo Fr\u00e9d\u00e9ric Joseph Mohamed, plus connu sous le nom de Bolo Yang nous a accord\u00e9 une interview dans laquelle il livre l\u2019importance de cette formation.<\/em><\/strong><\/p>\n\n\n\n<p class=\"has-drop-cap\"><strong>Aujourd\u2019hui-Mali :<\/strong>&nbsp;<strong><em>Pouvez-vous pr\u00e9senter \u00e0 nos lecteurs ?<\/em><\/strong><\/p>\n\n\n\n<p><strong>Ouattara Palm Lompo Fr\u00e9d\u00e9ric Joseph Mohamed :&nbsp;<\/strong>Je m\u2019appelle Ouattara Palm Lompo Fr\u00e9d\u00e9ric Joseph Mohamed, ceinture noire 4e dan international, plusieurs fois m\u00e9daill\u00e9s d\u2019or au championnat national du Burkina Faso plus connu sous le nom de Bolo Yang, tout simplement \u00e0 cause de mes frappes puissantes qui faisaient beaucoup de KO. J\u2019ai plusieurs fois particip\u00e9 aux diff\u00e9rents championnats ouest-africains avec des m\u00e9dailles en poche. De nos jours, je suis le promoteur de la soci\u00e9t\u00e9 de s\u00e9curit\u00e9 711 SARL qui est pr\u00e9sente dans plusieurs structures priv\u00e9es, \u00e9tatiques et assure la protection de plusieurs personnalit\u00e9s notamment op\u00e9rateurs \u00e9conomiques. Nous faisons partie des rares soci\u00e9t\u00e9s de s\u00e9curit\u00e9 d\u00e9tentrice d\u2019agr\u00e9ment pour porter des armes.<\/p>\n\n\n\n<p><strong><em>Pourquoi ce nom 711 et quelle est la mission d\u2019un officier de s\u00e9curit\u00e9 ?<\/em><\/strong><\/p>\n\n\n\n<p>Ce nom 711 faisait allusion aux 703 communes et 8 r\u00e9gions du Mali en 2010 lors de la cr\u00e9ation de la soci\u00e9t\u00e9. 711 en anglais&nbsp;<strong>\u201cSeven One One Security\u201d&nbsp;<\/strong>est une soci\u00e9t\u00e9 qui a \u00e9t\u00e9 agr\u00e9\u00e9e par le minist\u00e8re charg\u00e9 de la S\u00e9curit\u00e9 et de la Protection civile. Elle regroupe en son sein des jeunes dynamiques, tous form\u00e9s suivant le standard Seven One One.<\/p>\n\n\n\n<p>L\u2019officier de s\u00e9curit\u00e9 (OS) a pour mission essentielle l\u2019\u00e9vacuation de l\u2019autorit\u00e9 en cas de danger ou d\u2019agression. Il n\u2019a pas pour vocation d\u2019engager un combat avec l\u2019ennemi. Qui parle d\u2019\u00e9vacuation parle d\u2019issues de secours. Il doit tout mettre en \u0153uvre pour que les issues de secours soient op\u00e9rationnelles ou fonctionnelles.<\/p>\n\n\n\n<p><strong><em>Combien de personnes ont pris part \u00e0 cette formation ?<\/em><\/strong><\/p>\n\n\n\n<p>Ce sont 11 de nos \u00e9l\u00e9ments qui ont pris part \u00e0 la formation des formateurs en protection des hautes personnalit\u00e9s gr\u00e2ce \u00e0 des cours th\u00e9oriques et pratiques sur le terrain. Ces formations ont \u00e9t\u00e9 dispens\u00e9es par des instructeurs chevronn\u00e9s de la police nationale. Au terme de cette formation, il s\u2019agit de doter les apprenants de comp\u00e9tences pour qu\u2019ils soient form\u00e9s \u00e0 faire face \u00e0 toutes sortes d\u2019\u00e9ventualit\u00e9s dans l\u2019exercice de leurs missions.<\/p>\n\n\n\n<p><strong><em>En tant que sp\u00e9cialiste, quel doit \u00eatre la r\u00e9action d\u2019un officier de s\u00e9curit\u00e9 en cas d\u2019agression ?<\/em><\/strong><\/p>\n\n\n\n<p>En cas d\u2019agression, la r\u00e9action de l\u2019officier doit \u00eatre instantan\u00e9e. Il doit \u00eatre plus rapide que son ombre, mais il doit tout mettre en \u0153uvre pour \u00eatre en situation de l\u00e9gitime d\u00e9fense dans le domaine de la protection, qui n\u2019est rien d\u2019autre que la d\u00e9fense autoris\u00e9e par la loi en temps r\u00e9el c\u2019est-\u00e0-dire \u00e0 l\u2019instant T \u00e0 arme \u00e9gale et sur un p\u00e9rim\u00e8tre bien d\u00e9termin\u00e9 sinon elle serait assimil\u00e9e \u00e0 un acte criminel ou \u00e0 un cas de vengeance, ce qui est formellement interdit par la loi.<\/p>\n\n\n\n<p><strong><em>Et si l\u2019officier de s\u00e9curit\u00e9 ne respecte pas ce principe de l\u00e9gitime d\u00e9fense que vous \u00e9voquez ?<\/em><\/strong><\/p>\n\n\n\n<p>S\u2019il ne respecte pas ce principe, il s\u2019expose \u00e0 des sanctions disciplinaires qui pourront non seulement le conduire \u00e0 perdre son boulot mais aussi \u00e0 r\u00e9pondre devant les juridictions comp\u00e9tentes ; ce qui n\u2019est pas souhaitable.<\/p>\n\n\n\n<p><strong><em>Des messages \u00e0 l\u2019endroit de vos \u00e9l\u00e9ments et pourquoi cette formation ?<\/em><\/strong><\/p>\n\n\n\n<p>Je ne que peux que les exhorter \u00e0 rester concentr\u00e9s sur les sites et \u00e0 respecter imp\u00e9rativement les consignes s\u00e9curitaires. Ils doivent tout mettre en \u0153uvre pour que la formation reste et demeure dans leurs comportements quotidiens car l\u2019ancien pr\u00e9sident du Burkina Faso Thomas Sankara : disait&nbsp;<strong><em>\u201cUn Militaire sans formation, est un criminel en puissance\u201d.<\/em><\/strong>&nbsp;C\u2019est pareil pour les soci\u00e9t\u00e9s de s\u00e9curit\u00e9 priv\u00e9e.<\/p>\n\n\n\n<p>D\u2019ailleurs, je m\u2019approprie cette pens\u00e9e pour mieux former mes agents. Permettez-moi \u00e9galement de rappeler que cette formation est partie au-del\u00e0 de nos attentes. En t\u00e9moignent les excellents r\u00e9sultats. C\u2019est l\u2019occasion pour moi de remercier le ministre de la S\u00e9curit\u00e9 et de la Protection civile, l\u2019arm\u00e9e et toutes ses composantes, les directeurs g\u00e9n\u00e9raux de la police, de la gendarmerie, de la protection civile et tous leurs collaborateurs et surtout les instructeurs qui n\u2019ont m\u00e9nag\u00e9 aucun effort pour obtenir ce r\u00e9sultat \u00e9logieux. Nous leurs t\u00e9moignons notre profonde gratitude.<\/p>\n\n\n\n<p>Je ne peux terminer sans saluer vivement les plus hautes autorit\u00e9s en l\u2019occurrence Son Excellence le colonel Assimi Go\u00efta, pr\u00e9sident de la Transition ainsi que tous les membres du gouvernement sans exception qui s\u2019investissent nuit et jour pour que les citoyens maliens puissent avoir un sommeil paisible.<\/p>\n\n\n\n<p><strong><em>Un mot de la fin ?<\/em><\/strong><\/p>\n\n\n\n<p>Partant de mes formations en Europe, principalement en Turquie, \u00e0 Istanbul, o\u00f9 j\u2019ai eu mon attestation internationale en armement et tir avec mention&nbsp;<strong>\u201cExcellent\u201d<\/strong>, il est \u00e9vident de soutenir qu\u2019on ne peut bien \u00e9voluer dans ce domaine s\u00e9curitaire sans conna\u00eetre certaines r\u00e8gles comme : contr\u00f4le personnel de s\u00e9curit\u00e9 (CPS) qui consiste \u00e0 v\u00e9rifier le magasin et la chambre de l\u2019arme. Aussi, conna\u00eetre les r\u00e8gles d\u2019or de l\u2019arme pour \u00e9viter toutes situations confuses. Maitriser les trois manipulations essentielles de l\u2019arme. Le chargement, le contr\u00f4le du chargement et le retrait de la cartouche. C\u2019est pourquoi, nous tenons \u00e0 ce que tous nos agents soient form\u00e9s \u00e0 l\u2019Ecole nationale de la police. Je tiens \u00e0 pr\u00e9ciser que la communication joue un r\u00f4le tr\u00e8s important dans le cadre de nos diff\u00e9rentes missions qu\u2019elles soient r\u00e9galiennes ou civiles.<\/p>\n\n\n\n<p>Et dans ces conditions, l\u2019entretien avec une autorit\u00e9 ou un VIP constitue le premier jalon essentiel. L\u2019officier de s\u00e9curit\u00e9 doit appr\u00e9hender les notions s\u00e9curitaires avec des arguments solides, tenaces afin de r\u00e9unir toutes les informations n\u00e9cessaires sur son autorit\u00e9 et tout ce qui gravite autour d\u2019elle.<\/p>\n\n\n\n<p>Qu\u2019Allah le tout puissant prot\u00e8ge et b\u00e9nisse le Mali, les pays de la sous-r\u00e9gion et tous les autres pays du monde entier qui \u0153uvrent pour la paix.<\/p>\n\n\n\n<p><strong>&nbsp; Propos recueillis par Kassoum Th\u00e9ra<\/strong><\/p>\n","protected":false},"excerpt":{"rendered":"<p>Au terme de la formation de 11 de ses \u00e9l\u00e9ments par des agents de la police nationale en protection des hautes personnalit\u00e9s (PHP), le PDG de la soci\u00e9t\u00e9 de s\u00e9curit\u00e9&hellip;<\/p>\n","protected":false},"author":1,"featured_media":12441,"comment_status":"open","ping_status":"closed","sticky":false,"template":"","format":"standard","meta":{"content-type":"","_lmt_disableupdate":"","_lmt_disable":"","_jetpack_memberships_contains_paid_content":false,"footnotes":"","jetpack_publicize_message":"","jetpack_publicize_feature_enabled":true,"jetpack_social_post_already_shared":true,"jetpack_social_options":{"image_generator_settings":{"template":"highway","default_image_id":0,"font":"","enabled":false},"version":2}},"categories":[19,63,21],"tags":[],"class_list":["post-12438","post","type-post","status-publish","format-standard","has-post-thumbnail","hentry","category-aujourdhui-mali","category-interview","category-societe"],"jetpack_publicize_connections":[],"featured_image_urls":{"full":"","thumbnail":"","medium":"","medium_large":"","large":"","1536x1536":"","2048x2048":"","penci-recipe-1200x1200":"","penci-recipe-1200x900":"","penci-recipe-1200x675":"","penci-single-full":"","penci-slider-full-thumb":"","penci-full-thumb":"","penci-slider-thumb":"","penci-magazine-slider":"","penci-thumb":"","penci-masonry-thumb":"","penci-thumb-square":"","penci-thumb-vertical":"","penci-thumb-small":""},"author_info":{"display_name":"Nandi","author_link":"https:\/\/nandi.info\/?author=1"},"category_info":"<a href=\"https:\/\/nandi.info\/?cat=19\" rel=\"category\">Aujourd\u2019hui Mali<\/a> <a href=\"https:\/\/nandi.info\/?cat=63\" rel=\"category\">Interview<\/a> <a href=\"https:\/\/nandi.info\/?cat=21\" rel=\"category\">Soci\u00e9t\u00e9<\/a>","tag_info":"Soci\u00e9t\u00e9","comment_count":"0","jetpack_featured_media_url":"","jetpack_sharing_enabled":true,"_links":{"self":[{"href":"https:\/\/nandi.info\/index.php?rest_route=\/wp\/v2\/posts\/12438","targetHints":{"allow":["GET"]}}],"collection":[{"href":"https:\/\/nandi.info\/index.php?rest_route=\/wp\/v2\/posts"}],"about":[{"href":"https:\/\/nandi.info\/index.php?rest_route=\/wp\/v2\/types\/post"}],"author":[{"embeddable":true,"href":"https:\/\/nandi.info\/index.php?rest_route=\/wp\/v2\/users\/1"}],"replies":[{"embeddable":true,"href":"https:\/\/nandi.info\/index.php?rest_route=%2Fwp%2Fv2%2Fcomments&post=12438"}],"version-history":[{"count":0,"href":"https:\/\/nandi.info\/index.php?rest_route=\/wp\/v2\/posts\/12438\/revisions"}],"wp:featuredmedia":[{"embeddable":true,"href":"https:\/\/nandi.info\/index.php?rest_route=\/"}],"wp:attachment":[{"href":"https:\/\/nandi.info\/index.php?rest_route=%2Fwp%2Fv2%2Fmedia&parent=12438"}],"wp:term":[{"taxonomy":"category","embeddable":true,"href":"https:\/\/nandi.info\/index.php?rest_route=%2Fwp%2Fv2%2Fcategories&post=12438"},{"taxonomy":"post_tag","embeddable":true,"href":"https:\/\/nandi.info\/index.php?rest_route=%2Fwp%2Fv2%2Ftags&post=12438"}],"curies":[{"name":"wp","href":"https:\/\/api.w.org\/{rel}","templated":true}]}}