{"id":12436,"date":"2023-03-18T18:10:00","date_gmt":"2023-03-18T17:10:00","guid":{"rendered":"https:\/\/nandi.info\/?p=12436"},"modified":"2023-03-18T18:10:00","modified_gmt":"2023-03-18T17:10:00","slug":"condamnation-de-moov-africa-malitel-et-orange-mali-a-177-milliards-fcfa-linvestissement-etranger-assassine-au-mali-letat-impartial-et-bienveillant-doit-saffirmer","status":"publish","type":"post","link":"https:\/\/nandi.info\/?p=12436","title":{"rendered":"Condamnation de Moov Africa Malitel et Orange Mali a 177 milliards FCFA : L\u2019investissement \u00e9tranger assassin\u00e9 au Mali ? L\u2019Etat impartial et bienveillant doit s\u2019affirmer"},"content":{"rendered":"\n<p><strong><em>Alea jacta est ! (Le sort en est jet\u00e9 !), diront les latinistes \u00e0 propos de l\u2019arr\u00eat de la Cour supr\u00eame confirmant la condamnation de Moov Africa Malitel et d\u2019Orange-Mali \u00e0 payer la rondelette somme de 177 milliards de F CFA, dont 53 milliards de F C<\/em><\/strong><strong><em>FA pour Moov Africa Malitel, au R\u00e9seau malien des consommateurs des t\u00e9l\u00e9communications (Remacotem) dirig\u00e9 par un certain Adama Traor\u00e9. Depuis, c\u2019est la stupeur ! Ici et ailleurs.<\/em><\/strong><\/p>\n\n\n\n<p class=\"has-drop-cap\">Condamn\u00e9s \u00e0 payer l\u2019astronomique montant de 177 milliards de F CFA par la Cour d\u2019appel du Mali courant novembre 2021, les op\u00e9rateurs de t\u00e9l\u00e9phonie mobile Moov Africa Malitel et Orange-Mali, ont vu leurs derniers espoirs s\u2019envoler ce lundi 13 mars 2023 apr\u00e8s que la Cour supr\u00eame, ultime recours en la mati\u00e8re au Mali, ait confirm\u00e9 les dispositifs du jugement querell\u00e9.<\/p>\n\n\n\n<p>La Cour&nbsp;<strong><em>\u201cen la forme re\u00e7oit le pourvoi ; au fond le rejette comme \u00e9tant mal fond\u00e9 ; ordonne la confiscation de l\u2019amende de consignation ; met les d\u00e9pens \u00e0 la charge des demandeurs\u201d.<\/em><\/strong>&nbsp;Telle est la teneur de l\u2019arr\u00eat de la Cour supr\u00eame prononc\u00e9 en son audience du 13 mars 2023, dans l\u2019affaire opposant le R\u00e9seau des consommateurs maliens de t\u00e9l\u00e9phonie mobile (Recomatem) \u00e0 Moov Africa Malitel (anciennement Sotelma\/Malitel) et Orange-Mali.<\/p>\n\n\n\n<p>L\u2019affaire oppose donc le R\u00e9seau malien des consommateurs des t\u00e9l\u00e9communications (Remacotem) \u00e0 Moov Africa Malitel, d\u2019une part, et le Recomatem \u00e0 Orange-Mali, d\u2019autre part. Elle a \u00e9clat\u00e9 il y a plus d\u2019une d\u00e9cennie. Le R\u00e9seau reproche la facturation du r\u00e9pondeur aux op\u00e9rateurs.<\/p>\n\n\n\n<p>Malgr\u00e9 tous les avis favorables de l\u2019Union internationale des t\u00e9l\u00e9communications (UIT), de l\u2019Autorit\u00e9 malienne de r\u00e9gulation des t\u00e9l\u00e9communications, des postes et Tic (AMRTP), et d\u2019experts ind\u00e9pendants qui d\u00e9montrent qu\u2019il n\u2019y a pas lieu de poursuivre les op\u00e9rateurs incrimin\u00e9s parce que la plainte ne peut prosp\u00e9rer que pour les appels internationaux, la justice malienne a finalement tranch\u00e9 en faveur du R\u00e9seau.<\/p>\n\n\n\n<p>Des interrogations<\/p>\n\n\n\n<p>Notre but n\u2019est certes pas de contester l\u2019autorit\u00e9 de la chose jug\u00e9e. Mais, cet arr\u00eat de la Cour supr\u00eame risque d\u2019avoir beaucoup de r\u00e9percussions. Tout d\u2019abord, le Remacotem est une organisation pour le moins n\u00e9buleuse, dirig\u00e9e par un seul individu qui ne peut r\u00e9ellement pas produire la liste de ses adh\u00e9rents. La manne va tomber dans quelle escarcelle dans ce cas-l\u00e0 ?<\/p>\n\n\n\n<p>Deuxi\u00e8mement, est-ce qu\u2019on a r\u00e9ellement tenu compte de l\u2019int\u00e9r\u00eat des milliers de personnes qui travaillent pour le compte de ces deux entreprises et qui vont indubitablement faire les frais de cette lourde condamnation ?<\/p>\n\n\n\n<p>Que dire du manque \u00e0 gagner qui serait ainsi occasionn\u00e9 pour les caisses publiques si les entreprises venaient \u00e0 \u00eatre pouss\u00e9es \u00e0 la banqueroute ?<\/p>\n\n\n\n<p>Sponsors du sport malien, Moov Africa Malitel (partenaire du Comit\u00e9 national olympique et sportif du Mali) et Orange-Mali (pour le basket-ball et football d\u2019\u00e9lite) sont aussi engag\u00e9es \u00e0 fond dans la R esponsabilit\u00e9 soci\u00e9tale d\u2019entreprise (RSE), qui font d\u2019elles de v\u00e9ritables agents du d\u00e9veloppement humain durable dans notre pays.<\/p>\n\n\n\n<p>Malgr\u00e9 tous les arguments avanc\u00e9s par les conseils des deux op\u00e9rateurs de t\u00e9l\u00e9phonie mobile, la Cour supr\u00eame a confirm\u00e9 le jugement de la Cour d\u2019appel alors m\u00eame qu\u2019en premi\u00e8re instance le Remacotem avait \u00e9t\u00e9 d\u00e9bout\u00e9 de sa plainte par deux fois.<\/p>\n\n\n\n<p>Il reste un dernier recours pour Moov Africa Malitel et Orange-Mali, c\u2019est l\u2019arbitrage de la Cour de justice de l\u2019Union \u00e9conomique et mon\u00e9taire ouest-africaine (U\u00e9moa) ou de la Communaut\u00e9 \u00e9conomique des Etats de l\u2019Afrique de l\u2019Ouest (C\u00e9d\u00e9ao) qui est cens\u00e9e conna\u00eetre des affaires de telle nature. Ce qui prouve que l\u2019espoir n\u2019est pas tout \u00e0 fait perdu pour les milliers de travailleurs de ces deux soci\u00e9t\u00e9s qui, aujourd\u2019hui plus que jamais, scrutent l\u2019horizon avec beaucoup d\u2019inqui\u00e9tude.<\/p>\n\n\n\n<p>En tout \u00e9tat de cause, ce proc\u00e8s ressemble \u00e0 s\u2019y m\u00e9prendre \u00e0 celui des investissements \u00e9trangers au Mali. Autrement dit, les potentiels investisseurs \u00e9trangers vont dor\u00e9navant r\u00e9fl\u00e9chir par deux fois avant d\u2019opter pour la destination Mali. Ce qui ne serait pas \u00e0 l\u2019avantage de notre pays. Loin s\u2019en faut.&nbsp;&nbsp;<strong>&nbsp;&nbsp;&nbsp;<\/strong><\/p>\n\n\n\n<p><strong>&nbsp;El hadj A. B. HAIDARA<\/strong><\/p>\n\n\n\n<p><\/p>\n\n\n\n<h2 class=\"has-large-font-size wp-block-heading\"><strong>Orange-Mali sur les traces d\u2019Orange Niger ?<\/strong><\/h2>\n\n\n\n<p class=\"has-drop-cap\">Si l\u2019on ne prend pas garde, Orange-Mali risque de conna\u00eetre tr\u00e8s bient\u00f4t le m\u00eame sort que la filiale nig\u00e9rienne de l\u2019entreprise fran\u00e7aise, qui a d\u00fb se sauver en 2019 pour \u00e9chapper au diktat du fisc nig\u00e9rien. En 2018, Orange Niger, en d\u00e9licatesse avec le service des imp\u00f4ts du Niger qui \u00e9tait all\u00e9 jusqu\u2019\u00e0 fermer ses locaux pendant plus d\u2019un mois, a finalement jet\u00e9 l\u2019\u00e9ponge.<\/p>\n\n\n\n<p>Deux actionnaires minoritaires historiques d\u2019Orange Niger, des hommes d\u2019affaires nig\u00e9rien et malien, ont annonc\u00e9 le vendredi 22 novembre 2019 avoir rachet\u00e9 la filiale du groupe de t\u00e9l\u00e9coms fran\u00e7ais Orange, en difficult\u00e9s, pour un montant non pr\u00e9cis\u00e9.<\/p>\n\n\n\n<p>Auparavant, Orange Niger avait qualifi\u00e9 de&nbsp;<em>\u201ccontestable\u201d<\/em>&nbsp;sa fermeture par le fisc, cons\u00e9cutive \u00e0 un redressement fiscal de 22 milliards de F CFA qui repr\u00e9sentait&nbsp;<em>\u201cpr\u00e8s de 50 % (de son) chiffre d\u2019affaires\u201d<\/em>&nbsp;annuel.<\/p>\n\n\n\n<p>Que dire alors des 124 milliards de F CFA qu\u2019Orange-Mali devra payer au Remacotem sous les coups de boutoir de la justice malienne ? Il n\u2019y a manifestement pas photo entre les deux affaires. Cette condamnation va naturellement mettre en tr\u00e8s grande difficult\u00e9 le groupe de t\u00e9l\u00e9coms fran\u00e7ais qui pourrait vendre sa filiale malienne. Tout ceci n\u2019est visiblement pas de bon augure pour les milliers de travailleurs et les communaut\u00e9s qui b\u00e9n\u00e9ficient indirectement de l\u2019apport de cette entreprise en termes d\u2019acc\u00e8s aux services sociaux de base comme l\u2019\u00e9cole, les soins de sant\u00e9, l\u2019acc\u00e8s \u00e0 l\u2019eau potable, etc.<strong>&nbsp;&nbsp;&nbsp;&nbsp;&nbsp;&nbsp;&nbsp;&nbsp;&nbsp;&nbsp;&nbsp;&nbsp;&nbsp;&nbsp;&nbsp;&nbsp;<\/strong><\/p>\n\n\n\n<p><strong>El hadj A. B. HAIDARA<\/strong><\/p>\n\n\n\n<p><strong>Aujourd&rsquo;hui Mali<\/strong><\/p>\n","protected":false},"excerpt":{"rendered":"<p>Alea jacta est ! (Le sort en est jet\u00e9 !), diront les latinistes \u00e0 propos de l\u2019arr\u00eat de la Cour supr\u00eame confirmant la condamnation de Moov Africa Malitel et d\u2019Orange-Mali&hellip;<\/p>\n","protected":false},"author":1,"featured_media":12486,"comment_status":"open","ping_status":"closed","sticky":false,"template":"","format":"standard","meta":{"content-type":"","_lmt_disableupdate":"","_lmt_disable":"","_jetpack_memberships_contains_paid_content":false,"footnotes":"","jetpack_publicize_message":"","jetpack_publicize_feature_enabled":true,"jetpack_social_post_already_shared":true,"jetpack_social_options":{"image_generator_settings":{"template":"highway","default_image_id":0,"font":"","enabled":false},"version":2}},"categories":[19,30,118],"tags":[],"class_list":["post-12436","post","type-post","status-publish","format-standard","has-post-thumbnail","hentry","category-aujourdhui-mali","category-economie","category-telecom"],"jetpack_publicize_connections":[],"featured_image_urls":{"full":"","thumbnail":"","medium":"","medium_large":"","large":"","1536x1536":"","2048x2048":"","penci-recipe-1200x1200":"","penci-recipe-1200x900":"","penci-recipe-1200x675":"","penci-single-full":"","penci-slider-full-thumb":"","penci-full-thumb":"","penci-slider-thumb":"","penci-magazine-slider":"","penci-thumb":"","penci-masonry-thumb":"","penci-thumb-square":"","penci-thumb-vertical":"","penci-thumb-small":""},"author_info":{"display_name":"Nandi","author_link":"https:\/\/nandi.info\/?author=1"},"category_info":"<a href=\"https:\/\/nandi.info\/?cat=19\" rel=\"category\">Aujourd\u2019hui Mali<\/a> <a href=\"https:\/\/nandi.info\/?cat=30\" rel=\"category\">Economie<\/a> <a href=\"https:\/\/nandi.info\/?cat=118\" rel=\"category\">T\u00e9l\u00e9com<\/a>","tag_info":"T\u00e9l\u00e9com","comment_count":"0","jetpack_featured_media_url":"","jetpack_sharing_enabled":true,"_links":{"self":[{"href":"https:\/\/nandi.info\/index.php?rest_route=\/wp\/v2\/posts\/12436","targetHints":{"allow":["GET"]}}],"collection":[{"href":"https:\/\/nandi.info\/index.php?rest_route=\/wp\/v2\/posts"}],"about":[{"href":"https:\/\/nandi.info\/index.php?rest_route=\/wp\/v2\/types\/post"}],"author":[{"embeddable":true,"href":"https:\/\/nandi.info\/index.php?rest_route=\/wp\/v2\/users\/1"}],"replies":[{"embeddable":true,"href":"https:\/\/nandi.info\/index.php?rest_route=%2Fwp%2Fv2%2Fcomments&post=12436"}],"version-history":[{"count":0,"href":"https:\/\/nandi.info\/index.php?rest_route=\/wp\/v2\/posts\/12436\/revisions"}],"wp:featuredmedia":[{"embeddable":true,"href":"https:\/\/nandi.info\/index.php?rest_route=\/"}],"wp:attachment":[{"href":"https:\/\/nandi.info\/index.php?rest_route=%2Fwp%2Fv2%2Fmedia&parent=12436"}],"wp:term":[{"taxonomy":"category","embeddable":true,"href":"https:\/\/nandi.info\/index.php?rest_route=%2Fwp%2Fv2%2Fcategories&post=12436"},{"taxonomy":"post_tag","embeddable":true,"href":"https:\/\/nandi.info\/index.php?rest_route=%2Fwp%2Fv2%2Ftags&post=12436"}],"curies":[{"name":"wp","href":"https:\/\/api.w.org\/{rel}","templated":true}]}}