{"id":12418,"date":"2023-03-17T12:32:18","date_gmt":"2023-03-17T11:32:18","guid":{"rendered":"https:\/\/nandi.info\/?p=12418"},"modified":"2023-03-17T12:32:18","modified_gmt":"2023-03-17T11:32:18","slug":"projet-de-nouvelle-constitution-le-document-valide-sera-presente-aux-forces-vives-de-la-nation-par-le-col-assimi-goita-ce-lundi","status":"publish","type":"post","link":"https:\/\/nandi.info\/?p=12418","title":{"rendered":"Projet de nouvelle constitution : le document valid\u00e9 sera pr\u00e9sent\u00e9 aux Forces vives de la Nation par le Col. Assimi Go\u00efta ce lundi"},"content":{"rendered":"\n<p><strong>Le Pr\u00e9sident de la transition, le colonel Assimi Go\u00efta a valid\u00e9, cette semaine, le projet de nouvelle constitution qui lui a \u00e9t\u00e9 remis, le lundi 27 f\u00e9vrier dernier, par la commission de finalisation. Le chef de l\u2019Etat, visiblement r\u00e9solu pour l\u2019aboutissement des r\u00e9formes enclench\u00e9es opte, sans d\u00e9tour, pour la pr\u00e9sentation dudit projet aux Forces vives de la Nation, ce lundi 20 mars 2023.<\/strong><\/p>\n\n\n\n<p class=\"has-drop-cap\">Comme il fallait s\u2019y attendre, l\u2019actuel homme fort de Koulouba (palais pr\u00e9sidentiel du Mali) a ent\u00e9rin\u00e9 les travaux des membres de la commission charg\u00e9e de finalisation du projet de constitution. Au-del\u00e0 de cette validation, le jeune militaire pr\u00e9sident semble \u00eatre pr\u00eat \u00e0 se battre urbi et ordi, pour l\u2019atteinte des objectifs assign\u00e9s \u00e0 la transition. Au nombre de plus de 70 participants, les membres de la commission de finalisation de ce projet constitutionnel avaient travaill\u00e9, quinze (15) jours durant en mois de f\u00e9vrier dernier, pour pouvoir adapter la teneur du document aux r\u00e9alit\u00e9s sociopolitiques et \u00e9conomiques du pays. Un travail qui va finalement \u00eatre appr\u00e9ci\u00e9 par les plus hautes autorit\u00e9s du pays. Dans un communiqu\u00e9 publi\u00e9 le 15 mars, le gouvernement de la transition annonce la validation du document par le colonel Assimi Go\u00efta. Une information homologu\u00e9e au moment o\u00f9 des voies se l\u00e8vent, doit-on le rappeler, pour demander la prise en compte de certains aspects dans le projet de constitution.&nbsp;\u00ab&nbsp;A la suite de la remise du projet de constitution par la commission de finalisation, le Gouvernement de transition informe que le pr\u00e9sident de la transition, Chef de l\u2019Etat, le colonel Assimi Go\u00efta a valid\u00e9 le projet de constitution qui lui a \u00e9t\u00e9 solennellement remis par la commission charg\u00e9e de finalisation, le 27 f\u00e9vrier 2023&nbsp;\u00bb. Le pr\u00e9sident de la transition f\u00e9licite les membres de la commission de r\u00e9daction de l\u2019avant-projet de constitution et ceux de la commission qui \u00e9tait charg\u00e9e de finaliser ledit projet. Pour ce qui est la diffusion du document, le militaire pr\u00e9sident semble \u00e9galement pr\u00eat \u00e0 se battre jusqu\u2019au bout.&nbsp;Dans le cadre de la vulgarisation du projet de constitution, le Pr\u00e9sident de la transition, le colonel Assimi Go\u00efta est d\u00e9termin\u00e9 \u00e0 \u0153uvrer pour les aspirations profondes du peuple malien. C\u2019est pourquoi, souligne-t-on, \u00ab&nbsp;Assimi Go\u00efta a d\u00e9cid\u00e9 de pr\u00e9senter le projet de constitution aux Forces vives de la Nation, le 20 mars 2023&nbsp;\u00bb. Le pr\u00e9sident de la transition a \u00e9galement instruit aux membres du Gouvernement \u00ab&nbsp;de s\u2019approprier le projet de constitution&nbsp;\u00bb, voire \u00ab&nbsp;de prendre toutes les dispositions idoines en vue de proc\u00e9der \u00e0 sa vulgarisation aupr\u00e8s de nos braves populations&nbsp;\u00bb, lit-on dans le communiqu\u00e9. Cette position tranchante des plus hautes autorit\u00e9s du pays coupe court \u00e0 toutes les discussions. Au sujet de ce projet constitutionnel, il sied de rappeler que la ligue malienne des imams et \u00e9rudits pour la solidarit\u00e9 islamique du Mali (Limama) a d\u00e9j\u00e0 fait part de son opposition sur toute validation, sous la forme actuelle, de ce document constitutionnel. M\u00eame si Ousmane Ch\u00e9rif Madani Ha\u00efdara, pr\u00e9sident du Haut conseil islamique du Mali et son staff ont d\u00e9j\u00e0 approuv\u00e9 la d\u00e9marche des autorit\u00e9s, cette association (Limama) musulmane invite la transition \u00e0 carr\u00e9ment enlever la \u00ab&nbsp;la\u00efcit\u00e9&nbsp;\u00bb dans la nouvelle constitution. Elle sollicite, de fa\u00e7on explicite, \u00e0 ce que l\u2019expression selon laquelle \u00ab&nbsp;le Mali est un Etat la\u00efc&nbsp;\u00bb soit remplac\u00e9e par \u00ab&nbsp;l\u2019Etat multiconfessionnel&nbsp;\u00bb. Vu le silence des autorit\u00e9s, le mouvement a d\u2019ailleurs d\u00e9cid\u00e9 d\u2019appeler ses partisans \u00e0 \u00ab&nbsp;voter contre ce projet de constitution, lors du r\u00e9f\u00e9rendum&nbsp;\u00bb \u00e0 venir. Quant aux nouveaux opposants politiques, ils estiment d\u2019ailleurs que la transition n\u2019a pas pour vocation de changer ou r\u00e9viser la constitution du Mali. Les mouvements et associations, r\u00e9unis au sein de la Coordination des organisations de l\u2019appel du 20 f\u00e9vrier 2023 pour sauver le Mali reste \u00e9galement oppos\u00e9 \u00e0 toute validation ou adoption de ce projet constitutionnel. M\u00eame si la transition reste r\u00e9solument engag\u00e9e pour gagner ce pari, ces postures opposantes ne vont-elles pas rendre sa t\u00e2che difficile&nbsp;?<\/p>\n\n\n\n<p><strong>Mamadou Diarra<\/strong><\/p>\n","protected":false},"excerpt":{"rendered":"<p>Le Pr\u00e9sident de la transition, le colonel Assimi Go\u00efta a valid\u00e9, cette semaine, le projet de nouvelle constitution qui lui a \u00e9t\u00e9 remis, le lundi 27 f\u00e9vrier dernier, par la&hellip;<\/p>\n","protected":false},"author":1,"featured_media":8069,"comment_status":"open","ping_status":"closed","sticky":false,"template":"","format":"standard","meta":{"content-type":"","_lmt_disableupdate":"","_lmt_disable":"","_jetpack_memberships_contains_paid_content":false,"footnotes":"","jetpack_publicize_message":"","jetpack_publicize_feature_enabled":true,"jetpack_social_post_already_shared":true,"jetpack_social_options":{"image_generator_settings":{"template":"highway","default_image_id":0,"font":"","enabled":false},"version":2}},"categories":[71,21],"tags":[],"class_list":["post-12418","post","type-post","status-publish","format-standard","has-post-thumbnail","hentry","category-le-pays","category-societe"],"jetpack_publicize_connections":[],"featured_image_urls":{"full":"","thumbnail":"","medium":"","medium_large":"","large":"","1536x1536":"","2048x2048":"","penci-recipe-1200x1200":"","penci-recipe-1200x900":"","penci-recipe-1200x675":"","penci-single-full":"","penci-slider-full-thumb":"","penci-full-thumb":"","penci-slider-thumb":"","penci-magazine-slider":"","penci-thumb":"","penci-masonry-thumb":"","penci-thumb-square":"","penci-thumb-vertical":"","penci-thumb-small":""},"author_info":{"display_name":"Nandi","author_link":"https:\/\/nandi.info\/?author=1"},"category_info":"<a href=\"https:\/\/nandi.info\/?cat=71\" rel=\"category\">Le Pays<\/a> <a href=\"https:\/\/nandi.info\/?cat=21\" rel=\"category\">Soci\u00e9t\u00e9<\/a>","tag_info":"Soci\u00e9t\u00e9","comment_count":"0","jetpack_featured_media_url":"","jetpack_sharing_enabled":true,"_links":{"self":[{"href":"https:\/\/nandi.info\/index.php?rest_route=\/wp\/v2\/posts\/12418","targetHints":{"allow":["GET"]}}],"collection":[{"href":"https:\/\/nandi.info\/index.php?rest_route=\/wp\/v2\/posts"}],"about":[{"href":"https:\/\/nandi.info\/index.php?rest_route=\/wp\/v2\/types\/post"}],"author":[{"embeddable":true,"href":"https:\/\/nandi.info\/index.php?rest_route=\/wp\/v2\/users\/1"}],"replies":[{"embeddable":true,"href":"https:\/\/nandi.info\/index.php?rest_route=%2Fwp%2Fv2%2Fcomments&post=12418"}],"version-history":[{"count":0,"href":"https:\/\/nandi.info\/index.php?rest_route=\/wp\/v2\/posts\/12418\/revisions"}],"wp:featuredmedia":[{"embeddable":true,"href":"https:\/\/nandi.info\/index.php?rest_route=\/"}],"wp:attachment":[{"href":"https:\/\/nandi.info\/index.php?rest_route=%2Fwp%2Fv2%2Fmedia&parent=12418"}],"wp:term":[{"taxonomy":"category","embeddable":true,"href":"https:\/\/nandi.info\/index.php?rest_route=%2Fwp%2Fv2%2Fcategories&post=12418"},{"taxonomy":"post_tag","embeddable":true,"href":"https:\/\/nandi.info\/index.php?rest_route=%2Fwp%2Fv2%2Ftags&post=12418"}],"curies":[{"name":"wp","href":"https:\/\/api.w.org\/{rel}","templated":true}]}}