{"id":12413,"date":"2023-03-17T11:51:37","date_gmt":"2023-03-17T10:51:37","guid":{"rendered":"https:\/\/nandi.info\/?p=12413"},"modified":"2023-03-17T11:51:37","modified_gmt":"2023-03-17T10:51:37","slug":"equipements-militaires-sadio-brise-les-chaines-de-la-soumission","status":"publish","type":"post","link":"https:\/\/nandi.info\/?p=12413","title":{"rendered":"Equipements militaires : Sadio brise les cha\u00eenes de la soumission"},"content":{"rendered":"\n<p><strong>Au-del\u00e0 de la livraison des avions de chasse et des drones turcs le 16 mars 2023, un changement a \u00e9t\u00e9 fait sur le plan historique. Le ministre de la D\u00e9fense, le colonel Sadio Camara, a choisi de sortir le Mali de l\u2019emprise de certains Etats amis du Mali qui refusaient pourtant que l\u2019arm\u00e9e nationale soit \u00e9quip\u00e9e. L\u2019acquisition de certains \u00e9quipements militaires par les Forces arm\u00e9es maliennes (FAMA) n\u2019aurait pas \u00e9t\u00e9 possible si Sadio Camara n\u2019avait pas mis toute sa force dans la lutte pour la lib\u00e9ration, en brisant les cha\u00eenes qui liaient le Mali \u00e0 l\u2019ancienne puissance coloniale. Tout le monde sait que les pays qui avaient secouru le Mali depuis 2012 ne voulaient pas d\u2019une arm\u00e9e forte pour les Maliens.<\/strong><\/p>\n\n\n\n<p class=\"has-drop-cap\">C\u2019est d\u2019ailleurs, selon certaines indiscr\u00e9tions, \u00e0 cause de la volont\u00e9 de trouver de nouveaux partenaires que Sadio Camara avait \u00e9t\u00e9 \u00e9vinc\u00e9 par Bah Ndaw, l\u2019ancien pr\u00e9sident de la transition, et son Premier ministre Moctar Ouane. Paris avait fait beaucoup pour se rapprocher de Bah Ndaw qui a fait quelques d\u00e9placements dans le cercle ferm\u00e9 des d\u00e9cideurs des chefs d\u2019Etats d\u00e9fendant la ligne de conduite dict\u00e9e par l\u2019Elys\u00e9e. Le voyage de Bah Ndaw en France avait fini par se retourner contre son pouvoir, les jeunes officiers ayant fait le coup d\u2019Etat l\u2019ont balay\u00e9 comme pour dire que Paris ne g\u00e8re plus \u00e0 Bamako.<\/p>\n\n\n\n<p>D\u00e8s lors, les autorit\u00e9s fran\u00e7aises \u00e9taient dans tous leurs \u00e9tats, notamment Yves Ledrian, l\u2019ancien ministre des Affaires \u00e9trang\u00e8res de France. Son pr\u00e9sident Emmanuel Macron \u00e9tait \u00e9galement f\u00e2ch\u00e9 au point de commencer \u00e0 s\u2019attaquer aux nouvelles autorit\u00e9s maliennes. Sadio Camara \u00e9tait d\u00e9termin\u00e9 \u00e0 poursuivre le travail qu\u2019il avait commenc\u00e9 en douce avec les Russes avant l\u2019\u00e9viction de Bah Ndaw. Il a effectu\u00e9 plusieurs voyages dans la capitale russe pour nouer des contacts utiles avec les milieux militaires. Le ministre de la D\u00e9fense du Mali ne voulait plus se contenter de simples \u00e9changes.<\/p>\n\n\n\n<p>Le r\u00e9sultat de cette coop\u00e9ration avec la Russie est en train de donner des r\u00e9sultats que l\u2019on peut voir sur le terrain. La derni\u00e8re livraison d\u2019avions de chasse russes est celle du 116 Mars 2023. Les Albatros livr\u00e9s au Mali par la Russie pourraient atteindre des centaines dans les mois \u00e0 venir. D\u2019autres types d\u2019avions comme les h\u00e9licopt\u00e8res et d\u2019autres avions de chasse permettent aujourd\u2019hui au Mali d\u2019\u00eatre une arm\u00e9e bien \u00e9quip\u00e9e. Des armements de d\u00e9fense antia\u00e9rienne qui n\u2019avaient pas \u00e9t\u00e9 pr\u00e9sent\u00e9s au public font r\u00e9agir les anciens partenaires qui auraient d\u00fb apporter au Mali ce que d\u2019autres pays font actuellement.<\/p>\n\n\n\n<p>Les Maliens ont mal v\u00e9cu le blocage des avions achet\u00e9s par le Mali par les Am\u00e9ricains qui ont probablement agi en \u00e9coutant les Fran\u00e7ais. Deux CASA de l\u2019arm\u00e9e malienne ont ainsi \u00e9t\u00e9 bloqu\u00e9s \u00e0 l\u2019\u00e9tranger pendant que les terroristes br\u00fblaient champs et villages, les soldats maliens n\u2019ayant pas les moyens de transport a\u00e9rien. Comment ne pas citer aussi le refus am\u00e9ricain de donner la licence pour l\u2019utilisation des armes \u00e9quipant les avions Super Tucano que le Mali avait achet\u00e9 au Br\u00e9sil ? Quel pays ami ferait une telle abomination ?<\/p>\n\n\n\n<p>C\u2019est \u00e0 son corps d\u00e9fendant que le Mali est all\u00e9 voir d\u2019autres partenaires pour \u00e9quiper son arm\u00e9e d\u2019avion et de drones. La Turquie qui a \u00e9t\u00e9 l\u2019un des premiers pays \u00e0 contacter les colonels est en train de livrer des drones aux FAMA depuis quelques mois. La Chine aussi fait de son mieux dans le domaine de l\u2019\u00e9quipement et des renseignements. En somme, la m\u00e9chancet\u00e9 des pays occidentaux a humili\u00e9 les soldats maliens, mais cela leur a permis de se poser les bonnes questions au sujet de la souverainet\u00e9 du Mali.<\/p>\n\n\n\n<p><strong>Souma\u00efla Diarra<\/strong><\/p>\n\n\n\n<p><strong>Le Pays<\/strong><\/p>\n","protected":false},"excerpt":{"rendered":"<p>Au-del\u00e0 de la livraison des avions de chasse et des drones turcs le 16 mars 2023, un changement a \u00e9t\u00e9 fait sur le plan historique. Le ministre de la D\u00e9fense,&hellip;<\/p>\n","protected":false},"author":1,"featured_media":12414,"comment_status":"open","ping_status":"closed","sticky":false,"template":"","format":"standard","meta":{"content-type":"","_lmt_disableupdate":"","_lmt_disable":"","_jetpack_memberships_contains_paid_content":false,"footnotes":"","jetpack_publicize_message":"","jetpack_publicize_feature_enabled":true,"jetpack_social_post_already_shared":true,"jetpack_social_options":{"image_generator_settings":{"template":"highway","default_image_id":0,"font":"","enabled":false},"version":2}},"categories":[65,71,21],"tags":[],"class_list":["post-12413","post","type-post","status-publish","format-standard","has-post-thumbnail","hentry","category-armee","category-le-pays","category-societe"],"jetpack_publicize_connections":[],"featured_image_urls":{"full":"","thumbnail":"","medium":"","medium_large":"","large":"","1536x1536":"","2048x2048":"","penci-recipe-1200x1200":"","penci-recipe-1200x900":"","penci-recipe-1200x675":"","penci-single-full":"","penci-slider-full-thumb":"","penci-full-thumb":"","penci-slider-thumb":"","penci-magazine-slider":"","penci-thumb":"","penci-masonry-thumb":"","penci-thumb-square":"","penci-thumb-vertical":"","penci-thumb-small":""},"author_info":{"display_name":"Nandi","author_link":"https:\/\/nandi.info\/?author=1"},"category_info":"<a href=\"https:\/\/nandi.info\/?cat=65\" rel=\"category\">Arm\u00e9e<\/a> <a href=\"https:\/\/nandi.info\/?cat=71\" rel=\"category\">Le Pays<\/a> <a href=\"https:\/\/nandi.info\/?cat=21\" rel=\"category\">Soci\u00e9t\u00e9<\/a>","tag_info":"Soci\u00e9t\u00e9","comment_count":"0","jetpack_featured_media_url":"","jetpack_sharing_enabled":true,"_links":{"self":[{"href":"https:\/\/nandi.info\/index.php?rest_route=\/wp\/v2\/posts\/12413","targetHints":{"allow":["GET"]}}],"collection":[{"href":"https:\/\/nandi.info\/index.php?rest_route=\/wp\/v2\/posts"}],"about":[{"href":"https:\/\/nandi.info\/index.php?rest_route=\/wp\/v2\/types\/post"}],"author":[{"embeddable":true,"href":"https:\/\/nandi.info\/index.php?rest_route=\/wp\/v2\/users\/1"}],"replies":[{"embeddable":true,"href":"https:\/\/nandi.info\/index.php?rest_route=%2Fwp%2Fv2%2Fcomments&post=12413"}],"version-history":[{"count":0,"href":"https:\/\/nandi.info\/index.php?rest_route=\/wp\/v2\/posts\/12413\/revisions"}],"wp:featuredmedia":[{"embeddable":true,"href":"https:\/\/nandi.info\/index.php?rest_route=\/"}],"wp:attachment":[{"href":"https:\/\/nandi.info\/index.php?rest_route=%2Fwp%2Fv2%2Fmedia&parent=12413"}],"wp:term":[{"taxonomy":"category","embeddable":true,"href":"https:\/\/nandi.info\/index.php?rest_route=%2Fwp%2Fv2%2Fcategories&post=12413"},{"taxonomy":"post_tag","embeddable":true,"href":"https:\/\/nandi.info\/index.php?rest_route=%2Fwp%2Fv2%2Ftags&post=12413"}],"curies":[{"name":"wp","href":"https:\/\/api.w.org\/{rel}","templated":true}]}}