{"id":12203,"date":"2023-03-07T12:00:06","date_gmt":"2023-03-07T11:00:06","guid":{"rendered":"https:\/\/nandi.info\/?p=12203"},"modified":"2023-03-07T12:00:06","modified_gmt":"2023-03-07T11:00:06","slug":"operation-fama-du-mois-de-fevrier-la-dirpa-fait-le-bilan","status":"publish","type":"post","link":"https:\/\/nandi.info\/?p=12203","title":{"rendered":"Op\u00e9ration FAMa du mois de f\u00e9vrier : La DIRPA fait le bilan"},"content":{"rendered":"\n<p class=\"has-drop-cap\">Conform\u00e9ment \u00e0 sa tradition, la Direction de l\u2019Information et des Relations Publiques des Arm\u00e9es (DIRPA) a anim\u00e9 une conf\u00e9rence de presse, hier lundi 6 mars 2023, pour faire l\u2019\u00e9tat des op\u00e9rations militaires sur le terrain. Le bilan total de ses op\u00e9rations courant le mois de f\u00e9vrier fait \u00e9tat de 153 terroristes neutralis\u00e9s, 79 interpel\u00e9s, 02 PKM, 74 PM, 02 LRAC, 20 fusils de chasse r\u00e9cup\u00e9r\u00e9s, 15 bases, 15 EEI, 07 v\u00e9hicules et 46 motos d\u00e9truits. Une occasion mise \u00e0 profit par Directeur de la DIRPA, le Col. Souleymane Demb\u00e9l\u00e9, pour r\u00e9affirmer l\u2019attachement de l\u2019arm\u00e9e malienne \u00e0 respecter l\u2019accord pour la paix et la r\u00e9conciliation issu du processus d\u2019Alger ainsi que les principes des droits de l\u2019homme et du droit international humanitaire.<\/p>\n\n\n\n<p>Les Forces Arm\u00e9es Maliennes (FAMa) maintiennent leur dynamique offensive de recherche et de destruction des groupes arm\u00e9s terroristes et leurs sanctuaires partout sur le territoire national. D\u2019ailleurs le mois de f\u00e9vrier \u00e9coul\u00e9 a \u00e9t\u00e9 un peu plus mouvement\u00e9 en termes d\u2019op\u00e9rations par rapport aux mois pr\u00e9c\u00e8dent. Selon la Dirpa l\u2019arm\u00e9e malienne a effectu\u00e9 au total quatre-vingt-quatre (84) missions offensives pendant le mois de f\u00e9vrier, soit respectivement 23 op\u00e9rations a\u00e9roport\u00e9es, 36 misions de reconnaissances offensives, 16 missions de frappes a\u00e9riennes, 06 missions de frappes de drone et 03 op\u00e9rations de frappes d\u2019artillerie.<\/p>\n\n\n\n<p>Le bilan total de ses op\u00e9rations courant le mois de f\u00e9vrier fait \u00e9tat de 153 terroristes neutralis\u00e9s, 79 interpel\u00e9s, 02 PKM, 74 PM, 02 LRAC, 20 fusils de chasse r\u00e9cup\u00e9r\u00e9s, 15 bases, 15 EEI, 07 v\u00e9hicules et 46 motos d\u00e9truits.<\/p>\n\n\n\n<p>A cause de cette forte pression au nord et centre du pays, les Groupes Arm\u00e9s Terroristes (GAT), en perte de vitesse et dans leur tentative de marquer malgr\u00e9 tout leur pr\u00e9sence s\u2019attaquent d\u00e9sormais aux cibles moles de l\u2019arm\u00e9es, \u00e0 des populations civiles innocentes et \u00e0 leurs biens dans des zones sud du pays. C\u2019est ce qui explique selon la direction de l\u2019Information et des Relations Publiques des Arm\u00e9es (Dirpa) la hausse d\u2019attaques isol\u00e9es contre des villages et des postes de contr\u00f4le de l\u2019arm\u00e9e durant le mois de f\u00e9vrier pass\u00e9.<\/p>\n\n\n\n<p>Ainsi, les FAMa ont subi six (06) incidents EEI ; seize(16) attaques directes; une (01) attaque complexe qui ont caus\u00e9 la mort \u00e0 07 morts et 24 autres soldats bless\u00e9s. Malgr\u00e9 ces initiatives de dissuasion, le col. Souleymane Demb\u00e9l\u00e9 invite \u00e0 ne pas se d\u00e9tourner de la mission de recherche et de destruction des terroristes jusque dans leurs derniers retranchements partout sur le territoire national.<\/p>\n\n\n\n<p>Au-del\u00e0 des op\u00e9rations militaires, cette conf\u00e9rence de presse a \u00e9t\u00e9 \u00e9galement l\u2019occasion pour la hi\u00e9rarchie militaire de r\u00e9pondre \u00e0 certaines fausses all\u00e9gations qui visent \u00e0 enfoncer encore plus le Mali dans la boue. Il s\u2019agit notamment de la fameuse question des droits de l\u2019homme et l\u2019interpr\u00e9tation faite de la course actuelle du Mali vers l\u2019armement. Sur le premier point, le colonel Souleymane Demb\u00e9l\u00e9 a rappel\u00e9 que l\u2019arm\u00e9e malienne est et a toujours \u00e9t\u00e9 une arm\u00e9e R\u00e9publicaine et professionnelle qui ne peut gu\u00e8re se tourner contre sa propre population. Pour lui, les accusations d\u2019exactions contre l\u2019arm\u00e9e sont all\u00e9gations qui visent uniquement \u00e0 mettre en cause la dynamique actuelle entreprise par les plus hautes autorit\u00e9s de la transition \u00e0 diversifier leur coop\u00e9ration dans le domaine de la d\u00e9fense et de la s\u00e9curit\u00e9.<\/p>\n\n\n\n<p>De m\u00eame, souligne-t-il que l\u2019\u00e9quipement de l\u2019arm\u00e9e malienne qui ne vise qu\u2019\u00e0 faire face au terrorisme est d\u00e9tourn\u00e9 de son contexte sur les r\u00e9seaux sociaux et dans certains m\u00e9dias par des ennemis de la paix et d\u2019autres forces obscurantistes. L\u2019achat armement par le Mali a uniquement pour but de faire face \u00e0 la menace terroriste contrairement \u00e0 la volont\u00e9 de reconqu\u00eate de la r\u00e9gion de Kidal v\u00e9hicul\u00e9e par des ennemis de la paix et d\u2019autres forces obscurantistes.<\/p>\n\n\n\n<p>Une occasion pour lui, de r\u00e9affirmer l\u2019engagement des Forces Arm\u00e9es Maliennes derri\u00e8re la volont\u00e9 affich\u00e9e des plus hautes autorit\u00e9s de la transition dans le cadre du respecter l\u2019accord de paix et de la r\u00e9conciliation nationale issu du processus d\u2019Alger.<\/p>\n\n\n\n<p><strong>Issa Djiguiba<\/strong><\/p>\n\n\n\n<p><strong>Le Pays<\/strong><\/p>\n","protected":false},"excerpt":{"rendered":"<p>Conform\u00e9ment \u00e0 sa tradition, la Direction de l\u2019Information et des Relations Publiques des Arm\u00e9es (DIRPA) a anim\u00e9 une conf\u00e9rence de presse, hier lundi 6 mars 2023, pour faire l\u2019\u00e9tat des&hellip;<\/p>\n","protected":false},"author":1,"featured_media":10445,"comment_status":"open","ping_status":"closed","sticky":false,"template":"","format":"standard","meta":{"content-type":"","_lmt_disableupdate":"","_lmt_disable":"","_jetpack_memberships_contains_paid_content":false,"footnotes":"","jetpack_publicize_message":"","jetpack_publicize_feature_enabled":true,"jetpack_social_post_already_shared":true,"jetpack_social_options":{"image_generator_settings":{"template":"highway","default_image_id":0,"font":"","enabled":false},"version":2}},"categories":[65,71,92,21],"tags":[],"class_list":["post-12203","post","type-post","status-publish","format-standard","has-post-thumbnail","hentry","category-armee","category-le-pays","category-slider","category-societe"],"jetpack_publicize_connections":[],"featured_image_urls":{"full":"","thumbnail":"","medium":"","medium_large":"","large":"","1536x1536":"","2048x2048":"","penci-recipe-1200x1200":"","penci-recipe-1200x900":"","penci-recipe-1200x675":"","penci-single-full":"","penci-slider-full-thumb":"","penci-full-thumb":"","penci-slider-thumb":"","penci-magazine-slider":"","penci-thumb":"","penci-masonry-thumb":"","penci-thumb-square":"","penci-thumb-vertical":"","penci-thumb-small":""},"author_info":{"display_name":"Nandi","author_link":"https:\/\/nandi.info\/?author=1"},"category_info":"<a href=\"https:\/\/nandi.info\/?cat=65\" rel=\"category\">Arm\u00e9e<\/a> <a href=\"https:\/\/nandi.info\/?cat=71\" rel=\"category\">Le Pays<\/a> <a href=\"https:\/\/nandi.info\/?cat=92\" rel=\"category\">Slider<\/a> <a href=\"https:\/\/nandi.info\/?cat=21\" rel=\"category\">Soci\u00e9t\u00e9<\/a>","tag_info":"Soci\u00e9t\u00e9","comment_count":"0","jetpack_featured_media_url":"","jetpack_sharing_enabled":true,"_links":{"self":[{"href":"https:\/\/nandi.info\/index.php?rest_route=\/wp\/v2\/posts\/12203","targetHints":{"allow":["GET"]}}],"collection":[{"href":"https:\/\/nandi.info\/index.php?rest_route=\/wp\/v2\/posts"}],"about":[{"href":"https:\/\/nandi.info\/index.php?rest_route=\/wp\/v2\/types\/post"}],"author":[{"embeddable":true,"href":"https:\/\/nandi.info\/index.php?rest_route=\/wp\/v2\/users\/1"}],"replies":[{"embeddable":true,"href":"https:\/\/nandi.info\/index.php?rest_route=%2Fwp%2Fv2%2Fcomments&post=12203"}],"version-history":[{"count":0,"href":"https:\/\/nandi.info\/index.php?rest_route=\/wp\/v2\/posts\/12203\/revisions"}],"wp:featuredmedia":[{"embeddable":true,"href":"https:\/\/nandi.info\/index.php?rest_route=\/"}],"wp:attachment":[{"href":"https:\/\/nandi.info\/index.php?rest_route=%2Fwp%2Fv2%2Fmedia&parent=12203"}],"wp:term":[{"taxonomy":"category","embeddable":true,"href":"https:\/\/nandi.info\/index.php?rest_route=%2Fwp%2Fv2%2Fcategories&post=12203"},{"taxonomy":"post_tag","embeddable":true,"href":"https:\/\/nandi.info\/index.php?rest_route=%2Fwp%2Fv2%2Ftags&post=12203"}],"curies":[{"name":"wp","href":"https:\/\/api.w.org\/{rel}","templated":true}]}}