{"id":12193,"date":"2023-03-06T12:46:08","date_gmt":"2023-03-06T11:46:08","guid":{"rendered":"https:\/\/nandi.info\/?p=12193"},"modified":"2023-03-06T12:46:08","modified_gmt":"2023-03-06T11:46:08","slug":"participation-malienne-au-fespaco-2023-janjo-pour-fousseyni-maiga-dg-du-cncm","status":"publish","type":"post","link":"https:\/\/nandi.info\/?p=12193","title":{"rendered":"Participation malienne au FESPACO 2023 : Janjo pour Fousseyni Maiga, DG du CNCM"},"content":{"rendered":"\n<p><strong><em>Au regard des difficult\u00e9s exceptionnelles notamment financi\u00e8res dans lesquelles se trouvent le Mali et le Burkina Faso, \u00e0 cause de la guerre \u00e0 eux impos\u00e9e, Fousseny Maiga, Directeur g\u00e9n\u00e9ral du CNCM, a pratiquement sorti le grand jeu, pour assurer \u00e0 notre pays une participation honorable. N\u2019oublions que le Mali \u00e9tait pays invit\u00e9 d\u2019honneur de la 28<sup>\u00e8me<\/sup>&nbsp;\u00e9dition du FESPACO.<\/em><\/strong><\/p>\n\n\n\n<p class=\"has-drop-cap\">Ce n\u2019est pas dans nos habitudes. Mais, ici nous avons l\u2019obligation de dire \u00ab&nbsp;MERCI DG&nbsp;\u00bb. Il y a eu des Directeurs g\u00e9n\u00e9raux au CNCM tr\u00e8s comp\u00e9tents avant lui. Mais, il n\u2019y a pas eu de Directeur g\u00e9n\u00e9ral au CNCM qui s\u2019est aussi engag\u00e9 comme il l\u2019a fait, pour que le Mali, en sa qualit\u00e9 de pays invit\u00e9 d\u2019honneur au FESPACO, puisse avoir une participation honorable. Et, pour \u00e7a, nous devons \u00eatre fiers de notre jeune confr\u00e8re.<\/p>\n\n\n\n<p>Ne serait-ce que pour la r\u00e9alisation de la statue du c\u00e9l\u00e8bre r\u00e9alisateur malien Cheick Oumar Sissoko \u00e0 Ougadougou, Fousseny Ma\u00efga m\u00e9rite qu\u2019on lui dise \u00ab&nbsp;Merci DG&nbsp;\u00bb. Imaginez-vous toutes les frustrations accumul\u00e9es par les diff\u00e9rentes d\u00e9l\u00e9gations maliennes qui se sont succ\u00e9d\u00e9es aux diff\u00e9rentes \u00e9ditions du FESPACO, depuis 1995, lorsqu\u2019elles participaient au d\u00e9voilement des statues des r\u00e9alisateurs d\u2019autres pays africains qui ont bien eu leur \u00e9talon du Yennega, des ann\u00e9es apr\u00e8s Cheick Oumar Sissoko.<\/p>\n\n\n\n<p>Avant Fousseny Ma\u00efga, un digne fils du Mali, qui a servi au plus sommet l\u2019UEMOA, avait lav\u00e9 la grande humiliation que nous subissions par l\u2019absence de Souleymane Ciss\u00e9, d\u00e9tenteur de double \u00e9talon du Yennega, jusqu\u2019\u00e0 une \u00e9poque r\u00e9cente, ne figurait pas dans la rue des cin\u00e9astes. Feu Souma\u00efla Ciss\u00e9, \u00e0 l\u2019\u00e9poque boss de l\u2019UEMOA, a d\u00e9cid\u00e9 d\u2019y implanter la statue de Souleymane Ciss\u00e9. Et, depuis, il fallait se battre pour y faire figurer la statue de Cheick Oumar Sissoko, une autre ic\u00f4ne du cin\u00e9ma malien. Et, oui, la volont\u00e9 \u00e9tait manifeste. Mais les moyens rares pour la r\u00e9alisation.<\/p>\n\n\n\n<p>La volont\u00e9 \u00e9tait manifeste chez tous les directeurs qui se sont succ\u00e9d\u00e9s \u00e0 la t\u00eate du CNCM, de laver cet affront, et de tirer une longue \u00e9pine des pieds du Mali. Mais, nous disons \u00ab&nbsp;MERCI DG&nbsp;\u00bb \u00e0 Fousseny Ma\u00efga, parce qu\u2019il a eu l\u2019intelligence de mobiliser toutes les synergies positives en faveur de la r\u00e9alisation de ce monument. Sans que les 25 millions n\u00e9cessaires pour la r\u00e9alisation de cette \u0153uvre monumentale en bronze ne viennent du tr\u00e9sor public malien, le g\u00e9nie de Fousseny Ma\u00efga est parvenu \u00e0 faire inscrire le nom du CNCM, donc le Minist\u00e8re en charge de la Culture, comme structure malienne porteuse de cette r\u00e9alisation attendu depuis 1995.<\/p>\n\n\n\n<p>\u00ab&nbsp;Merci DG&nbsp;\u00bb, pour cette volont\u00e9 affich\u00e9e de vouloir relever le niveau d\u2019h\u00e9bergement de la d\u00e9l\u00e9gation malienne. Il avait voulu loger les maliens \u00e0 \u00ab&nbsp;Palm Beach Ouaga&nbsp;\u00bb. Il n\u2019a pas pu. Les moyens ont fait d\u00e9faut. Mais, ce qui a \u00e9t\u00e9 fait n\u2019avait jamais \u00e9t\u00e9 fait auparavant. Rares sont les membres de la d\u00e9l\u00e9gation malienne qui se sont plaints&nbsp; de leurs conditions d\u2019h\u00e9bergement \u00e0 Ouagadougou. Bangrin annexe, h\u00f4tel Iris et la R\u00e9sidence du voyageur r\u00e9nov\u00e9 (ancien h\u00f4tel des maliens au FESPACO), sont les trois h\u00f4tels qui ont \u00e9t\u00e9 mis \u00e0 contribution par le CNCM pour rendre le s\u00e9jour agr\u00e9able \u00e0 la d\u00e9l\u00e9gation malienne. Et, pour-\u00e7a, nous disons \u00ab&nbsp;MERCI au DG&nbsp;\u00bb. Oui, \u00ab&nbsp;MERCI DG&nbsp;\u00bb, parce que nous sommes loin et tr\u00e8s loin de l\u2019\u00e9poque, o\u00f9 des maliens venaient au FESPACO (et faute de moyens) pour dormir sur des nattes dans des conditions inimaginables (Je n\u2019ai pas v\u00e9cu cette \u00e9poque qui m\u2019a \u00e9t\u00e9 racont\u00e9 par des ain\u00e9s). Qui ont du reste chang\u00e9es depuis qu\u2019un certain Cheick Oumar Sissoko est pass\u00e9 par le d\u00e9partement de la culture. Plus de nattes et plus de classes d\u2019\u00e9cole comme chambre pour des acteurs culturels maliens, au Mali et \u00e0 l\u2019ext\u00e9rieur du Mali.<\/p>\n\n\n\n<p>\u00ab&nbsp;Merci DG&nbsp;\u00bb pour cette participation malienne, cette contribution malienne, \u00e0 la c\u00e9r\u00e9monie d\u2019ouverture du FESPACO. Il nous est revenu que des officiels burkinab\u00e9s et non des moindre, l\u2019ont appr\u00e9ci\u00e9. De m\u00e9moire de participants \u00e0 plusieurs \u00e9ditions du FESPACO, je n\u2019ai jamais vu un podium aussi beau, aussi impressionnant par sa dimension et par la technologie d\u00e9ploy\u00e9e. Ici, nous disons \u00ab&nbsp;Merci DG&nbsp;\u00bb, mais, toutes nos f\u00e9licitations \u00e0 notre compatriote ABOU GUITTEYE et \u00e0 sa bo\u00eete AFRICA SCENE. D\u00e9cid\u00e9ment, les maliens ont du talent quand ils s\u2019y mettent. Oui, \u00ab&nbsp;MERCI DG&nbsp;\u00bb, pour avoir satisfaire \u00e0 cette grande sollicitation de la jeunesse burkinab\u00e9 qui voulait voir \u00ab&nbsp;Notre Sidiki Diabat\u00e9&nbsp;\u00bb \u00e0 l\u2019ouverture du FESPACO. Par ton engagement, et pour le Mali, il y \u00e9tait l\u00e0 malgr\u00e9 tout ce que nous avons appris dans les coulisses.<\/p>\n\n\n\n<p>\u00ab&nbsp;MERCI DG&nbsp;\u00bb, pour ce repositionnement diplomatique du Mali au FESPACO. Malgr\u00e9 votre jeunesse, au sens propre comme au sens figur\u00e9 pour ce qui concerne votre pr\u00e9sence \u00e0 la t\u00eate du CNCM, vous \u00eates parvenu \u00e0 faire quelque chose d\u2019exceptionnelle. Le Mali occupait d\u00e9j\u00e0 une place tr\u00e8s importante au FESPACO, m\u00eame si depuis quelques ann\u00e9es nous n\u2019y sommes plus aur\u00e9ol\u00e9s de succ\u00e8s en termes d\u2019\u00e9talon. Mais, parvenir \u00e0 cr\u00e9er une symbiose entre maliens et burkinab\u00e9s \u00e0 des niveaux de responsabilit\u00e9s les plus \u00e9lev\u00e9s pour r\u00e9ussir notre participation, est g\u00e9nial. Et, cela m\u00e9rite d\u2019\u00eatre dit et salu\u00e9.<\/p>\n\n\n\n<p>\u00ab&nbsp;MERCI DG&nbsp;\u00bb, pour ce stand Mali au si\u00e8ge du FESPACO dans le cadre du MICA. Oui, le Mali est pr\u00e9sent \u00e0 Ougadougou. Le Mali a r\u00e9ussi sa participation au FESPACO. Et, comme tu me le disais&nbsp;: \u00ab&nbsp;par la gr\u00e2ce d\u2019Allah nous seront honor\u00e9s, le Mali sera honor\u00e9&nbsp;\u00bb. Et, oui, Dieu a entendu des pri\u00e8res. \u00ab&nbsp;Merci DG&nbsp;\u00bb, nous avons \u00e9t\u00e9 honor\u00e9s. Le Mali a \u00e9t\u00e9 honor\u00e9. Et \u00ab&nbsp;Merci DG&nbsp;\u00bb, pour tout. Je comprends, maintenant pourquoi, j\u2019ai failli ne pas te reconna\u00eetre \u00e0 l\u2019a\u00e9roport de Ouagadougou, lorsque tu es venu nous accueillir. Oui, tu avais fondu. Tu avais perdu quelques kilos. Mais, dieux merci notre honneur est sauv\u00e9. Et, cela en valait la peine. Mais, aujourd\u2019hui, en quittant Ouagadougou, je suis heureux de constater que tu as r\u00e9cup\u00e9r\u00e9. Et, en si peu de temps, ta belle et superbe forme est revenue pour les combats futurs&nbsp;: Faire d\u00e9crocher un \u00e9talon du Yennega par un cin\u00e9aste malien. Jeune fr\u00e8re, je suis fier de toi. Que tes chefs le reconnaissent, ou qu\u2019ils ne le reconnaissent pas, sache que nous sommes fiers de toi. Surtout n\u2019oublie pas et n\u2019oublie jamais qu\u2019il \u00ab&nbsp; y a quelqu\u2019un d\u2019autre que le Mari qui sait observer les faits et gestes de la femme mari\u00e9e&nbsp;\u00bb. Bonne chance. Il n\u2019y a aucun doute. Avec cet engagement pour l\u2019honneur et la dignit\u00e9 du Mali, l\u2019avenir nous sourira. Inchallah&nbsp;!<\/p>\n\n\n\n<p><strong>Assane Kon\u00e9<\/strong><\/p>\n","protected":false},"excerpt":{"rendered":"<p>Au regard des difficult\u00e9s exceptionnelles notamment financi\u00e8res dans lesquelles se trouvent le Mali et le Burkina Faso, \u00e0 cause de la guerre \u00e0 eux impos\u00e9e, Fousseny Maiga, Directeur g\u00e9n\u00e9ral du&hellip;<\/p>\n","protected":false},"author":1,"featured_media":12197,"comment_status":"open","ping_status":"closed","sticky":false,"template":"","format":"standard","meta":{"content-type":"","_lmt_disableupdate":"","_lmt_disable":"","_jetpack_memberships_contains_paid_content":false,"footnotes":"","jetpack_publicize_message":"","jetpack_publicize_feature_enabled":true,"jetpack_social_post_already_shared":true,"jetpack_social_options":{"image_generator_settings":{"template":"highway","default_image_id":0,"font":"","enabled":false},"version":2}},"categories":[61,32],"tags":[],"class_list":["post-12193","post","type-post","status-publish","format-standard","has-post-thumbnail","hentry","category-arc-en-ciel","category-musique-art-et-culture"],"jetpack_publicize_connections":[],"featured_image_urls":{"full":"","thumbnail":"","medium":"","medium_large":"","large":"","1536x1536":"","2048x2048":"","penci-recipe-1200x1200":"","penci-recipe-1200x900":"","penci-recipe-1200x675":"","penci-single-full":"","penci-slider-full-thumb":"","penci-full-thumb":"","penci-slider-thumb":"","penci-magazine-slider":"","penci-thumb":"","penci-masonry-thumb":"","penci-thumb-square":"","penci-thumb-vertical":"","penci-thumb-small":""},"author_info":{"display_name":"Nandi","author_link":"https:\/\/nandi.info\/?author=1"},"category_info":"<a href=\"https:\/\/nandi.info\/?cat=61\" rel=\"category\">Arc en Ciel<\/a> <a href=\"https:\/\/nandi.info\/?cat=32\" rel=\"category\">Musique Art et Culture<\/a>","tag_info":"Musique Art et Culture","comment_count":"0","jetpack_featured_media_url":"","jetpack_sharing_enabled":true,"_links":{"self":[{"href":"https:\/\/nandi.info\/index.php?rest_route=\/wp\/v2\/posts\/12193","targetHints":{"allow":["GET"]}}],"collection":[{"href":"https:\/\/nandi.info\/index.php?rest_route=\/wp\/v2\/posts"}],"about":[{"href":"https:\/\/nandi.info\/index.php?rest_route=\/wp\/v2\/types\/post"}],"author":[{"embeddable":true,"href":"https:\/\/nandi.info\/index.php?rest_route=\/wp\/v2\/users\/1"}],"replies":[{"embeddable":true,"href":"https:\/\/nandi.info\/index.php?rest_route=%2Fwp%2Fv2%2Fcomments&post=12193"}],"version-history":[{"count":0,"href":"https:\/\/nandi.info\/index.php?rest_route=\/wp\/v2\/posts\/12193\/revisions"}],"wp:featuredmedia":[{"embeddable":true,"href":"https:\/\/nandi.info\/index.php?rest_route=\/"}],"wp:attachment":[{"href":"https:\/\/nandi.info\/index.php?rest_route=%2Fwp%2Fv2%2Fmedia&parent=12193"}],"wp:term":[{"taxonomy":"category","embeddable":true,"href":"https:\/\/nandi.info\/index.php?rest_route=%2Fwp%2Fv2%2Fcategories&post=12193"},{"taxonomy":"post_tag","embeddable":true,"href":"https:\/\/nandi.info\/index.php?rest_route=%2Fwp%2Fv2%2Ftags&post=12193"}],"curies":[{"name":"wp","href":"https:\/\/api.w.org\/{rel}","templated":true}]}}