{"id":12192,"date":"2023-03-06T12:37:10","date_gmt":"2023-03-06T11:37:10","guid":{"rendered":"https:\/\/nandi.info\/?p=12192"},"modified":"2023-03-06T12:37:10","modified_gmt":"2023-03-06T11:37:10","slug":"le-president-du-faso-recoit-des-cineastes-en-marge-du-fespaco-ce-que-cheick-oumar-sissoko-a-dit-au-capitaine-ibrahim-traore","status":"publish","type":"post","link":"https:\/\/nandi.info\/?p=12192","title":{"rendered":"Le pr\u00e9sident du Faso re\u00e7oit des cin\u00e9astes en marge du fespaco : Ce que Cheick Oumar Sissoko a dit au capitaine Ibrahim Traor\u00e9"},"content":{"rendered":"\n<p><strong><em>Le pr\u00e9sident de la Fepaci, Cheick Oumar Sissoko, a f\u00e9licit\u00e9 le pr\u00e9sident du Faso, Capitaine Ibrahim Traor\u00e9, \u00ab&nbsp;un homme qui s\u2019est engag\u00e9 pour la souverainet\u00e9 du continent \u00e0 travers celle du Burkina Faso pour la renaissance africaine&nbsp;\u00bb.<\/em><\/strong><\/p>\n\n\n\n<p class=\"has-drop-cap\">Vendredi 3 mars 2023, le Pr\u00e9sident de la Transition, Chef de l\u2019Etat, le Capitaine Ibrahim TRAORE, a accord\u00e9 une audience \u00e0 une d\u00e9l\u00e9gation de cin\u00e9astes, pr\u00e9sents \u00e0 Ouagadougou, \u00e0 l\u2019occasion de la 28e \u00e9dition du Festival panafricain du Cin\u00e9ma et de la T\u00e9l\u00e9vision de Ouagadougou (FESPACO), conduite par le ministre en charge de la Culture, Rimtalba Emmanuel Ouedraogo.<\/p>\n\n\n\n<p>Le porte-parole de la d\u00e9l\u00e9gation, le r\u00e9alisateur malien Cheick Oumar Sissoko a confi\u00e9, \u00e0 la sortie d\u2019audience, selon la direction de la communication de la pr\u00e9sidence du Faso, retenir de l\u2019entretien avec le Chef de l\u2019Etat, \u00ab un homme qui s\u2019est engag\u00e9 pour la souverainet\u00e9 du continent \u00e0 travers celle du Burkina Faso pour la renaissance africaine \u00bb.<\/p>\n\n\n\n<p>Pour le cin\u00e9aste, c\u2019est un combat qui honore le Capitaine Ibrahim Traor\u00e9, mais surtout un combat des cin\u00e9astes qui utilisent l\u2019image pour le mener. \u00ab Les images qui sont pass\u00e9es ici au cours de cette \u00e9dition, beaucoup portent sur ces questions de souverainet\u00e9 du continent, de probl\u00e8mes \u00e9conomiques, sociaux, de d\u00e9veloppement \u00bb, a expliqu\u00e9 le r\u00e9alisateur malien.<\/p>\n\n\n\n<p><strong>Yaye A. Ciss\u00e9<\/strong><\/p>\n","protected":false},"excerpt":{"rendered":"<p>Le pr\u00e9sident de la Fepaci, Cheick Oumar Sissoko, a f\u00e9licit\u00e9 le pr\u00e9sident du Faso, Capitaine Ibrahim Traor\u00e9, \u00ab&nbsp;un homme qui s\u2019est engag\u00e9 pour la souverainet\u00e9 du continent \u00e0 travers celle&hellip;<\/p>\n","protected":false},"author":1,"featured_media":12194,"comment_status":"open","ping_status":"closed","sticky":false,"template":"","format":"standard","meta":{"content-type":"","_lmt_disableupdate":"","_lmt_disable":"","_jetpack_memberships_contains_paid_content":false,"footnotes":"","jetpack_publicize_message":"","jetpack_publicize_feature_enabled":true,"jetpack_social_post_already_shared":true,"jetpack_social_options":{"image_generator_settings":{"template":"highway","default_image_id":0,"font":"","enabled":false},"version":2}},"categories":[61,32],"tags":[],"class_list":["post-12192","post","type-post","status-publish","format-standard","has-post-thumbnail","hentry","category-arc-en-ciel","category-musique-art-et-culture"],"jetpack_publicize_connections":[],"featured_image_urls":{"full":"","thumbnail":"","medium":"","medium_large":"","large":"","1536x1536":"","2048x2048":"","penci-recipe-1200x1200":"","penci-recipe-1200x900":"","penci-recipe-1200x675":"","penci-single-full":"","penci-slider-full-thumb":"","penci-full-thumb":"","penci-slider-thumb":"","penci-magazine-slider":"","penci-thumb":"","penci-masonry-thumb":"","penci-thumb-square":"","penci-thumb-vertical":"","penci-thumb-small":""},"author_info":{"display_name":"Nandi","author_link":"https:\/\/nandi.info\/?author=1"},"category_info":"<a href=\"https:\/\/nandi.info\/?cat=61\" rel=\"category\">Arc en Ciel<\/a> <a href=\"https:\/\/nandi.info\/?cat=32\" rel=\"category\">Musique Art et Culture<\/a>","tag_info":"Musique Art et Culture","comment_count":"0","jetpack_featured_media_url":"","jetpack_sharing_enabled":true,"_links":{"self":[{"href":"https:\/\/nandi.info\/index.php?rest_route=\/wp\/v2\/posts\/12192","targetHints":{"allow":["GET"]}}],"collection":[{"href":"https:\/\/nandi.info\/index.php?rest_route=\/wp\/v2\/posts"}],"about":[{"href":"https:\/\/nandi.info\/index.php?rest_route=\/wp\/v2\/types\/post"}],"author":[{"embeddable":true,"href":"https:\/\/nandi.info\/index.php?rest_route=\/wp\/v2\/users\/1"}],"replies":[{"embeddable":true,"href":"https:\/\/nandi.info\/index.php?rest_route=%2Fwp%2Fv2%2Fcomments&post=12192"}],"version-history":[{"count":0,"href":"https:\/\/nandi.info\/index.php?rest_route=\/wp\/v2\/posts\/12192\/revisions"}],"wp:featuredmedia":[{"embeddable":true,"href":"https:\/\/nandi.info\/index.php?rest_route=\/"}],"wp:attachment":[{"href":"https:\/\/nandi.info\/index.php?rest_route=%2Fwp%2Fv2%2Fmedia&parent=12192"}],"wp:term":[{"taxonomy":"category","embeddable":true,"href":"https:\/\/nandi.info\/index.php?rest_route=%2Fwp%2Fv2%2Fcategories&post=12192"},{"taxonomy":"post_tag","embeddable":true,"href":"https:\/\/nandi.info\/index.php?rest_route=%2Fwp%2Fv2%2Ftags&post=12192"}],"curies":[{"name":"wp","href":"https:\/\/api.w.org\/{rel}","templated":true}]}}