{"id":12189,"date":"2023-03-06T12:30:42","date_gmt":"2023-03-06T11:30:42","guid":{"rendered":"https:\/\/nandi.info\/?p=12189"},"modified":"2023-03-06T12:30:42","modified_gmt":"2023-03-06T11:30:42","slug":"apres-les-propos-racistes-du-president-tunisien-des-dizaines-de-maliens-de-retour-au-bercail","status":"publish","type":"post","link":"https:\/\/nandi.info\/?p=12189","title":{"rendered":"Apr\u00e8s les propos racistes du pr\u00e9sident tunisien : Des dizaines de Maliens de retour au bercail !"},"content":{"rendered":"\n<p><strong><em>Un premier lot de 135 Maliens souhaitant fuir la Tunisie apr\u00e8s des agressions et des manifestations d\u2019hostilit\u00e9 visant des ressortissants d\u2019Afrique subsaharienne, sont arriv\u00e9s samedi dernier de la Tunisie.<\/em><\/strong><\/p>\n\n\n\n<p class=\"has-drop-cap\">L\u2019ambassade du Mali \u00e0 Tunis avait indiqu\u00e9 qu\u2019un avion pouvant transporter 135 personnes avait \u00e9t\u00e9 affr\u00e9t\u00e9 sur ordre du chef de l\u2019Etat, colonel Assimi Goita. Une source indique que le reste des 140 personnes seront rapatri\u00e9s dans les jours \u00e0 venir. En tout, ils sont 270 personnes maliennes \u00e0 s\u2019inscrire sur la liste pour revenir au pays.<\/p>\n\n\n\n<p>Il s\u2019agit des premiers vols de rapatriement en C\u00f4te d\u2019Ivoire et au Mali depuis le discours le 21 f\u00e9vrier 2023 du pr\u00e9sident tunisien Kais Sa\u00efed, qui avait annonc\u00e9 des \u00ab&nbsp;mesures urgentes&nbsp;\u00bb contre l\u2019immigration clandestine en provenance d\u2019Afrique subsaharienne.<\/p>\n\n\n\n<p>Dans ce discours qualifi\u00e9 de raciste&nbsp;par des ONG, le chef de l\u2019Etat Tunisien a affirm\u00e9 que la pr\u00e9sence des migrants subsahariens en Tunisie \u00e9tait source de&nbsp;<em>\u00ab&nbsp;violence, de crimes et d\u2019actes inacceptables&nbsp;\u00bb.<\/em><\/p>\n\n\n\n<p>Selon plusieurs t\u00e9moignages, la Tunisie est devenue une prison \u00e0 ciel ouvert aujourd\u2019hui, pour les migrants d\u2019Afrique subsaharienne. La question de la carte de s\u00e9jour bloque tout. Aujourd\u2019hui, il est impossible pour les travailleurs migrants d\u2019obtenir le s\u00e9same en Tunisie.<\/p>\n\n\n\n<p>Un grand nombre des 21.000 migrants originaires de pays d\u2019Afrique subsaharienne recens\u00e9s officiellement en Tunisie, pour la plupart en situation irr\u00e9guli\u00e8re, ont perdu du jour au lendemain leur travail (g\u00e9n\u00e9ralement informel) et leur logement. D\u2019autres ont \u00e9t\u00e9 arr\u00eat\u00e9s pour des contr\u00f4les policiers et certains ont t\u00e9moign\u00e9 d\u2019agressions physiques.<\/p>\n\n\n\n<p><strong>Djibril Diallo<\/strong><\/p>\n","protected":false},"excerpt":{"rendered":"<p>Un premier lot de 135 Maliens souhaitant fuir la Tunisie apr\u00e8s des agressions et des manifestations d\u2019hostilit\u00e9 visant des ressortissants d\u2019Afrique subsaharienne, sont arriv\u00e9s samedi dernier de la Tunisie. L\u2019ambassade&hellip;<\/p>\n","protected":false},"author":1,"featured_media":12190,"comment_status":"open","ping_status":"closed","sticky":false,"template":"","format":"standard","meta":{"content-type":"","_lmt_disableupdate":"","_lmt_disable":"","_jetpack_memberships_contains_paid_content":false,"footnotes":"","jetpack_publicize_message":"","jetpack_publicize_feature_enabled":true,"jetpack_social_post_already_shared":true,"jetpack_social_options":{"image_generator_settings":{"template":"highway","default_image_id":0,"font":"","enabled":false},"version":2}},"categories":[61,21],"tags":[],"class_list":["post-12189","post","type-post","status-publish","format-standard","has-post-thumbnail","hentry","category-arc-en-ciel","category-societe"],"jetpack_publicize_connections":[],"featured_image_urls":{"full":"","thumbnail":"","medium":"","medium_large":"","large":"","1536x1536":"","2048x2048":"","penci-recipe-1200x1200":"","penci-recipe-1200x900":"","penci-recipe-1200x675":"","penci-single-full":"","penci-slider-full-thumb":"","penci-full-thumb":"","penci-slider-thumb":"","penci-magazine-slider":"","penci-thumb":"","penci-masonry-thumb":"","penci-thumb-square":"","penci-thumb-vertical":"","penci-thumb-small":""},"author_info":{"display_name":"Nandi","author_link":"https:\/\/nandi.info\/?author=1"},"category_info":"<a href=\"https:\/\/nandi.info\/?cat=61\" rel=\"category\">Arc en Ciel<\/a> <a href=\"https:\/\/nandi.info\/?cat=21\" rel=\"category\">Soci\u00e9t\u00e9<\/a>","tag_info":"Soci\u00e9t\u00e9","comment_count":"0","jetpack_featured_media_url":"","jetpack_sharing_enabled":true,"_links":{"self":[{"href":"https:\/\/nandi.info\/index.php?rest_route=\/wp\/v2\/posts\/12189","targetHints":{"allow":["GET"]}}],"collection":[{"href":"https:\/\/nandi.info\/index.php?rest_route=\/wp\/v2\/posts"}],"about":[{"href":"https:\/\/nandi.info\/index.php?rest_route=\/wp\/v2\/types\/post"}],"author":[{"embeddable":true,"href":"https:\/\/nandi.info\/index.php?rest_route=\/wp\/v2\/users\/1"}],"replies":[{"embeddable":true,"href":"https:\/\/nandi.info\/index.php?rest_route=%2Fwp%2Fv2%2Fcomments&post=12189"}],"version-history":[{"count":0,"href":"https:\/\/nandi.info\/index.php?rest_route=\/wp\/v2\/posts\/12189\/revisions"}],"wp:featuredmedia":[{"embeddable":true,"href":"https:\/\/nandi.info\/index.php?rest_route=\/"}],"wp:attachment":[{"href":"https:\/\/nandi.info\/index.php?rest_route=%2Fwp%2Fv2%2Fmedia&parent=12189"}],"wp:term":[{"taxonomy":"category","embeddable":true,"href":"https:\/\/nandi.info\/index.php?rest_route=%2Fwp%2Fv2%2Fcategories&post=12189"},{"taxonomy":"post_tag","embeddable":true,"href":"https:\/\/nandi.info\/index.php?rest_route=%2Fwp%2Fv2%2Ftags&post=12189"}],"curies":[{"name":"wp","href":"https:\/\/api.w.org\/{rel}","templated":true}]}}