{"id":12187,"date":"2023-03-06T12:24:02","date_gmt":"2023-03-06T11:24:02","guid":{"rendered":"https:\/\/nandi.info\/?p=12187"},"modified":"2023-03-06T12:24:02","modified_gmt":"2023-03-06T11:24:02","slug":"vouee-aux-gemonies-par-lopinion-la-classe-politique-malienne-doit-faire-sa-mue","status":"publish","type":"post","link":"https:\/\/nandi.info\/?p=12187","title":{"rendered":"<strong>Vou\u00e9e aux g\u00e9monies par l\u2019opinion<\/strong><strong>&nbsp;: La classe politique malienne doit faire sa mue<\/strong>"},"content":{"rendered":"\n<p><strong><em>La Classe politique malienne est d\u00e9sormais tax\u00e9e de tous les noms d\u2019oiseaux de mauvais augure. Qualifi\u00e9e de corrompue et d\u2019incapable, par Emmanuel Macron, vilipend\u00e9e par l\u2019opinion publique, source de tous les maux et surtout&nbsp; de l\u2019effondrement du Mali selon&nbsp; la junte militaire et ses partisans, l\u2019heure a vraiment sonn\u00e9 pour la classe politique de faire sa mue afin de redorer son blason. Le temps de la clarification et du bilan s\u2019impose apr\u00e8s plus de 30 ans de d\u00e9mocratie. Elle est fortement interpell\u00e9e pour non seulement faire son introspection, mais aussi et surtout diagnostiquer les maux et d\u2019y apporter des solutions idoines. Est-elle capable de faire son mea culpa&nbsp;? L\u2019opinion n\u2019a-t-elle pas raison de prononcer une sentence, la plus critique au regard des bourdes et autres manquements aux principes de la bonne gouvernance qui avaient pignon sur rue sous l\u2019\u00e8re d\u00e9mocratique?<\/em><\/strong><\/p>\n\n\n\n<p class=\"has-drop-cap\">Le discours du Pr\u00e9sident Fran\u00e7ais Emmanuel Macron, dans lequel il a qualifi\u00e9 la classe politique malienne d\u2019avoir \u00e9chou\u00e9 \u00e0 redresser son pays, a non seulement renforc\u00e9 les tenants actuels du pouvoir dans leur s\u00e9v\u00e8re jugement sur la classe politique malienne, mais aussi et surtout il a \u00e9t\u00e9 un v\u00e9ritable pav\u00e9 dans la marre d\u2019une certaine opinion nationale et m\u00eame internationale qui pense \u00e0 tort ou \u00e0 raison que les hommes politiques sont &nbsp;\u00e0 la base de la&nbsp; chaotique situation dans laquelle se trouve le Mali. Le tableau est si noir, selon certains, que cette affirmation a&nbsp; r\u00e9confort\u00e9 les d\u00e9tracteurs des hommes politiques maliens au&nbsp; point &nbsp;qu\u2019elle a \u00e9t\u00e9 reprise en boucles sur les r\u00e9seaux sociaux et dans beaucoup de m\u00e9dias.<\/p>\n\n\n\n<p>&nbsp;<strong><em>L\u2019opinion n\u2019a-t-elle pas raison de prononcer une sentence, la plus critique au regard des bourdes et autres manquements aux principes de la bonne gouvernance sous l\u2019\u00e8re d\u00e9mocratique?<\/em><\/strong><\/p>\n\n\n\n<p>Pour rappel, de l\u2019av\u00e8nement de la d\u00e9mocratie multi partisane, en 91 jusqu\u2019au premier coup d\u2019arr\u00eat un 22 mars 2012, le Mali n\u2019est jamais sorti de la zone de turbulence et la gouvernance n\u2019a jamais \u00e9t\u00e9 vertueuse. Corruption, n\u00e9potisme, affairisme, malversation, favoritisme, la liste de qualificatifs est loin d\u2019\u00eatre exhaustive, ce sont l\u00e0 les caract\u00e9ristiques principales de la gouvernance sous les d\u00e9mocrates. En effet, des cadres venus de nulle part se sont fait des milliards en un temps record. Le fauss\u00e9 qui s\u00e9pare riches et bas peuple s\u2019est tellement creus\u00e9 qu\u2019il \u00e9tait devenu immense. C\u2019est dans cette atmosph\u00e8re d\u00e9l\u00e9t\u00e8re, de paup\u00e9risation, de corruption \u00e0 ciel d\u2019ins\u00e9curit\u00e9 g\u00e9n\u00e9ralis\u00e9e avec son lot de tuerie, qu\u2019une insurrection militaire a balay\u00e9 un r\u00e9gime d\u00e9j\u00e0 \u00e0 bout de souffle qui est celui d\u2019ATT, \u00e0&nbsp; quelques mois des \u00e9lections qui devraient consacrer la fin du deuxi\u00e8me et dernier mandat d\u2019ATT. Quatorze mois apr\u00e8s une transition pleine de rebondissements et d\u2019\u00e9v\u00e9nements malheurs, le Mali a retrouv\u00e9 sa normalit\u00e9 constitutionnelle avec l\u2019\u00e9lection au relent de pl\u00e9biscite, d\u2019IBK en 2013. Qu\u2019il soit dit en passant, jamais une \u00e9lection pr\u00e9sidentielle n\u2019a mobilis\u00e9 autant d\u2019\u00e9lecteurs que celle d\u2019IBK. Et cela dans l\u2019espoir&nbsp; d\u2019\u00eatre la solution aux multiples &nbsp;probl\u00e8mes auxquels le Mali est confront\u00e9.<\/p>\n\n\n\n<p>La d\u00e9ception a \u00e9t\u00e9 si grande et la d\u00e9sillusion si forte que deux ans apr\u00e8s sa controvers\u00e9e r\u00e9\u00e9lection pour son second mandat, &nbsp;son r\u00e9gime a \u00e9t\u00e9 \u00e9galement balay\u00e9 par un soul\u00e8vement populaire parachev\u00e9 par une partie de l\u2019arm\u00e9e. Pour rappel tous les maux que l\u2019on reprochait au r\u00e9gime d\u2019ATT se sont exacerb\u00e9s sous IBK. Pire la R\u00e9publique \u00e9tait prise en otage par la famille d\u2019IBK en complicit\u00e9 avec les hommes politiques v\u00e9reux, pr\u00e9occup\u00e9s seulement par leurs int\u00e9r\u00eats \u00e9go\u00efstes. C\u2019est un peuple trahi par sa classe politique qui a applaudi les militaires qui se sont empar\u00e9s du pouvoir. Ces derniers sont-ils en train de mieux faire que les hommes politiques&nbsp;? Les maux qui ont \u00e9t\u00e9 \u00e0 la&nbsp; base de la chute des deux r\u00e9gimes civils ont-ils \u00e9t\u00e9 endigu\u00e9s&nbsp;? En attendant la r\u00e9ponse \u00e0 ces deux questions, c\u2019est une v\u00e9ritable travers\u00e9e du d\u00e9sert de la classe politique, &nbsp;qui est plus que jamais appel\u00e9e \u00e0 faire d\u2019abord son mea maxima culpa, ensuite sa mue et enfin se r\u00e9concilier avec son peuple.<\/p>\n\n\n\n<p><strong>Youssouf Sissoko&nbsp; &nbsp;&nbsp;&nbsp;&nbsp;&nbsp;&nbsp;&nbsp;&nbsp;&nbsp;&nbsp;<em>&nbsp;<\/em><\/strong><strong>&nbsp;<\/strong><\/p>\n","protected":false},"excerpt":{"rendered":"<p>La Classe politique malienne est d\u00e9sormais tax\u00e9e de tous les noms d\u2019oiseaux de mauvais augure. Qualifi\u00e9e de corrompue et d\u2019incapable, par Emmanuel Macron, vilipend\u00e9e par l\u2019opinion publique, source de tous&hellip;<\/p>\n","protected":false},"author":1,"featured_media":11166,"comment_status":"open","ping_status":"closed","sticky":false,"template":"","format":"standard","meta":{"content-type":"","_lmt_disableupdate":"","_lmt_disable":"","_jetpack_memberships_contains_paid_content":false,"footnotes":"","jetpack_publicize_message":"","jetpack_publicize_feature_enabled":true,"jetpack_social_post_already_shared":true,"jetpack_social_options":{"image_generator_settings":{"template":"highway","default_image_id":0,"font":"","enabled":false},"version":2}},"categories":[68,23,92],"tags":[],"class_list":["post-12187","post","type-post","status-publish","format-standard","has-post-thumbnail","hentry","category-lalternance","category-politique","category-slider"],"jetpack_publicize_connections":[],"featured_image_urls":{"full":"","thumbnail":"","medium":"","medium_large":"","large":"","1536x1536":"","2048x2048":"","penci-recipe-1200x1200":"","penci-recipe-1200x900":"","penci-recipe-1200x675":"","penci-single-full":"","penci-slider-full-thumb":"","penci-full-thumb":"","penci-slider-thumb":"","penci-magazine-slider":"","penci-thumb":"","penci-masonry-thumb":"","penci-thumb-square":"","penci-thumb-vertical":"","penci-thumb-small":""},"author_info":{"display_name":"Nandi","author_link":"https:\/\/nandi.info\/?author=1"},"category_info":"<a href=\"https:\/\/nandi.info\/?cat=68\" rel=\"category\">L'alternance<\/a> <a href=\"https:\/\/nandi.info\/?cat=23\" rel=\"category\">Politique<\/a> <a href=\"https:\/\/nandi.info\/?cat=92\" rel=\"category\">Slider<\/a>","tag_info":"Slider","comment_count":"0","jetpack_featured_media_url":"","jetpack_sharing_enabled":true,"_links":{"self":[{"href":"https:\/\/nandi.info\/index.php?rest_route=\/wp\/v2\/posts\/12187","targetHints":{"allow":["GET"]}}],"collection":[{"href":"https:\/\/nandi.info\/index.php?rest_route=\/wp\/v2\/posts"}],"about":[{"href":"https:\/\/nandi.info\/index.php?rest_route=\/wp\/v2\/types\/post"}],"author":[{"embeddable":true,"href":"https:\/\/nandi.info\/index.php?rest_route=\/wp\/v2\/users\/1"}],"replies":[{"embeddable":true,"href":"https:\/\/nandi.info\/index.php?rest_route=%2Fwp%2Fv2%2Fcomments&post=12187"}],"version-history":[{"count":0,"href":"https:\/\/nandi.info\/index.php?rest_route=\/wp\/v2\/posts\/12187\/revisions"}],"wp:featuredmedia":[{"embeddable":true,"href":"https:\/\/nandi.info\/index.php?rest_route=\/"}],"wp:attachment":[{"href":"https:\/\/nandi.info\/index.php?rest_route=%2Fwp%2Fv2%2Fmedia&parent=12187"}],"wp:term":[{"taxonomy":"category","embeddable":true,"href":"https:\/\/nandi.info\/index.php?rest_route=%2Fwp%2Fv2%2Fcategories&post=12187"},{"taxonomy":"post_tag","embeddable":true,"href":"https:\/\/nandi.info\/index.php?rest_route=%2Fwp%2Fv2%2Ftags&post=12187"}],"curies":[{"name":"wp","href":"https:\/\/api.w.org\/{rel}","templated":true}]}}