{"id":12181,"date":"2023-03-06T12:06:10","date_gmt":"2023-03-06T11:06:10","guid":{"rendered":"https:\/\/nandi.info\/?p=12181"},"modified":"2023-03-06T12:06:10","modified_gmt":"2023-03-06T11:06:10","slug":"transition-malienne-assimi-goita-entre-popularite-et-doute","status":"publish","type":"post","link":"https:\/\/nandi.info\/?p=12181","title":{"rendered":"<strong>Transition malienne&nbsp;: Assimi Go\u00efta entre popularit\u00e9 et doute &nbsp;<\/strong>"},"content":{"rendered":"\n<p><strong><em>Illustre inconnu avant le coup d\u2019Etat du 18 Ao\u00fbt 2020, le Colonel Assimi Go\u00efta a \u00e9t\u00e9 r\u00e9v\u00e9l\u00e9 au grand public apr\u00e8s la mise \u00e0 l\u2019\u00e9cart du Pr\u00e9sident IBK. Pr\u00e9sident du CNSP, il c\u00e9da sa place pour devenir vice-pr\u00e9sident sous la contrainte de la CEDEAO qui a pr\u00e9f\u00e9r\u00e9 un colonel \u00e0 la retraite N\u2019Ba Daw, au poste de pr\u00e9sident de la Transition. C\u2019est en faveur d\u2019un second putsch qui a permis aux cinq colonels de mettre le pr\u00e9sident de la transition, Bah N\u2019Daw, et son premier ministre Moctar Ouane, hors d\u2019\u00e9tat de nuire, que le colonel Assimi Go\u00efta, l\u2019homme fort de la junte a \u00e9t\u00e9 install\u00e9 au fauteuil pr\u00e9sidentiel. Ainsi commen\u00e7a une nouvelle page de la transition. Il obtient apr\u00e8s six mois de sanctions de la CEDEAO un d\u00e9lai de 24 mois et des actes \u00e0 la fois salutaires et souverainistes ont \u00e9t\u00e9 pos\u00e9s et qui ont fait de l\u2019homme du 21 mai un patriote adul\u00e9 par son peuple.&nbsp; Par certains actes pos\u00e9s en un temps record &nbsp;beaucoup de Maliens ont fini&nbsp; par comprendre le bienfond\u00e9 de la mise \u00e0 l\u2019\u00e9cart de Bah N\u2019Daw et son Premier ministre Moctar Ouane. Ces motifs sont entre autres une certaine connivence avec des forces \u00e9trang\u00e8res et surtout leur grande all\u00e9geance \u00e0 la France consid\u00e9r\u00e9e \u00e0 tort ou \u00e0 raison par une frange importante de l\u2019opinion malienne comme l\u2019ennemie du Mali. &nbsp;Qu\u2019est ce qui a rendu Assimi si populaire au point d\u2019\u00e9clipser Bah N\u2019Daw&nbsp;? Cette popularit\u00e9 ne va-t-elle pas s\u2019effriter au gr\u00e9 des difficult\u00e9s sociopolitiques qui demeurent sans solutions&nbsp;?<\/em><\/strong><\/p>\n\n\n\n<p class=\"has-drop-cap\">Pour la deuxi\u00e8me fois de son histoire, la d\u00e9mocratie malienne a connu une turbulence avec l\u2019irruption sur la sc\u00e8ne politique des militaires. Le Capitaine Amadou Haya Sanogo en 2012 et Assimi Go\u00efta en 2020. Ce second coup d\u2019Etat qui n\u2019a nullement pas \u00e9t\u00e9 violent comme le premier a le m\u00eame motif \u00e0 savoir la mal gouvernance, l\u2019ins\u00e9curit\u00e9 et la mise entre parenth\u00e8se de la souverainet\u00e9 du Mali. Le Colonel Assimi Go\u00efta a su montrer la voie \u00e0 ses compatriotes ce qui lui a donn\u00e9 cette popularit\u00e9 \u00e0 nulle autre&nbsp; pareille au Mali et m\u00eame en Afrique. D\u00e8s sa prestation de serment il a pos\u00e9 certains actes et pris certaines d\u00e9cisions pour affirmer la souverainet\u00e9 de son pays. Parmi les actes qu\u2019il a pos\u00e9s il y a l\u2019expulsion de l\u2019ambassadeur de France du Mali, la fermeture de deux m\u00e9dias, France 24 et RFI tax\u00e9s des m\u00e9dias au service de la propagande de la politique n\u00e9ocoloniale fran\u00e7aise au Mali. Comme si ces actes ne suffisaient pas le Mali a expuls\u00e9 \u00e9galement le porte-parole de la MINUSMA qui se trouve \u00eatre un fran\u00e7ais. Ces actes de port\u00e9e hautement patriotique ont fait du Colonel Assimi un h\u00e9ros national ou encore le symbole de la souverainet\u00e9 retrouv\u00e9e. Le Colonel Assimi Go\u00efta ne s\u2019est pas arr\u00eat\u00e9 en si bon chemin il a ordonn\u00e9 le d\u00e9part des forces fran\u00e7aises du Mali et demand\u00e9 en m\u00eame temps la r\u00e9vision du contrat de la MINUSMA afin que la force multidimensionnelle int\u00e9gr\u00e9e pour la stabilisation du Mali puisse l\u2019\u00eatre v\u00e9ritablement. Les deux derniers grands actes qui ont rendu Assimi Go\u00efta C\u00e9l\u00e8bre et populaire c\u2019est avant tout sa coop\u00e9ration avec la Russie et l\u2019acquisition des nouvelles armes qu\u2019elles soient a\u00e9riennes ou terrestres.<\/p>\n\n\n\n<p>Grace \u00e0 ces nouvelles acquisitions l\u2019arm\u00e9e malienne est en train de monter en puissance et la peur semble changer de camp. Les terroristes sont terroris\u00e9s d\u00e9sormais car ils sont d\u00e9nich\u00e9s et neutralis\u00e9s. Jusqu\u2019o\u00f9 ira cette popularit\u00e9 du Colonel Assimi, si elle ne commence d\u2019ailleurs pas \u00e0 prendre un coup au regard des difficult\u00e9s qui s\u2019accumulent et qui demeurent sans solutions.<\/p>\n\n\n\n<p><strong><em>Cette popularit\u00e9 ne va-t-elle pas s\u2019effriter au gr\u00e9 des difficult\u00e9s sociopolitiques qui demeurent sans solutions&nbsp;?<\/em><\/strong><\/p>\n\n\n\n<p>&nbsp;La question vaut son pesant d\u2019or quand on sait que les maliens souffrent \u00e9norm\u00e9ment \u00e0 cause de la vie ch\u00e8re avec son corolaire de flamb\u00e9e des prix et surtout d\u2019inflation. Trois maliens sur quatre ne mangent pas \u00e0 leur faim et la crise financi\u00e8re a fait fermer beaucoup d\u2019entreprises. Nul besoin de rappeler que la crise sociale est la m\u00e8re de toutes les crises, donc le Colonel Assimi Go\u00efta doit peser de tout son poids pour att\u00e9nuer la souffrance des maliens. Si force est de reconnaitre qu\u2019il jouit toujours d\u2019une certaine popularit\u00e9, il n\u2019en demeure pas moins que cette popularit\u00e9 s\u2019effrite au gr\u00e9 des difficult\u00e9s. Donc si tant est qu\u2019il se batte pour le Mali il doit tout faire pour satisfaire la demande sociale. &nbsp;&nbsp;<\/p>\n\n\n\n<p>&nbsp;En d\u00e9finitive,&nbsp; Assimi Go\u00efta et son gouvernement doivent&nbsp; ouvrir de nouvelles voies de ravitaillement du pays en produits strat\u00e9giques. La vie ch\u00e8re dont se plaignent les Maliens peut \u00eatre surmont\u00e9e rapidement en profitant des opportunit\u00e9s que constitue l\u2019\u00e9mergence de nouvelles puissances industrielles. C\u2019est en tout cas la seule corde qui manque \u00e0 son arc pour que la musique soit m\u00e9lodieuse au grand bonheur du vaillant et r\u00e9silient peuple malien.<\/p>\n\n\n\n<p><strong>Assitan DIAKITE<\/strong><\/p>\n","protected":false},"excerpt":{"rendered":"<p>Illustre inconnu avant le coup d\u2019Etat du 18 Ao\u00fbt 2020, le Colonel Assimi Go\u00efta a \u00e9t\u00e9 r\u00e9v\u00e9l\u00e9 au grand public apr\u00e8s la mise \u00e0 l\u2019\u00e9cart du Pr\u00e9sident IBK. Pr\u00e9sident du&hellip;<\/p>\n","protected":false},"author":1,"featured_media":5936,"comment_status":"open","ping_status":"closed","sticky":false,"template":"","format":"standard","meta":{"content-type":"","_lmt_disableupdate":"","_lmt_disable":"","_jetpack_memberships_contains_paid_content":false,"footnotes":"","jetpack_publicize_message":"","jetpack_publicize_feature_enabled":true,"jetpack_social_post_already_shared":true,"jetpack_social_options":{"image_generator_settings":{"template":"highway","default_image_id":0,"font":"","enabled":false},"version":2}},"categories":[68,23],"tags":[],"class_list":["post-12181","post","type-post","status-publish","format-standard","has-post-thumbnail","hentry","category-lalternance","category-politique"],"jetpack_publicize_connections":[],"featured_image_urls":{"full":"","thumbnail":"","medium":"","medium_large":"","large":"","1536x1536":"","2048x2048":"","penci-recipe-1200x1200":"","penci-recipe-1200x900":"","penci-recipe-1200x675":"","penci-single-full":"","penci-slider-full-thumb":"","penci-full-thumb":"","penci-slider-thumb":"","penci-magazine-slider":"","penci-thumb":"","penci-masonry-thumb":"","penci-thumb-square":"","penci-thumb-vertical":"","penci-thumb-small":""},"author_info":{"display_name":"Nandi","author_link":"https:\/\/nandi.info\/?author=1"},"category_info":"<a href=\"https:\/\/nandi.info\/?cat=68\" rel=\"category\">L'alternance<\/a> <a href=\"https:\/\/nandi.info\/?cat=23\" rel=\"category\">Politique<\/a>","tag_info":"Politique","comment_count":"0","jetpack_featured_media_url":"","jetpack_sharing_enabled":true,"_links":{"self":[{"href":"https:\/\/nandi.info\/index.php?rest_route=\/wp\/v2\/posts\/12181","targetHints":{"allow":["GET"]}}],"collection":[{"href":"https:\/\/nandi.info\/index.php?rest_route=\/wp\/v2\/posts"}],"about":[{"href":"https:\/\/nandi.info\/index.php?rest_route=\/wp\/v2\/types\/post"}],"author":[{"embeddable":true,"href":"https:\/\/nandi.info\/index.php?rest_route=\/wp\/v2\/users\/1"}],"replies":[{"embeddable":true,"href":"https:\/\/nandi.info\/index.php?rest_route=%2Fwp%2Fv2%2Fcomments&post=12181"}],"version-history":[{"count":0,"href":"https:\/\/nandi.info\/index.php?rest_route=\/wp\/v2\/posts\/12181\/revisions"}],"wp:featuredmedia":[{"embeddable":true,"href":"https:\/\/nandi.info\/index.php?rest_route=\/"}],"wp:attachment":[{"href":"https:\/\/nandi.info\/index.php?rest_route=%2Fwp%2Fv2%2Fmedia&parent=12181"}],"wp:term":[{"taxonomy":"category","embeddable":true,"href":"https:\/\/nandi.info\/index.php?rest_route=%2Fwp%2Fv2%2Fcategories&post=12181"},{"taxonomy":"post_tag","embeddable":true,"href":"https:\/\/nandi.info\/index.php?rest_route=%2Fwp%2Fv2%2Ftags&post=12181"}],"curies":[{"name":"wp","href":"https:\/\/api.w.org\/{rel}","templated":true}]}}