{"id":12176,"date":"2023-03-06T11:47:09","date_gmt":"2023-03-06T10:47:09","guid":{"rendered":"https:\/\/nandi.info\/?p=12176"},"modified":"2023-03-06T11:47:09","modified_gmt":"2023-03-06T10:47:09","slug":"le-decoupage-administratif-sous-assimi-goita-des-tensions-perceptibles-dans-certaines-zones-mais-letat-doit-tenir","status":"publish","type":"post","link":"https:\/\/nandi.info\/?p=12176","title":{"rendered":"<strong>Le d\u00e9coupage administratif sous Assimi Goita&nbsp;: <\/strong><strong>Des tensions perceptibles dans certaines zones, mais l\u2019Etat doit tenir <\/strong><strong><\/strong>"},"content":{"rendered":"\n<p><strong>&nbsp;Le projet de r\u00e9organisation territoriale qui avait d\u00e9but\u00e9 en 2012 sous ATT a port\u00e9 ses fruits sous les autorit\u00e9s de la transition en 2023. Mais force est de constater que tout ne se passe dans les conditions d\u2019apaisement et de tranquillit\u00e9, car certains conflits territoriaux voire ethniques ont refait surface.&nbsp; Si certains se plaignent de l\u2019in\u00e9quitable r\u00e9partition, d\u2019autres souhaitent voir leurs cercles \u00e9rig\u00e9s en &nbsp;r\u00e9gions. Dans tous les cas, comme sous Alpha Oumar Konar\u00e9, avec la mission de la d\u00e9centralisation qui a permis la cr\u00e9ation de 701 communes, cette initiative de la transition m\u00e9rite d\u2019\u00eatre soutenue car elle entre dans le cadre du renforcement de la d\u00e9centralisation et surtout&nbsp; de la mise en \u0153uvre de l\u2019Accord pour la paix et la r\u00e9conciliation. On a rien sans peine, a dit un adage s\u2019il faut reconnaitre que par endroits il y a d\u2019\u00e9normes difficult\u00e9s, les op\u00e9rations doivent se poursuivre afin d\u2019atteindre les objectifs que le gouvernement&nbsp; s\u2019est fix\u00e9. &nbsp;&nbsp;<\/strong><\/p>\n\n\n\n<p class=\"has-drop-cap\">En effet, le lundi 20 f\u00e9vrier 2023 lors de la 1<sup>\u00e8re<\/sup> pl\u00e9ni\u00e8re de la session extraordinaire du CNT que 6 projets de loi ont \u00e9t\u00e9 adopt\u00e9s parmi lesquels la loi portant la r\u00e9organisation administrative du Mali. Ainsi &nbsp;avec son adoption, le territoire malien compte&nbsp; d\u00e9sormais 1 district qu\u2019est Bamako, avec 19 r\u00e9gions administratives, 156 cercles soit 96 de plus, 466 arrondissements soit 136 de plus, 819 communes soit 71 nouvelles communes, 12712 villages et enfin les communes du district sont d\u00e9sormais appel\u00e9es \u00ab&nbsp;Arrondissements&nbsp;\u00bb et qui sont au nombre de 10.<\/p>\n\n\n\n<p>Pour rappel, depuis l\u2019adoption de cette loi, des contestations sont n\u00e9es. Il ya comme une v\u00e9ritable lev\u00e9e des boucliers contre cette d\u00e9cision. La r\u00e9gion de Gao a fait une marche pacifique contre cette nouvelle r\u00e9organisation territoriale et plusieurs localit\u00e9s de la r\u00e9gion ont emboit\u00e9 le pas \u00e0 Gao en manifestant leur d\u00e9saccord. Dans leurs d\u00e9clarations ils demandent le retrait pur et simple de ce projet qu\u2019il estime comme divisionniste et ne refl\u00e8te pas &nbsp;la vision de la refondation de l\u2019Etat. Il y\u2019a \u00e9galement&nbsp; les populations des cercles de M\u00e9naka, Tidermene et Inlamawane qui disent non \u00e0 ce projet, car elles&nbsp; trouvent qu\u2019elles n\u2019ont pas \u00e9t\u00e9 associ\u00e9es et que la nouvelle loi semble plus diviser qu\u2019unifier. Pour rappel ce n\u2019est ni la premi\u00e8re, ni la deuxi\u00e8me fois qu\u2019une localit\u00e9 sorte pour manifester contre ladite r\u00e9partition et ceci depuis le temps d\u2019IBK.&nbsp; Au regard de cette col\u00e8re g\u00e9n\u00e9ralis\u00e9e on pourrait affirmer sans ambages que cette d\u00e9cision &nbsp;a \u00e9t\u00e9 une v\u00e9ritable&nbsp; source de tension. Il faudrait rappeler que sous Alpha Oumar Konar\u00e9, comme sous ATT et IBK, les m\u00eames contestations \u00e9taient perceptibles un peu partout de Kayes \u00e0 Kidal en passant par Bamako, Sikasso, S\u00e9gou et Bla. Mais ces situations n\u2019ont jamais entam\u00e9 la d\u00e9termination des autorit\u00e9s d\u2019alors. Les citoyens peuvent exprimer leur ras-le-bol sur la question \u00e0 travers des communiqu\u00e9s, des conf\u00e9rences de presse, des marches et de barricades, mais les autorit\u00e9s doivent rester droites dans leurs bottes.<\/p>\n\n\n\n<p><strong>&nbsp;<\/strong><strong>Le Mali a-t-il &nbsp;autant besoin &nbsp;de r\u00e9gions et de cercles&nbsp;?<\/strong><\/p>\n\n\n\n<p>La r\u00e9ponse est sans nul doute oui. Car la d\u00e9centralisation pouss\u00e9e, le rapprochement de l\u2019administration aux administr\u00e9s et l\u2019implication des populations locales dans la gestion des affaires de leurs cit\u00e9s sont autant d\u2019avantages qui doivent pousser les autorit\u00e9s \u00e0 pers\u00e9v\u00e9rer dans cette voie pour le bonheur de la population. M\u00eame s\u2019il faut reconnaitre que la situation est chaotique surtout \u00e9conomiquement, mais&nbsp; ce d\u00e9coupage doit se mat\u00e9rialiser &nbsp;&nbsp;pour que chaque r\u00e9gion puisse disposer &nbsp;des d\u00e9partements administratifs, des infrastructures socio\u00e9conomiques &nbsp;telles que le gouvernorat, l\u2019\u00e9cole, le centre de sant\u00e9, l\u2019eau potable et l\u2019\u00e9lectricit\u00e9. &nbsp;<\/p>\n\n\n\n<p><strong>Oumou SISSOKO<\/strong><\/p>\n","protected":false},"excerpt":{"rendered":"<p>&nbsp;Le projet de r\u00e9organisation territoriale qui avait d\u00e9but\u00e9 en 2012 sous ATT a port\u00e9 ses fruits sous les autorit\u00e9s de la transition en 2023. Mais force est de constater que&hellip;<\/p>\n","protected":false},"author":1,"featured_media":0,"comment_status":"open","ping_status":"closed","sticky":false,"template":"","format":"standard","meta":{"content-type":"","_lmt_disableupdate":"","_lmt_disable":"","_jetpack_memberships_contains_paid_content":false,"footnotes":"","jetpack_publicize_message":"","jetpack_publicize_feature_enabled":true,"jetpack_social_post_already_shared":true,"jetpack_social_options":{"image_generator_settings":{"template":"highway","default_image_id":0,"font":"","enabled":false},"version":2}},"categories":[68,21],"tags":[],"class_list":["post-12176","post","type-post","status-publish","format-standard","hentry","category-lalternance","category-societe"],"jetpack_publicize_connections":[],"featured_image_urls":{"full":"","thumbnail":"","medium":"","medium_large":"","large":"","1536x1536":"","2048x2048":"","penci-recipe-1200x1200":"","penci-recipe-1200x900":"","penci-recipe-1200x675":"","penci-single-full":"","penci-slider-full-thumb":"","penci-full-thumb":"","penci-slider-thumb":"","penci-magazine-slider":"","penci-thumb":"","penci-masonry-thumb":"","penci-thumb-square":"","penci-thumb-vertical":"","penci-thumb-small":""},"author_info":{"display_name":"Nandi","author_link":"https:\/\/nandi.info\/?author=1"},"category_info":"<a href=\"https:\/\/nandi.info\/?cat=68\" rel=\"category\">L'alternance<\/a> <a href=\"https:\/\/nandi.info\/?cat=21\" rel=\"category\">Soci\u00e9t\u00e9<\/a>","tag_info":"Soci\u00e9t\u00e9","comment_count":"0","jetpack_featured_media_url":"","jetpack_sharing_enabled":true,"_links":{"self":[{"href":"https:\/\/nandi.info\/index.php?rest_route=\/wp\/v2\/posts\/12176","targetHints":{"allow":["GET"]}}],"collection":[{"href":"https:\/\/nandi.info\/index.php?rest_route=\/wp\/v2\/posts"}],"about":[{"href":"https:\/\/nandi.info\/index.php?rest_route=\/wp\/v2\/types\/post"}],"author":[{"embeddable":true,"href":"https:\/\/nandi.info\/index.php?rest_route=\/wp\/v2\/users\/1"}],"replies":[{"embeddable":true,"href":"https:\/\/nandi.info\/index.php?rest_route=%2Fwp%2Fv2%2Fcomments&post=12176"}],"version-history":[{"count":0,"href":"https:\/\/nandi.info\/index.php?rest_route=\/wp\/v2\/posts\/12176\/revisions"}],"wp:attachment":[{"href":"https:\/\/nandi.info\/index.php?rest_route=%2Fwp%2Fv2%2Fmedia&parent=12176"}],"wp:term":[{"taxonomy":"category","embeddable":true,"href":"https:\/\/nandi.info\/index.php?rest_route=%2Fwp%2Fv2%2Fcategories&post=12176"},{"taxonomy":"post_tag","embeddable":true,"href":"https:\/\/nandi.info\/index.php?rest_route=%2Fwp%2Fv2%2Ftags&post=12176"}],"curies":[{"name":"wp","href":"https:\/\/api.w.org\/{rel}","templated":true}]}}