{"id":12173,"date":"2023-03-06T11:32:44","date_gmt":"2023-03-06T10:32:44","guid":{"rendered":"https:\/\/nandi.info\/?p=12173"},"modified":"2023-03-06T11:32:44","modified_gmt":"2023-03-06T10:32:44","slug":"edito-macron-admoneste-la-classe-politique-malienne","status":"publish","type":"post","link":"https:\/\/nandi.info\/?p=12173","title":{"rendered":"<strong>Edito&nbsp;: Macron admoneste la classe politique malienne &nbsp;<\/strong>"},"content":{"rendered":"\n<p class=\"has-drop-cap\">C\u2019est lors d\u2019un discours tenu le lundi 27 f\u00e9vrier 2023 \u00e0 l\u2019Elys\u00e9e, pour pr\u00e9senter les orientations de sa politique africaine pour les ann\u00e9es \u00e0 venir, qu\u2019Emmanuel Macron a critiqu\u00e9 de fa\u00e7on acerbe la classe politique malienne. Sans porter des gants, il a s\u00e9v\u00e8rement admonest\u00e9 la classe politique malienne, en affirmant qu\u2019elle a&nbsp; lamentablement \u00e9chou\u00e9 \u00e0 redresser son pays. Il se disculpe totalement en culpabilisant les acteurs politiques maliens, comme \u00e9tant les seuls responsables de la chaotique situation dans laquelle baigne leur pays. En analysant sans complexe et sans passion ne faudrait-il pas diviser la poire en deux&nbsp;entre la France et les pays francophones en g\u00e9n\u00e9ral et entre les dirigeants fran\u00e7ais et ceux du Mali de 1968, \u00e0 nos jours, en particulier ? &nbsp;Du Coup d\u2019Etat de 1968 qui a port\u00e9 un des valets de la France au pouvoir, \u00e0 savoir le Lieutenant Moussa Traor\u00e9, bombard\u00e9, 23 ans apr\u00e8s, g\u00e9n\u00e9ral d\u2019arm\u00e9e, \u00e0 Ibrahim Boubacar Keita, en passant par Alpha Oumar Konar\u00e9, Amadou Toumani Tour\u00e9 et Dioncounda Traor\u00e9, tous les r\u00e9gimes qui se sont succ\u00e9d\u00e9s au pouvoir au Mali&nbsp; ont \u00e9t\u00e9 parrain\u00e9s par la France au gr\u00e9 de ses int\u00e9r\u00eats. Ces Pr\u00e9sidents n\u2019ont jamais \u00e9t\u00e9 soutenus par l\u2019Elys\u00e9e &nbsp;sur la base de leur comp\u00e9tence ou de leur projet de soci\u00e9t\u00e9, encore moins pour leur vision pour le Mali, mais tout simplement parce qu\u2019ils \u00e9taient&nbsp; manipulables \u00e0 souhait et capables de d\u00e9fendre les int\u00e9r\u00eats de la France au d\u00e9triment de ceux de leur peuple. Si ces r\u00e9gimes ont tous \u00e9chou\u00e9, comme pr\u00e9tend Emmanuel Macron, ce ne serait ni plus ni moins que l\u2019\u00e9chec de la France aussi.<\/p>\n\n\n\n<p>Emmanuel Macron aurait d\u00fb faire le mea maxima Culpa de la France qui a \u00e9chou\u00e9 \u00e0 faire de ses anciennes colonies des pays \u00e9mergents, en d\u00e9pit de l\u2019immensit\u00e9 de leurs ressources. Il devrait reconnaitre la lourde responsabilit\u00e9 de la France dans la d\u00e9sagr\u00e9gation de la Libye de Mouammar Kadhafi, la principale cause de la chienlit provoqu\u00e9e par les groupes arm\u00e9s terroristes au sahel. Macron aurait d\u00fb pr\u00e9senter ses excuses et celles des r\u00e9gimes qui se sont succ\u00e9d\u00e9 au pouvoir en &nbsp;France pour avoir impos\u00e9 des pr\u00e9sidents qui n\u2019ont ni la qualit\u00e9 intellectuelle requise, ni la comp\u00e9tence, encore moins la vision et dont la seule qualit\u00e9 est de servir les int\u00e9r\u00eats de la France. Emmanuel Macron devrait avoir de la mesure et de l\u2019honn\u00eatet\u00e9 intellectuelle de reconnaitre que la France, pour avoir soumis les 14 pays de la zone franc \u00e0 une nouvelle colonisation, qui est &nbsp;celle de la monnaie, cet autre goulot d\u2019\u00e9tranglement, qu\u2019elle a emp\u00each\u00e9 les pays francophones de se d\u00e9velopper. Sinon nul ne pourrait contester son affirmation selon laquelle la classe politique malienne a \u00e9chou\u00e9 \u00e0 redresser son pays. Son affirmation aurait \u00e9t\u00e9 compl\u00e8te si Macron avait assum\u00e9 &nbsp;que la France en est pour beaucoup dans cet \u00e9chec.&nbsp; &nbsp;&nbsp;&nbsp;<\/p>\n\n\n\n<p>En effet, le discours d\u2019Emmanuel Macron, faudrait-il &nbsp;le rappeler, a \u00e9t\u00e9 tenu \u00e0 la veille de sa tourn\u00e9e africaine qui lui avait conduit au Gabon,&nbsp; au Congo, en RDC et en Angola. Cette tourn\u00e9e a \u00e9t\u00e9 effectu\u00e9e \u00e0 un moment crucial des relations fortement mises en mal, entre la France et certaines de ses anciennes colonies, comme le Mali et le Burkina Faso. Elle s\u2019effectuait \u00e9galement dans un contexte marqu\u00e9 par la guerre en Ukraine avec ses cons\u00e9quences sur la g\u00e9opolitique mondiale. La mont\u00e9e en puissance de la Russie en Afrique, la pr\u00e9sence tr\u00e8s significative de la Chine et la perc\u00e9e fulgurante de la Turquie et de l\u2019Inde sont entre autres causes du voyage&nbsp; du Pr\u00e9sident fran\u00e7ais. Le discours de Macron m\u2019a sembl\u00e9 \u00eatre un examen de conscience et une introspection qui vont permettre \u00e0 la France de descendre de son pi\u00e9destal patrimonialiste et condescendant en red\u00e9finissant les r\u00e8gles de sa future collaboration avec ses anciennes colonies. Ces nouvelles r\u00e8gles doivent essentiellement \u00eatre bas\u00e9es sur un partenariat d\u2019\u00e9gal \u00e0 \u00e9gal et gagnant- gagnant.<\/p>\n\n\n\n<p><strong>&nbsp;&nbsp;&nbsp;&nbsp;&nbsp;&nbsp;&nbsp;&nbsp;&nbsp;&nbsp;&nbsp;&nbsp;&nbsp;&nbsp;&nbsp;&nbsp;&nbsp;&nbsp;&nbsp;&nbsp;&nbsp;&nbsp;&nbsp;&nbsp;&nbsp;&nbsp;&nbsp;&nbsp;&nbsp;&nbsp;&nbsp;&nbsp;&nbsp;&nbsp;&nbsp;&nbsp;&nbsp;&nbsp;&nbsp;&nbsp;&nbsp;&nbsp;&nbsp;&nbsp;&nbsp;&nbsp;&nbsp;&nbsp;&nbsp;&nbsp;&nbsp;&nbsp;&nbsp;&nbsp;&nbsp;&nbsp;&nbsp;&nbsp;&nbsp;&nbsp;&nbsp;&nbsp;&nbsp;&nbsp;&nbsp;&nbsp;&nbsp;&nbsp;&nbsp;&nbsp;&nbsp;&nbsp;&nbsp;&nbsp;&nbsp;&nbsp;&nbsp;&nbsp;&nbsp;&nbsp;&nbsp;&nbsp;&nbsp;&nbsp;&nbsp;&nbsp;&nbsp;&nbsp;&nbsp;&nbsp;&nbsp;&nbsp;&nbsp;&nbsp;&nbsp;&nbsp;&nbsp;&nbsp;&nbsp;&nbsp;&nbsp;&nbsp;&nbsp;&nbsp;&nbsp;&nbsp;&nbsp;&nbsp;&nbsp;&nbsp;&nbsp;&nbsp;&nbsp;&nbsp;&nbsp;&nbsp;&nbsp;&nbsp;&nbsp;&nbsp;&nbsp;&nbsp;&nbsp;&nbsp;&nbsp;&nbsp;&nbsp;&nbsp;&nbsp;&nbsp;&nbsp;&nbsp;&nbsp;&nbsp;&nbsp; <\/strong><\/p>\n\n\n\n<p><strong>Youssouf Sissoko<\/strong><\/p>\n\n\n\n<p><strong>L&rsquo;Alternance<\/strong><\/p>\n","protected":false},"excerpt":{"rendered":"<p>C\u2019est lors d\u2019un discours tenu le lundi 27 f\u00e9vrier 2023 \u00e0 l\u2019Elys\u00e9e, pour pr\u00e9senter les orientations de sa politique africaine pour les ann\u00e9es \u00e0 venir, qu\u2019Emmanuel Macron a critiqu\u00e9 de&hellip;<\/p>\n","protected":false},"author":1,"featured_media":4856,"comment_status":"open","ping_status":"closed","sticky":false,"template":"","format":"standard","meta":{"content-type":"","_lmt_disableupdate":"","_lmt_disable":"","_jetpack_memberships_contains_paid_content":false,"footnotes":"","jetpack_publicize_message":"","jetpack_publicize_feature_enabled":true,"jetpack_social_post_already_shared":true,"jetpack_social_options":{"image_generator_settings":{"template":"highway","default_image_id":0,"font":"","enabled":false},"version":2}},"categories":[34,68],"tags":[],"class_list":["post-12173","post","type-post","status-publish","format-standard","has-post-thumbnail","hentry","category-editorial","category-lalternance"],"jetpack_publicize_connections":[],"featured_image_urls":{"full":["https:\/\/nandi.info\/wp-content\/uploads\/2022\/04\/Youssouf-Sissoko-dirpub.jpg",480,640,false],"thumbnail":["https:\/\/nandi.info\/wp-content\/uploads\/2022\/04\/Youssouf-Sissoko-dirpub-150x150.jpg",150,150,true],"medium":["https:\/\/nandi.info\/wp-content\/uploads\/2022\/04\/Youssouf-Sissoko-dirpub-225x300.jpg",225,300,true],"medium_large":["https:\/\/nandi.info\/wp-content\/uploads\/2022\/04\/Youssouf-Sissoko-dirpub.jpg",480,640,false],"large":["https:\/\/nandi.info\/wp-content\/uploads\/2022\/04\/Youssouf-Sissoko-dirpub.jpg",480,640,false],"1536x1536":["https:\/\/nandi.info\/wp-content\/uploads\/2022\/04\/Youssouf-Sissoko-dirpub.jpg",480,640,false],"2048x2048":["https:\/\/nandi.info\/wp-content\/uploads\/2022\/04\/Youssouf-Sissoko-dirpub.jpg",480,640,false],"penci-recipe-1200x1200":["https:\/\/nandi.info\/wp-content\/uploads\/2022\/04\/Youssouf-Sissoko-dirpub.jpg",480,640,false],"penci-recipe-1200x900":["https:\/\/nandi.info\/wp-content\/uploads\/2022\/04\/Youssouf-Sissoko-dirpub.jpg",480,640,false],"penci-recipe-1200x675":["https:\/\/nandi.info\/wp-content\/uploads\/2022\/04\/Youssouf-Sissoko-dirpub.jpg",480,640,false],"penci-single-full":["https:\/\/nandi.info\/wp-content\/uploads\/2022\/04\/Youssouf-Sissoko-dirpub.jpg",480,640,false],"penci-slider-full-thumb":["https:\/\/nandi.info\/wp-content\/uploads\/2022\/04\/Youssouf-Sissoko-dirpub.jpg",480,640,false],"penci-full-thumb":["https:\/\/nandi.info\/wp-content\/uploads\/2022\/04\/Youssouf-Sissoko-dirpub.jpg",480,640,false],"penci-slider-thumb":["https:\/\/nandi.info\/wp-content\/uploads\/2022\/04\/Youssouf-Sissoko-dirpub.jpg",480,640,false],"penci-magazine-slider":["https:\/\/nandi.info\/wp-content\/uploads\/2022\/04\/Youssouf-Sissoko-dirpub.jpg",387,516,false],"penci-thumb":["https:\/\/nandi.info\/wp-content\/uploads\/2022\/04\/Youssouf-Sissoko-dirpub.jpg",293,390,false],"penci-masonry-thumb":["https:\/\/nandi.info\/wp-content\/uploads\/2022\/04\/Youssouf-Sissoko-dirpub.jpg",480,640,false],"penci-thumb-square":["https:\/\/nandi.info\/wp-content\/uploads\/2022\/04\/Youssouf-Sissoko-dirpub.jpg",439,585,false],"penci-thumb-vertical":["https:\/\/nandi.info\/wp-content\/uploads\/2022\/04\/Youssouf-Sissoko-dirpub.jpg",480,640,false],"penci-thumb-small":["https:\/\/nandi.info\/wp-content\/uploads\/2022\/04\/Youssouf-Sissoko-dirpub.jpg",131,175,false]},"author_info":{"display_name":"Nandi","author_link":"https:\/\/nandi.info\/?author=1"},"category_info":"<a href=\"https:\/\/nandi.info\/?cat=34\" rel=\"category\">Editorial<\/a> <a href=\"https:\/\/nandi.info\/?cat=68\" rel=\"category\">L'alternance<\/a>","tag_info":"L'alternance","comment_count":"0","jetpack_featured_media_url":"https:\/\/nandi.info\/wp-content\/uploads\/2022\/04\/Youssouf-Sissoko-dirpub.jpg","jetpack_sharing_enabled":true,"_links":{"self":[{"href":"https:\/\/nandi.info\/index.php?rest_route=\/wp\/v2\/posts\/12173","targetHints":{"allow":["GET"]}}],"collection":[{"href":"https:\/\/nandi.info\/index.php?rest_route=\/wp\/v2\/posts"}],"about":[{"href":"https:\/\/nandi.info\/index.php?rest_route=\/wp\/v2\/types\/post"}],"author":[{"embeddable":true,"href":"https:\/\/nandi.info\/index.php?rest_route=\/wp\/v2\/users\/1"}],"replies":[{"embeddable":true,"href":"https:\/\/nandi.info\/index.php?rest_route=%2Fwp%2Fv2%2Fcomments&post=12173"}],"version-history":[{"count":0,"href":"https:\/\/nandi.info\/index.php?rest_route=\/wp\/v2\/posts\/12173\/revisions"}],"wp:featuredmedia":[{"embeddable":true,"href":"https:\/\/nandi.info\/index.php?rest_route=\/wp\/v2\/media\/4856"}],"wp:attachment":[{"href":"https:\/\/nandi.info\/index.php?rest_route=%2Fwp%2Fv2%2Fmedia&parent=12173"}],"wp:term":[{"taxonomy":"category","embeddable":true,"href":"https:\/\/nandi.info\/index.php?rest_route=%2Fwp%2Fv2%2Fcategories&post=12173"},{"taxonomy":"post_tag","embeddable":true,"href":"https:\/\/nandi.info\/index.php?rest_route=%2Fwp%2Fv2%2Ftags&post=12173"}],"curies":[{"name":"wp","href":"https:\/\/api.w.org\/{rel}","templated":true}]}}