{"id":12167,"date":"2023-03-06T10:32:00","date_gmt":"2023-03-06T09:32:00","guid":{"rendered":"https:\/\/nandi.info\/?p=12167"},"modified":"2023-03-06T10:32:00","modified_gmt":"2023-03-06T09:32:00","slug":"celebration-de-la-journee-internationale-de-la-femme-jif-2023-les-femmes-au-rang-des-actrices-incontournables-pour-la-paix-la-securite-la-cohesion-sociale-et-la-reconciliation-au-mali","status":"publish","type":"post","link":"https:\/\/nandi.info\/?p=12167","title":{"rendered":"<strong>C\u00e9l\u00e9bration de la Journ\u00e9e Internationale de la Femme (JIF) 2023&nbsp;: Les Femmes au rang des actrices incontournables pour la paix, la s\u00e9curit\u00e9, la coh\u00e9sion sociale et la r\u00e9conciliation au Mali&nbsp;!<\/strong>"},"content":{"rendered":"\n<p><strong><em>Notre pays c\u00e9l\u00e9brera, \u00e0 l\u2019instar de la Communaut\u00e9 Internationale, la Journ\u00e9e Internationale de la Femme (JIF) ce mercredi 8 mars. A cet effet, pour cette \u00e9dition 2023, si le th\u00e8me international est&nbsp;: \u00abPour un monde digital inclusif\u202f: innovation et technologies pour l\u2019\u00e9galit\u00e9 des sexes\u2009\u00bb, le Mali a port\u00e9 son <\/em><\/strong><strong><em>choix sur la th\u00e9matique nationale suivante&nbsp;: \u00ab&nbsp;<\/em><\/strong><strong><em>Femmes, actrices incontournables, debout pour la paix, la s\u00e9curit\u00e9, la coh\u00e9sion sociale et la r\u00e9conciliation au Mali&nbsp;\u00bb. Cela, pour magnifier et mettre en exergue le r\u00f4le pr\u00e9pond\u00e9rant des femmes pour le processus de la paix, la s\u00e9curit\u00e9, la coh\u00e9sion sociale ainsi que la r\u00e9conciliation au Mali.<\/em><\/strong><\/p>\n\n\n\n<p class=\"has-drop-cap\">La c\u00e9l\u00e9bration de la Journ\u00e9e Internationale des Droits de la Femme est pr\u00e9vue pour ce mercredi 8 mars 2023 et le Mali ne restera pas en marge de ce rendez-vous si important pour la gente f\u00e9minine du monde entier. Pour rappel,&nbsp; c\u2019est en 1857 que le 8 Mars a \u00e9t\u00e9 instaur\u00e9e \u2018\u2019Journ\u00e9e Mondiale de la Femme\u2019\u2019 suite \u00e0 diverses manifestations, dont la r\u00e9volte des ouvri\u00e8res des usines de textiles de Chicago (Etats-Unis) pour l\u2019\u00e9mancipation des femmes. Puis, en 1977, elle fut d\u00e9clar\u00e9e par les Nations Unies \u2018\u2019Journ\u00e9e Internationale de la Femme\u2019\u2019(JIF).<\/p>\n\n\n\n<p>Pour ce qui est du Mali, on a commenc\u00e9 \u00e0 c\u00e9l\u00e9brer cette date \u00e0 partir de 1994, jusqu\u2019\u00e0 nos jours. Cette journ\u00e9e internationale est donc l\u2019occasion de rendre hommage aux femmes pour le r\u00f4le qu\u2019elles jouent dans le d\u00e9veloppement socio-\u00e9conomique, politique&nbsp;et culturel du pays. Elle donne l\u2019occasion de faire le plaidoyer et de sensibiliser l\u2019opinion nationale et internationale sur la condition des femmes. La JIF donne \u00e9galement l\u2019opportunit\u00e9 d\u2019\u00e9tablir, chaque ann\u00e9e, un bilan sur les progr\u00e8s r\u00e9alis\u00e9s en termes d\u2019\u00e9galit\u00e9 et d\u2019\u00e9quit\u00e9 entre hommes et femmes dans les domaines \u00e9conomique, politique, social et culturel. C\u2019est enfin, un espace d\u2019expression d\u00e9mocratique et de plein \u00e9panouissement des femmes au regard des grands enjeux de la soci\u00e9t\u00e9.<\/p>\n\n\n\n<p>Pour le th\u00e8me international de l\u2018\u00e9dition de cette ann\u00e9e&nbsp;: \u00ab&nbsp;Pour un monde digital inclusif\u202f: innovation et technologies pour l\u2019\u00e9galit\u00e9 des sexes\u2009\u00bb, en plus de permettre de reconnaitre et de c\u00e9l\u00e9brer la contribution des femmes et des filles dans la promotion des technologies transformatrices et de l\u2019\u00e9ducation num\u00e9rique, il met en \u00e9vidence la n\u00e9cessit\u00e9 de prot\u00e9ger les Droits des femmes et des filles dans les espaces num\u00e9riques et de lutter contre la Violence Bas\u00e9e sur le Genre (VBG) sur les r\u00e9seaux sociaux.<\/p>\n\n\n\n<p>Quant au th\u00e8me national, \u00e0 savoir : \u00ab&nbsp;Femmes, actrices incontournables, debout pour la paix, la s\u00e9curit\u00e9, la coh\u00e9sion sociale et la r\u00e9conciliation au Mali&nbsp;\u00bb, les objectifs sp\u00e9cifiques sont d\u2019informer et sensibiliser la population du Mali,&nbsp; notamment les femmes, sur leur r\u00f4le et responsabilit\u00e9 dans la consolidation de la Paix, la s\u00e9curit\u00e9, la coh\u00e9sion sociale et la r\u00e9conciliation au pays. Pour faire un plaidoyer de haut niveau \u00e0 l\u2019endroit des d\u00e9cideurs, des leaders d\u2019opinion et des Partenaires Techniques et Financiers pour appuyer la mise en \u0153uvre du plan d\u2019action de mise en \u0153uvre de la R1325 et connexes. Il s\u2019agit de soutenir les femmes dans leurs actions de consolidation de paix et de la r\u00e9conciliation au Mali, tout en les sensibilisant sur les Violences Bas\u00e9es sur le Genre (VBG). \u00c9galement sensibiliser la population sur les Droits des femmes et des filles dans les espaces num\u00e9riques, et les informer et sensibiliser sur le E-commerce.<\/p>\n\n\n\n<p>Concernant le programme concoct\u00e9 pour la c\u00e9l\u00e9bration de cette journ\u00e9e du 8 mars 2023, l\u2019activit\u00e9 phare se tiendra au Stade Omnisport Modibo Ke\u00efta dans la matin\u00e9e de ladite journ\u00e9e, et en pr\u00e9sence des plus hautes Autorit\u00e9s de la Transition.<\/p>\n\n\n\n<p><strong>Par Mariam Sissoko<\/strong><\/p>\n\n\n\n<p><strong>Le<\/strong> <strong>Sursaut<\/strong><\/p>\n","protected":false},"excerpt":{"rendered":"<p>Notre pays c\u00e9l\u00e9brera, \u00e0 l\u2019instar de la Communaut\u00e9 Internationale, la Journ\u00e9e Internationale de la Femme (JIF) ce mercredi 8 mars. A cet effet, pour cette \u00e9dition 2023, si le th\u00e8me&hellip;<\/p>\n","protected":false},"author":1,"featured_media":12169,"comment_status":"open","ping_status":"closed","sticky":false,"template":"","format":"standard","meta":{"content-type":"","_lmt_disableupdate":"","_lmt_disable":"","_jetpack_memberships_contains_paid_content":false,"footnotes":"","jetpack_publicize_message":"","jetpack_publicize_feature_enabled":true,"jetpack_social_post_already_shared":true,"jetpack_social_options":{"image_generator_settings":{"template":"highway","default_image_id":0,"font":"","enabled":false},"version":2}},"categories":[27,67,92],"tags":[],"class_list":["post-12167","post","type-post","status-publish","format-standard","has-post-thumbnail","hentry","category-femmes","category-le-sursaut","category-slider"],"jetpack_publicize_connections":[],"featured_image_urls":{"full":"","thumbnail":"","medium":"","medium_large":"","large":"","1536x1536":"","2048x2048":"","penci-recipe-1200x1200":"","penci-recipe-1200x900":"","penci-recipe-1200x675":"","penci-single-full":"","penci-slider-full-thumb":"","penci-full-thumb":"","penci-slider-thumb":"","penci-magazine-slider":"","penci-thumb":"","penci-masonry-thumb":"","penci-thumb-square":"","penci-thumb-vertical":"","penci-thumb-small":""},"author_info":{"display_name":"Nandi","author_link":"https:\/\/nandi.info\/?author=1"},"category_info":"<a href=\"https:\/\/nandi.info\/?cat=27\" rel=\"category\">Femmes<\/a> <a href=\"https:\/\/nandi.info\/?cat=67\" rel=\"category\">Le Sursaut<\/a> <a href=\"https:\/\/nandi.info\/?cat=92\" rel=\"category\">Slider<\/a>","tag_info":"Slider","comment_count":"0","jetpack_featured_media_url":"","jetpack_sharing_enabled":true,"_links":{"self":[{"href":"https:\/\/nandi.info\/index.php?rest_route=\/wp\/v2\/posts\/12167","targetHints":{"allow":["GET"]}}],"collection":[{"href":"https:\/\/nandi.info\/index.php?rest_route=\/wp\/v2\/posts"}],"about":[{"href":"https:\/\/nandi.info\/index.php?rest_route=\/wp\/v2\/types\/post"}],"author":[{"embeddable":true,"href":"https:\/\/nandi.info\/index.php?rest_route=\/wp\/v2\/users\/1"}],"replies":[{"embeddable":true,"href":"https:\/\/nandi.info\/index.php?rest_route=%2Fwp%2Fv2%2Fcomments&post=12167"}],"version-history":[{"count":0,"href":"https:\/\/nandi.info\/index.php?rest_route=\/wp\/v2\/posts\/12167\/revisions"}],"wp:featuredmedia":[{"embeddable":true,"href":"https:\/\/nandi.info\/index.php?rest_route=\/"}],"wp:attachment":[{"href":"https:\/\/nandi.info\/index.php?rest_route=%2Fwp%2Fv2%2Fmedia&parent=12167"}],"wp:term":[{"taxonomy":"category","embeddable":true,"href":"https:\/\/nandi.info\/index.php?rest_route=%2Fwp%2Fv2%2Fcategories&post=12167"},{"taxonomy":"post_tag","embeddable":true,"href":"https:\/\/nandi.info\/index.php?rest_route=%2Fwp%2Fv2%2Ftags&post=12167"}],"curies":[{"name":"wp","href":"https:\/\/api.w.org\/{rel}","templated":true}]}}