{"id":12166,"date":"2023-03-06T10:30:00","date_gmt":"2023-03-06T09:30:00","guid":{"rendered":"https:\/\/nandi.info\/?p=12166"},"modified":"2023-03-06T10:30:00","modified_gmt":"2023-03-06T09:30:00","slug":"greve-illimitee-au-chu-gabriel-toure-le-comite-syndical-choque-devant-lattitude-dindifference-des-autorites","status":"publish","type":"post","link":"https:\/\/nandi.info\/?p=12166","title":{"rendered":"<strong>Grev\u00e9 illimit\u00e9e au chu Gabriel Tour\u00e9&nbsp;: Le Comit\u00e9 syndical choqu\u00e9 devant l\u2019attitude d\u2019indiff\u00e9rence des autorit\u00e9s&nbsp;!<\/strong>"},"content":{"rendered":"\n<p><strong><em>Dans l\u2019objectif de donner des \u00e9l\u00e9ments d\u2019information&nbsp; sur le d\u00e9roul\u00e9 de la gr\u00e8ve illimit\u00e9e qui a commenc\u00e9 le 27 f\u00e9vrier au CHU Gabriel Tour\u00e9, le Comit\u00e9 du CHU Gabriel Tour\u00e9 du Syndicat National de la Sant\u00e9, de l\u2019Action Sociale et de la Promotion de la Famille (SNS-AS-PF)&nbsp; a organis\u00e9 le mardi 28 f\u00e9vrier 2023 \u00e0 la Bourse du Travail, un point de presse. Ce point de presse a \u00e9t\u00e9 l\u2019occasion pour ce comit\u00e9 d\u2019appeler l\u2019Etat \u00e0 r\u00e9agir&nbsp; le plus t\u00f4t&nbsp; que possible pour le bien des patients du CHU-GT.<\/em><\/strong><\/p>\n\n\n\n<p class=\"has-drop-cap\">Dans une d\u00e9claration lue par le porte-parole et le Secr\u00e9taire-G\u00e9n\u00e9ral-Adjoint, Djim\u00e9 Kant\u00e9, le Comit\u00e9 du CHU Gabriel Tour\u00e9 du Syndicat National de la Sant\u00e9, de l\u2019Action Sociale et de la Promotion de la Famille, affirme qu\u2019au sein du CHU-GT, depuis deux ans le Directeur General, avec l\u2019appui de certains membres du Bureau Ex\u00e9cutif National du SNS-AS-PF a entrepris la mise en place d\u2019un bureau parall\u00e8le du Comit\u00e9 syndical dudit CHU en violation de toutes les dispositions r\u00e8glementaires. Et selon eux, c\u2019est cet alibi de&nbsp; l\u2019existence de deux bureaux au sein du Comit\u00e9 Syndical du CHU Gabriel&nbsp; Tour\u00e9 qui est utilis\u00e9 par le Minist\u00e8re en charge&nbsp; du Dialogue social ainsi que par celui en charge de la Sant\u00e9 et la Direction du CHU Gabriel Tour\u00e9 pour annihiler toute activit\u00e9 syndicale en violant la Convention n\u00b0151(C151), en son article 5 alin\u00e9as 2 et 3.<\/p>\n\n\n\n<p>\u00abMalgr\u00e9 tous les \u00e9clairages et mises en garde donn\u00e9s par le Secr\u00e9taire g\u00e9n\u00e9ral de l\u2019UNTM pour de tels agissements (\u00e0 travers des correspondances et des lettres circulaires) le minist\u00e8re du Travail, de la Fonction Publique et du Dialogue Social est rest\u00e9 insensible et apr\u00e8s le d\u00e9p\u00f4t le 24 janvier 2023 du pr\u00e9avis de gr\u00e8ve, il a refus\u00e9 d\u2019ouvrir les n\u00e9gociations \u00e0 travers&nbsp; une commission&nbsp; de conciliation comme l\u2019exige la Loi N\u00b0 87-47\/AN-RM( Article3)&nbsp;\u00bb, a pr\u00e9cis\u00e9 Djim\u00e9 Kant\u00e9. De ce fait, dira-t-il, devant l\u2019absence de n\u00e9gociation la gr\u00e8ve devenait in\u00e9vitable. Une gr\u00e8ve d\u00e9but\u00e9e par une premi\u00e8re phase de 72 heures largement suivie du Mercredi 08 f\u00e9vrier&nbsp; au vendredi 10 f\u00e9vrier 2023. Et la seconde phase de 96 heures du Lundi 13 au jeudi 16 f\u00e9vrier 2023. \u00ab&nbsp; Depuis le lundi 27 f\u00e9vrier la phase de gr\u00e8ve illimit\u00e9e&nbsp; a d\u00e9but\u00e9 et largement suivie par le personnel du CHU Gabriel Tour\u00e9 mais dans l\u2019indiff\u00e9rence des Minist\u00e8res&nbsp; en charge de la gestion du Pr\u00e9avis d\u00e9pos\u00e9&nbsp;\u00bb, a indiqu\u00e9 le Porte-parole du Comit\u00e9 syndical du CHU Gabriel Tour\u00e9.&nbsp; Pour lui, les \u00e9l\u00e9ments de justification&nbsp; de leur indignation et sur lesquels se fonde la pr\u00e9sente&nbsp; d\u00e9marche sont palpables. Il suffit, selon lui, de se rendre \u00e0 l\u2019h\u00f4pital Gabriel Tour\u00e9 ou d\u2019\u00e9changer avec un agent de cet h\u00f4pital pour se rendre compte des probl\u00e8mes majeurs. Et d\u2019ajouter que cette initiative de gr\u00e8ve a \u00e9t\u00e9 prise dans le but de prendre \u00e0 t\u00e9moin l\u2019opinion nationale voire internationale&nbsp; de la volont\u00e9 des travailleurs de l\u2019h\u00f4pital Gabriel Tour\u00e9&nbsp; \u00e0 \u0153uvrer pour instaurer des meilleures conditions de travail pour l\u2019int\u00e9r\u00eat des patients.<\/p>\n\n\n\n<p>Dans cette d\u00e9claration, le Comit\u00e9 syndical du CHU Gabriel Tour\u00e9 indique que leurs principales pr\u00e9occupations actuelles qui ont fait l\u2019objet de la cessation de travail de ces derniers jours, s\u2019articulent autour de trois axes majeurs. A savoir&nbsp;: l\u2019av\u00e8nement d\u2019une bonne gouvernance hospitali\u00e8re&nbsp;; la s\u00e9curit\u00e9 du personnel et l\u2019am\u00e9lioration&nbsp; des conditions d\u2019accueil, d\u2019hospitalisation et des soins des patients. S\u2019y ajoute, le respect des engagements pris par les autorit\u00e9s. Et d\u2019ajouter qu\u2019ils osent croire que les autorit\u00e9s s\u2019activeront \u00e0 satisfaire ces dites pr\u00e9occupations. Ce, en appliquant le D\u00e9cret N\u00b006-189\/PRM portant modification du d\u00e9cret N\u00b003-338\/P-RM du 7 aout 2023 fixant l\u2019organisation et les modalit\u00e9s de fonctionnement de l\u2019h\u00f4pital Gabriel Tour\u00e9 (en son article 7,4). De mettre le personnel Bi-appartenant dans ses droits conform\u00e9ment \u00e0 la loi et aux engagements ant\u00e9rieurs du Gouvernement. De diligenter l\u2019application du D\u00e9cret relatif aux actes personnalis\u00e9s et les mesures associ\u00e9es pour les autres agents non prises en compte conform\u00e9ment aux conclusions de la 44<sup>\u00e8me<\/sup> Session du Conseil d\u2019administration dudit h\u00f4pital, tenue le 15 mars 2021. Il s\u2019agira aussi de faire b\u00e9n\u00e9ficier l\u2019ensemble du personnel contractuel des avantages des accords d\u2019uniformisation de la grille salariale sign\u00e9e avec l\u2019UNTM. Et de donner une suite favorable aux diff\u00e9rents points de revendication d\u00e9pos\u00e9s le 29 novembre 2021. De m\u00eame, songer \u00e0 l\u2019ex\u00e9cution pour leur extinction d\u00e9finitive, les diff\u00e9rents protocoles d\u2019accords sign\u00e9s entre le d\u00e9partement de la Sant\u00e9 et les Comit\u00e9s Syndicaux du CHU Gabriel Tour\u00e9.<\/p>\n\n\n\n<p>\u00ab&nbsp;Nous esp\u00e9rons qu\u2019en informant l\u2019opinion nationale voire internationale de nos pr\u00e9occupation, nos autorit\u00e9s comprendront et r\u00e9agiront vite. C\u2019est le souhait le plus ardent du Comit\u00e9 syndical du CHU Gabriel Tour\u00e9, raison pour laquelle nous souhaitons un traitement de ces informations dans un esprit constructif pour les solutions vraies et durables dans l\u2019int\u00e9r\u00eat de tous et de chacun, car apr\u00e8s tout, nous sommes tous des potentiels malades&nbsp;\u00bb, a soulign\u00e9 le porte-parole du Comit\u00e9 syndical du CHU Gabriel Tour\u00e9 dans sa d\u00e9claration.<\/p>\n\n\n\n<p><strong>Adama Tounkara<\/strong><\/p>\n","protected":false},"excerpt":{"rendered":"<p>Dans l\u2019objectif de donner des \u00e9l\u00e9ments d\u2019information&nbsp; sur le d\u00e9roul\u00e9 de la gr\u00e8ve illimit\u00e9e qui a commenc\u00e9 le 27 f\u00e9vrier au CHU Gabriel Tour\u00e9, le Comit\u00e9 du CHU Gabriel Tour\u00e9&hellip;<\/p>\n","protected":false},"author":1,"featured_media":6476,"comment_status":"open","ping_status":"closed","sticky":false,"template":"","format":"standard","meta":{"content-type":"","_lmt_disableupdate":"","_lmt_disable":"","_jetpack_memberships_contains_paid_content":false,"footnotes":"","jetpack_publicize_message":"","jetpack_publicize_feature_enabled":true,"jetpack_social_post_already_shared":true,"jetpack_social_options":{"image_generator_settings":{"template":"highway","default_image_id":0,"font":"","enabled":false},"version":2}},"categories":[67,24,92],"tags":[],"class_list":["post-12166","post","type-post","status-publish","format-standard","has-post-thumbnail","hentry","category-le-sursaut","category-sante","category-slider"],"jetpack_publicize_connections":[],"featured_image_urls":{"full":"","thumbnail":"","medium":"","medium_large":"","large":"","1536x1536":"","2048x2048":"","penci-recipe-1200x1200":"","penci-recipe-1200x900":"","penci-recipe-1200x675":"","penci-single-full":"","penci-slider-full-thumb":"","penci-full-thumb":"","penci-slider-thumb":"","penci-magazine-slider":"","penci-thumb":"","penci-masonry-thumb":"","penci-thumb-square":"","penci-thumb-vertical":"","penci-thumb-small":""},"author_info":{"display_name":"Nandi","author_link":"https:\/\/nandi.info\/?author=1"},"category_info":"<a href=\"https:\/\/nandi.info\/?cat=67\" rel=\"category\">Le Sursaut<\/a> <a href=\"https:\/\/nandi.info\/?cat=24\" rel=\"category\">Sant\u00e9<\/a> <a href=\"https:\/\/nandi.info\/?cat=92\" rel=\"category\">Slider<\/a>","tag_info":"Slider","comment_count":"0","jetpack_featured_media_url":"","jetpack_sharing_enabled":true,"_links":{"self":[{"href":"https:\/\/nandi.info\/index.php?rest_route=\/wp\/v2\/posts\/12166","targetHints":{"allow":["GET"]}}],"collection":[{"href":"https:\/\/nandi.info\/index.php?rest_route=\/wp\/v2\/posts"}],"about":[{"href":"https:\/\/nandi.info\/index.php?rest_route=\/wp\/v2\/types\/post"}],"author":[{"embeddable":true,"href":"https:\/\/nandi.info\/index.php?rest_route=\/wp\/v2\/users\/1"}],"replies":[{"embeddable":true,"href":"https:\/\/nandi.info\/index.php?rest_route=%2Fwp%2Fv2%2Fcomments&post=12166"}],"version-history":[{"count":0,"href":"https:\/\/nandi.info\/index.php?rest_route=\/wp\/v2\/posts\/12166\/revisions"}],"wp:featuredmedia":[{"embeddable":true,"href":"https:\/\/nandi.info\/index.php?rest_route=\/"}],"wp:attachment":[{"href":"https:\/\/nandi.info\/index.php?rest_route=%2Fwp%2Fv2%2Fmedia&parent=12166"}],"wp:term":[{"taxonomy":"category","embeddable":true,"href":"https:\/\/nandi.info\/index.php?rest_route=%2Fwp%2Fv2%2Fcategories&post=12166"},{"taxonomy":"post_tag","embeddable":true,"href":"https:\/\/nandi.info\/index.php?rest_route=%2Fwp%2Fv2%2Ftags&post=12166"}],"curies":[{"name":"wp","href":"https:\/\/api.w.org\/{rel}","templated":true}]}}