{"id":12163,"date":"2023-03-06T10:23:00","date_gmt":"2023-03-06T09:23:00","guid":{"rendered":"https:\/\/nandi.info\/?p=12163"},"modified":"2023-03-06T10:23:00","modified_gmt":"2023-03-06T09:23:00","slug":"52eme-session-du-conseil-des-droits-de-lhomme-le-langage-de-verite-du-ministre-diop-aux-ambassadeurs-africains","status":"publish","type":"post","link":"https:\/\/nandi.info\/?p=12163","title":{"rendered":"<strong>52<sup>\u00e8me<\/sup> &nbsp;session du Conseil des Droits de l\u2019Homme&nbsp;: Le langage de v\u00e9rit\u00e9 du Ministre&nbsp; Diop aux Ambassadeurs africains&nbsp;!<\/strong>"},"content":{"rendered":"\n<p><strong><em>Le jeudi 2 mars dernier, le Ministre des Affaires Etrang\u00e8res et de la Coop\u00e9ration Internationale, Abdoulaye Diop a tenu un entretien virtuel avec le Groupe des Ambassadeurs africains accr\u00e9dit\u00e9s aupr\u00e8s de l\u2019Office des Nations-Unies \u00e0 Gen\u00e8ve (Suisse). C\u2019\u00e9tait en pr\u00e9lude de la 52\u00e8me session du Conseil des Droits de l\u2019Homme. Il s\u2019agissait pour lui d\u2019\u00e9changer sur la situation politico-s\u00e9curitaire au Mali. L\u2019occasion a \u00e9t\u00e9 opportune pour le Chef de la diplomatie malienne de souligner que&nbsp; les Autorit\u00e9s du pays ne peuvent, en aucune mani\u00e8re,&nbsp; porter d\u00e9lib\u00e9r\u00e9ment atteinte aux Droits de l\u2019Homme, ce, pour plusieurs raisons.<\/em><\/strong><\/p>\n\n\n\n<p class=\"has-drop-cap\">Pour battre en br\u00e8che les nombreuses accusations contre le Mali de la Communaut\u00e9 Internationale et de certaines Organisations et Associations de D\u00e9fense des Droits de l\u2019Homme,&nbsp; le Ministre des Affaires Etrang\u00e8res et de la Coop\u00e9ration Internationale, Abdoulaye Diop a tenu une r\u00e9union virtuelle avec le Groupe des Ambassadeurs africains accr\u00e9dit\u00e9s aupr\u00e8s de l\u2019Office des Nations-Unies \u00e0 Gen\u00e8ve (Suisse), le jeudi 2 mars 2022, en marge la 52\u00e8me session du Conseil des Droits de l\u2019Homme.<\/p>\n\n\n\n<p>A cet effet, le Chef de la diplomatie malienne a rendu hommage \u00e0 la m\u00e9moire de toutes les victimes de la crise malienne et d\u2019exprimer sa profonde reconnaissance \u00e0 tous les pays amis du Mali, y compris les pays africains.&nbsp; Qui, selon lui, continuent de soutenir et de d\u00e9fendre le Mali depuis le d\u00e9clenchement de la crise s\u00e9curitaire cons\u00e9cutive \u00e0 l\u2019intervention militaire de l\u2019OTAN en Libye.<\/p>\n\n\n\n<p>Occasion pour lui de d\u00e9tailler les efforts importants du Gouvernement malien dans le renforcement des capacit\u00e9s op\u00e9rationnelles des forces de d\u00e9fense et de s\u00e9curit\u00e9 du Mali pour la lutte contre le terrorisme. En sus, il n\u2019a pas manqu\u00e9 de signifier que l\u2019un des grands r\u00e9sultats de cette lutte est la diminution drastique des cas d\u2019atteintes aux Droits de l\u2019Homme, comme l\u2019atteste les rapports \u00e9labor\u00e9s dans ce cadre.<\/p>\n\n\n\n<p>En r\u00e9ponse \u00e0 certaines accusations sur l\u2019atteinte et la violation des Droits de l\u2019Homme au Mali, le Ministre Diop a dit que les Autorit\u00e9s maliennes ne peuvent, en aucune mani\u00e8re,&nbsp; porter d\u00e9lib\u00e9r\u00e9ment atteinte aux Droits de l\u2019Homme, pour des raisons bien pr\u00e9cises. La premi\u00e8re est relative au fait qu\u2019il s\u2019agisse de leurs propres populations qu\u2019elles (les Autorit\u00e9s) sont&nbsp; charg\u00e9es de prot\u00e9ger et de d\u00e9fendre. La deuxi\u00e8me qui ne fait l\u2019ombre d\u2019aucun doute rel\u00e8ve du fait que l\u2019Arm\u00e9e malienne est plurielle et multiethnique. Ce faisant, un ciblage syst\u00e9matique de certaines communaut\u00e9s&nbsp; va \u00e0 l\u2019encontre du bon sens le plus \u00e9l\u00e9mentaire mais aussi, heurte la tradition de coh\u00e9sion multis\u00e9culaire du Mali.<\/p>\n\n\n\n<p>En outre, dira le Ministre Diop, les \u00e9l\u00e9ments des Forces de D\u00e9fense et de S\u00e9curit\u00e9 du Mali re\u00e7oivent continuellement des modules de formation sur les Droits de l\u2019Homme&nbsp;; et qu\u2019en toute transparence, le Gouvernement ouvre des enqu\u00eates \u00e0 divers niveaux de juridiction, m\u00eame devant les tribunaux militaires, lorsque des cas \u00e9tay\u00e9s sont port\u00e9s \u00e0 la connaissance des Autorit\u00e9s. D\u2019ailleurs, que des condamnations ont \u00e9t\u00e9 prononc\u00e9es pour les cas av\u00e9r\u00e9s et \u00e9tablis par la justice.<\/p>\n\n\n\n<p>Par ailleurs dans son intervention, le Ministre des Affaires Etrang\u00e8res et de la Coop\u00e9ration Internationale du Mali a indiqu\u00e9 avec satisfaction \u00e0 ses paires, les avanc\u00e9es politiques du processus de Transition au Mali, r\u00e9alis\u00e9es dans une approche participative, inclusive et transparente. Cela, dans le but d\u2019un retour \u00e0 l\u2019ordre constitutionnel apais\u00e9 et s\u00e9curis\u00e9.<\/p>\n\n\n\n<p><strong>Par Mariam Sissoko<\/strong><\/p>\n","protected":false},"excerpt":{"rendered":"<p>Le jeudi 2 mars dernier, le Ministre des Affaires Etrang\u00e8res et de la Coop\u00e9ration Internationale, Abdoulaye Diop a tenu un entretien virtuel avec le Groupe des Ambassadeurs africains accr\u00e9dit\u00e9s aupr\u00e8s&hellip;<\/p>\n","protected":false},"author":1,"featured_media":6515,"comment_status":"open","ping_status":"closed","sticky":false,"template":"","format":"standard","meta":{"content-type":"","_lmt_disableupdate":"","_lmt_disable":"","_jetpack_memberships_contains_paid_content":false,"footnotes":"","jetpack_publicize_message":"","jetpack_publicize_feature_enabled":true,"jetpack_social_post_already_shared":true,"jetpack_social_options":{"image_generator_settings":{"template":"highway","default_image_id":0,"font":"","enabled":false},"version":2}},"categories":[67,21],"tags":[],"class_list":["post-12163","post","type-post","status-publish","format-standard","has-post-thumbnail","hentry","category-le-sursaut","category-societe"],"jetpack_publicize_connections":[],"featured_image_urls":{"full":"","thumbnail":"","medium":"","medium_large":"","large":"","1536x1536":"","2048x2048":"","penci-recipe-1200x1200":"","penci-recipe-1200x900":"","penci-recipe-1200x675":"","penci-single-full":"","penci-slider-full-thumb":"","penci-full-thumb":"","penci-slider-thumb":"","penci-magazine-slider":"","penci-thumb":"","penci-masonry-thumb":"","penci-thumb-square":"","penci-thumb-vertical":"","penci-thumb-small":""},"author_info":{"display_name":"Nandi","author_link":"https:\/\/nandi.info\/?author=1"},"category_info":"<a href=\"https:\/\/nandi.info\/?cat=67\" rel=\"category\">Le Sursaut<\/a> <a href=\"https:\/\/nandi.info\/?cat=21\" rel=\"category\">Soci\u00e9t\u00e9<\/a>","tag_info":"Soci\u00e9t\u00e9","comment_count":"0","jetpack_featured_media_url":"","jetpack_sharing_enabled":true,"_links":{"self":[{"href":"https:\/\/nandi.info\/index.php?rest_route=\/wp\/v2\/posts\/12163","targetHints":{"allow":["GET"]}}],"collection":[{"href":"https:\/\/nandi.info\/index.php?rest_route=\/wp\/v2\/posts"}],"about":[{"href":"https:\/\/nandi.info\/index.php?rest_route=\/wp\/v2\/types\/post"}],"author":[{"embeddable":true,"href":"https:\/\/nandi.info\/index.php?rest_route=\/wp\/v2\/users\/1"}],"replies":[{"embeddable":true,"href":"https:\/\/nandi.info\/index.php?rest_route=%2Fwp%2Fv2%2Fcomments&post=12163"}],"version-history":[{"count":0,"href":"https:\/\/nandi.info\/index.php?rest_route=\/wp\/v2\/posts\/12163\/revisions"}],"wp:featuredmedia":[{"embeddable":true,"href":"https:\/\/nandi.info\/index.php?rest_route=\/"}],"wp:attachment":[{"href":"https:\/\/nandi.info\/index.php?rest_route=%2Fwp%2Fv2%2Fmedia&parent=12163"}],"wp:term":[{"taxonomy":"category","embeddable":true,"href":"https:\/\/nandi.info\/index.php?rest_route=%2Fwp%2Fv2%2Fcategories&post=12163"},{"taxonomy":"post_tag","embeddable":true,"href":"https:\/\/nandi.info\/index.php?rest_route=%2Fwp%2Fv2%2Ftags&post=12163"}],"curies":[{"name":"wp","href":"https:\/\/api.w.org\/{rel}","templated":true}]}}