{"id":12156,"date":"2023-03-06T10:05:00","date_gmt":"2023-03-06T09:05:00","guid":{"rendered":"https:\/\/nandi.info\/?p=12156"},"modified":"2023-03-06T10:05:00","modified_gmt":"2023-03-06T09:05:00","slug":"operation-de-rapatriement-suite-a-la-crise-contre-les-migrants-en-tunisie-135-maliens-en-detresse-ont-regagne-le-pays-le-samedi-soir","status":"publish","type":"post","link":"https:\/\/nandi.info\/?p=12156","title":{"rendered":"Op\u00e9ration de rapatriement suite \u00e0 la crise contre les migrants en Tunisie\u00a0: 135 Maliens en d\u00e9tresse ont regagn\u00e9 le pays le samedi soir"},"content":{"rendered":"\n<p><strong><em>Le samedi 4 mars, en fin de soir\u00e9e, 135 de nos compatriotes en provenance de la Tunisie sont retourn\u00e9s au pays, sains et saufs, gr\u00e2ce au Gouvernement de la Transition. Ils ont \u00e9t\u00e9 accueillis \u00e0 leur descente d\u2019avion (un Airbus de Sky-Mali) par le ministre de la D\u00e9fense et des Anciens Combattants, Colonel Sadion (repr\u00e9sentant le Premier-ministre) accompagn\u00e9 par d\u2019autres membres du Gouvernement et les familles de ces migrants maliens\u00a0 \u00e0 l\u2019a\u00e9roport International Pr\u00e9sident Modibo Keita de Senou. Cette op\u00e9ration de rapatriement intervient apr\u00e8s que les populations sub-sahariennes vivant en Tunisie aient \u00e9t\u00e9 la cible d\u2019actions de violences-racistes et contraintes de quitter le pays.<\/em><\/strong><\/p>\n\n\n\n<p class=\"has-drop-cap\">Depuis&nbsp; des semaines d\u00e9j\u00e0, apr\u00e8s une d\u00e9claration controvers\u00e9e du pr\u00e9sident tunisien,&nbsp; Kais Saeid, sur les migrants subsahariens qui vivent en masse dans son pays, une haine g\u00e9n\u00e9ralis\u00e9e s\u2019est empar\u00e9e de certains tunisien envers nos fr\u00e8res et s\u0153urs africains noirs. Depuis, ils sont victimes d\u2019agressions et d\u2019arrestations arbitraires. Sinon des s\u00e9vices de tous genres, comme en attestent les images de nombreuses vid\u00e9os diffus\u00e9es sur les r\u00e9seaux-sociaux.<\/p>\n\n\n\n<p>C\u2019est ainsi que beaucoup d\u2019ambassades des pays accr\u00e9dit\u00e9s en Tunisie, comme celle du Mali, pour r\u00e9pondre aux cris de c\u0153ur de leurs ressortissants ont mis en place une dynamique de recensement de ceux qui veulent quitter ce pays magr\u00e9bin, jadis terre d\u2019accueil. A cet effet, le Gouvernement de la Transition du Mali, \u00e0 travers le minist\u00e8re en charge des Maliens \u00e9tablis \u00e0 l\u2019ext\u00e9rieur a facilit\u00e9 le retour au pays de certains de nos compatriotes en prenant enti\u00e8rement en charge cette op\u00e9ration de rapatriement. Pour ce faire, un vol sp\u00e9cial (Sky-Mali) a \u00e9t\u00e9 affr\u00e9t\u00e9 pour faire Bko-Tunis-Bko. Samedi, un premier contingent de ces Maliens en d\u00e9tresse en Tunisie est arriv\u00e9 \u00e0 l\u2019a\u00e9roport international Pr\u00e9sident Modibo K\u00e9ita-Senou. Ils sont au nombre de 135 Maliens, enfants, jeunes, vieux et femmes, accueillis sur le tarmac par les autorit\u00e9s de la Transition.<\/p>\n\n\n\n<p>Pour l\u2019occasion, le Ministre de la D\u00e9fense et des Anciens Combattants, le Colonel Sadio Camara, repr\u00e9sentant le Premier ministre,&nbsp; apr\u00e8s avoir souhait\u00e9 la bienvenue \u00e0 nos compatriotes au nom des plus hautes autorit\u00e9s, les a rassur\u00e9s sur l\u2019accompagnement du minist\u00e8re des Maliens Etablis \u00e0 l\u2019Ext\u00e9rieur et de ses partenaires afin de leur permettre de regagner leur domicile. Pour lui, la situation actuelle qui pr\u00e9vaut en Tunisie a caus\u00e9 beaucoup de d\u00e9sagr\u00e9ments&nbsp; chez nos compatriotes. Et d\u2019ajouter&nbsp; que l\u2019\u00e9volution de la situation inqui\u00e8te le Gouvernement du Mali qui compte parmi les communaut\u00e9s les plus importantes dans ce pays. \u00c0 l\u2019en croire, toutes les dispositions sont prises par l\u2019Ambassade du Mali en Tunisie pour assurer la s\u00e9curit\u00e9 de nos compatriotes. A ses dires, le Mali a d\u00e9plor\u00e9 et condamn\u00e9 les actes que les noirs sont sujets en Tunisie. Que ces actes n\u2019honorent ni les autorit\u00e9s tunisiennes ni le peuple tunisien. \u00ab&nbsp; Nous esp\u00e9rons que la voie de la raison l\u2019emportera pour le bien de nos populations et le respect de l\u2019esprit de l\u2019int\u00e9gration pr\u00f4n\u00e9 par l\u2019Union Africaine&nbsp;\u00bb, a dit le Ministre Camara. Il a promis, au nom du Gouvernement, de ne m\u00e9nager aucun effort pour le rapatriement d\u00e9finitif de tous nos compatriotes d\u00e9sireux de retourner au pays.<\/p>\n\n\n\n<p>Cette initiative du Gouvernement de la Transition est salutaire \u00e0 plus d\u2019un titre. Cela, en raison du fait que nombreux sont nos compatriotes qui ont \u00e9t\u00e9 victimes de ces actes de racisme et de x\u00e9nophobie \u00e0 l\u2019encontre des noirs en Tunisie. Esp\u00e9rons que cette bonne initiative puisse continuer, afin que les maliens vivants hors du pays puissent continuer \u00e0 \u00eatre fiers de leurs autorit\u00e9s.<\/p>\n\n\n\n<p><strong>Adama Tounkara<\/strong><\/p>\n","protected":false},"excerpt":{"rendered":"<p>Le samedi 4 mars, en fin de soir\u00e9e, 135 de nos compatriotes en provenance de la Tunisie sont retourn\u00e9s au pays, sains et saufs, gr\u00e2ce au Gouvernement de la Transition.&hellip;<\/p>\n","protected":false},"author":1,"featured_media":12161,"comment_status":"open","ping_status":"closed","sticky":false,"template":"","format":"standard","meta":{"content-type":"","_lmt_disableupdate":"","_lmt_disable":"","_jetpack_memberships_contains_paid_content":false,"footnotes":"","jetpack_publicize_message":"","jetpack_publicize_feature_enabled":true,"jetpack_social_post_already_shared":true,"jetpack_social_options":{"image_generator_settings":{"template":"highway","default_image_id":0,"font":"","enabled":false},"version":2}},"categories":[67,21],"tags":[],"class_list":["post-12156","post","type-post","status-publish","format-standard","has-post-thumbnail","hentry","category-le-sursaut","category-societe"],"jetpack_publicize_connections":[],"featured_image_urls":{"full":"","thumbnail":"","medium":"","medium_large":"","large":"","1536x1536":"","2048x2048":"","penci-recipe-1200x1200":"","penci-recipe-1200x900":"","penci-recipe-1200x675":"","penci-single-full":"","penci-slider-full-thumb":"","penci-full-thumb":"","penci-slider-thumb":"","penci-magazine-slider":"","penci-thumb":"","penci-masonry-thumb":"","penci-thumb-square":"","penci-thumb-vertical":"","penci-thumb-small":""},"author_info":{"display_name":"Nandi","author_link":"https:\/\/nandi.info\/?author=1"},"category_info":"<a href=\"https:\/\/nandi.info\/?cat=67\" rel=\"category\">Le Sursaut<\/a> <a href=\"https:\/\/nandi.info\/?cat=21\" rel=\"category\">Soci\u00e9t\u00e9<\/a>","tag_info":"Soci\u00e9t\u00e9","comment_count":"0","jetpack_featured_media_url":"","jetpack_sharing_enabled":true,"_links":{"self":[{"href":"https:\/\/nandi.info\/index.php?rest_route=\/wp\/v2\/posts\/12156","targetHints":{"allow":["GET"]}}],"collection":[{"href":"https:\/\/nandi.info\/index.php?rest_route=\/wp\/v2\/posts"}],"about":[{"href":"https:\/\/nandi.info\/index.php?rest_route=\/wp\/v2\/types\/post"}],"author":[{"embeddable":true,"href":"https:\/\/nandi.info\/index.php?rest_route=\/wp\/v2\/users\/1"}],"replies":[{"embeddable":true,"href":"https:\/\/nandi.info\/index.php?rest_route=%2Fwp%2Fv2%2Fcomments&post=12156"}],"version-history":[{"count":0,"href":"https:\/\/nandi.info\/index.php?rest_route=\/wp\/v2\/posts\/12156\/revisions"}],"wp:featuredmedia":[{"embeddable":true,"href":"https:\/\/nandi.info\/index.php?rest_route=\/"}],"wp:attachment":[{"href":"https:\/\/nandi.info\/index.php?rest_route=%2Fwp%2Fv2%2Fmedia&parent=12156"}],"wp:term":[{"taxonomy":"category","embeddable":true,"href":"https:\/\/nandi.info\/index.php?rest_route=%2Fwp%2Fv2%2Fcategories&post=12156"},{"taxonomy":"post_tag","embeddable":true,"href":"https:\/\/nandi.info\/index.php?rest_route=%2Fwp%2Fv2%2Ftags&post=12156"}],"curies":[{"name":"wp","href":"https:\/\/api.w.org\/{rel}","templated":true}]}}