{"id":12149,"date":"2023-03-02T18:45:00","date_gmt":"2023-03-02T17:45:00","guid":{"rendered":"https:\/\/nandi.info\/?p=12149"},"modified":"2023-03-02T18:45:00","modified_gmt":"2023-03-02T17:45:00","slug":"opinion-azawad-un-ecran-de-fumee-pour-dissimuler-des-trafics-afin-de-financer-le-terrorisme","status":"publish","type":"post","link":"https:\/\/nandi.info\/?p=12149","title":{"rendered":"<strong>Opinion&nbsp;: <\/strong><strong>AZAWAD&nbsp;<\/strong><strong>: <\/strong><strong>\u2019\u2019Un \u00e9cran de fum\u00e9e pour dissimuler des trafics afin de financer le terrorisme\u2019\u2019<\/strong><strong><\/strong>"},"content":{"rendered":"\n<p><strong>Ayant d\u00e9cid\u00e9 de prendre leur distance vis-\u00e0-vis de l\u2019Accord pour la paix et la R\u00e9conciliation au Mali (APR) et de fusionner leurs groupes, les responsables de la Coordination des mouvements de l\u2019Azawad (CMA) sont dans la provocation et la propagande depuis des mois. Ils ne ratent aucune occasion de jeter l\u2019huile sur le feu. Heureusement, parce qu\u2019elles ont d\u2019autres chats \u00e0 fouetter pour le moment et parce qu\u2019elles sont d\u00e9termin\u00e9es \u00e0 donner \u00e0 la paix toutes ses chances, les autorit\u00e9s de la Transition ne c\u00e8dent pas \u00e0 ce jeu.<\/strong><\/p>\n\n\n\n<p>\u00ab<em>Quand on est fort on n\u00e9gocie, quand on est faible on va \u00e0 la provocation<\/em>\u00bb. Des propos attribu\u00e9s \u00e0 Dr Choguel K. Ma\u00efga, le Premier ministre de Transition, pendant sa visite \u00e0 Gao du 17 au 20 f\u00e9vrier 2023. Des propos sans doute adress\u00e9s aux responsables de la Coordination des mouvements de l\u2019Azawad (CMA) qui sont dans la provocation et la propagande depuis qu\u2019ils ont pris la d\u00e9cision de se mettre en marge du processus de paix.&nbsp;<\/p>\n\n\n\n<p>Ainsi, depuis des semaines, ils ont envahi les r\u00e9seaux sociaux en se vantant de pouvoir mobiliser pr\u00e8s de 400 pick-up lourdement arm\u00e9s et 2 000 hommes pour, disent-ils, s\u00e9curiser leur zone d\u2019influence, donc l\u2019Azawad. C\u2019est ainsi qu\u2019on voyait, sur twitter, le chef d\u2019\u00e9tat-major de la CMA menac\u00e9 le pr\u00e9sident Assimi Go\u00efta et le Colonel Sadio Camara de prendre toute la r\u00e9gion de Tombouctou en un clin d\u2019\u0153il s\u2019ils ne c\u00e8dent pas \u00e0 leur chantage.<\/p>\n\n\n\n<p>Il est clair qu\u2019ils connaissent les coins et les recoins du Sahara. Mais, ce qu\u2019ils oublient, c\u2019est que les FAMa ont aussi aujourd\u2019hui les moyens de leur livrer une guerre \u00e0 laquelle ils ne sont pas habitu\u00e9s de leur part. Nous avons un pays d\u00e9complex\u00e9 qui a retrouv\u00e9 sa souverainet\u00e9 avec une arm\u00e9e qui monte en puissance car dot\u00e9e d\u2019\u00e9quipements de la derni\u00e8re g\u00e9n\u00e9ration.<\/p>\n\n\n\n<p>Et ayant une id\u00e9e du nombre des habitants de ce pays imaginaire comme celui d\u2019Alice (Pays des merveilles), on a toutes les raisons de croire que la grande majorit\u00e9 des 2000 hommes ainsi mobilis\u00e9s sont des mercenaires et non des jeunes touaregs de l\u2019Azawad. Avec des responsables qui vivent dans le luxe aux d\u00e9pens du tr\u00e9sor public depuis la signature de l\u2019APR, on est aussi en droit de se demander d\u2019o\u00f9 la CMA tire-t-elle les moyens de payer tant de mercenaires et de 400 pick-up militaris\u00e9s&nbsp;?<\/p>\n\n\n\n<p>A notre avis, c\u2019est l\u00e0 une autre preuve des relations \u00e9troites entre cette coordination, \u00e0 travers le Haut conseil pour l&rsquo;unit\u00e9 de l&rsquo;Azawad (HCUA), et le Groupe de soutien \u00e0 l\u2019islam et aux musulmans (GSIM) d\u2019Iyad Ag Ghali. D\u2019ailleurs la fusion des composantes de la CMA serait l\u2019une de ses directives pour mieux se positionner parce qu\u2019il n\u2019est pas parvenu non seulement \u00e0 allier les populations de la zone des \u00ab<em>Trois<\/em>&nbsp;<em>fronti\u00e8res<\/em>\u00bb \u00e0 son combat, mais aussi \u00e0 r\u00e9ellement prendre le dessus sur son grand rival, l&rsquo;EIGS. S\u2019ils avaient mobilis\u00e9 ces 400 pick-up lourdement arm\u00e9s et 2 000 hommes pour \u00e9pauler le Gatia et le MSA-D \u00e0 M\u00e9naka, certainement qu\u2019on ne parlerait plus de cette branche de Daesh (Etat islamique) aujourd\u2019hui.<\/p>\n\n\n\n<p>Et quand les responsables de la CMA parlent de s\u00e9curiser les populations, on&nbsp;&nbsp;se demande contre qui exactement&nbsp;? Contre des bandits arm\u00e9s&nbsp;? Et cela d\u2019autant plus que nous ne voyons pas d\u2019autres groupes pouvant menacer la qui\u00e9tude dans une zone o\u00f9 ils constituent la seule pr\u00e9sence militaire. La Minusma et le bataillon de la nouvelle arm\u00e9e reconstitu\u00e9e font juste partie du d\u00e9cor&nbsp;!<\/p>\n\n\n\n<p>Toute pr\u00e9sence militaire autre que la sienne est per\u00e7ue par la<br>CMA comme une menace pour ses int\u00e9r\u00eats, pr\u00e9cis\u00e9ment le trafic d\u2019armes, de drogues, de cigarettes, d\u2019or\u2026 qui fait la fortune de ses leaders. Elle a m\u00eame ses propres agents et bureaux de douane. A quoi servent les recettes de ces trafics puisque nous n\u2019avons jamais entendu que la CMA a r\u00e9alis\u00e9 quoi que ce soit au b\u00e9n\u00e9fice des citoyens de (son) \u00ab&nbsp;Azawad&nbsp;\u00bb (toutes les r\u00e9alisations de la derni\u00e8re d\u00e9cennie est \u00e0 l\u2019actif de la Minusma ou d\u2019autres partenaires de l\u2019Etat malien)&nbsp;?<\/p>\n\n\n\n<p>A naturellement financer le terrorisme, \u00e0 soudoyer certaines notabilit\u00e9s afin de b\u00e9n\u00e9ficier de leur soutien et \u00e0 s\u2019assurer des jours meilleurs puisque la r\u00e9bellion sans r\u00e9elle conviction ne fait souvent que long feu. L\u2019Azawad au nom duquel ils disent se battre n\u2019est en fait qu\u2019un \u00e9cran de fum\u00e9e pour dissimuler ce trafic destin\u00e9 en partie \u00e0 financer des activit\u00e9s terroristes.<\/p>\n\n\n\n<p>Parler de s\u00e9curiser les populations de l\u2019Adrar des Ifoghas est de la pure d\u00e9magogie. Surtout quand l\u2019on sait que la CMA n\u2019a concr\u00e8tement jamais r\u00e9pondu \u00e0 l\u2019appel du Mouvement pour le salut de l&rsquo;Azawad (MSA-D) et du Groupe autod\u00e9fense touareg Imghad et alli\u00e9s (GATIA) pour d\u00e9fendre les populations de la r\u00e9gion de M\u00e9naka r\u00e9guli\u00e8rement massacr\u00e9es par les \u00e9l\u00e9ments d\u2019EIGS.<\/p>\n\n\n\n<p>\u00ab<em>Personne n\u2019est dupe, la CMA ne pouvait pas voler au secours de Gatia et du MSA-D parce qu\u2019elle est l\u2019aile politique du GSIM d\u2019Iyad. Et je ne pense pas que ce groupe ait int\u00e9r\u00eat \u00e0 ce qu\u2019EIGS soit extermin\u00e9 dans&nbsp;&nbsp;tout le nord du Mali. Iyad et ses soutiens savent que si cela se produit, ses jours sont compt\u00e9s parce que l\u2019arm\u00e9e ne mettra pas du temps \u00e0 lui mettre la main dessus gr\u00e2ce notamment au concours du G\u00e9n\u00e9ral Gamou, son \u00e9ternel rival. La pr\u00e9sence d\u2019EIGS permet de distraire l\u2019arm\u00e9e sur un autre front<\/em>\u00bb, nous a r\u00e9cemment confi\u00e9 un&nbsp;&nbsp;sp\u00e9cialiste des questions g\u00e9ostrat\u00e9giques dans la bande sah\u00e9lo-saharienne dont nous tairons le nom.<\/p>\n\n\n\n<p>\u00ab<em>L&rsquo;union fait la force&nbsp;: Si tous les mouvements de l&rsquo;Azawad s&rsquo;unissent sur le m\u00eame objectif, aucune force ne se dressera devant eux, et seul le peuple du pays pourra le prot\u00e9ger, car ce sont eux qui connaissent ses routes cahoteuses et ses embuscades<\/em>\u00bb, disait r\u00e9cemment l\u2019un de leurs leaders sur twitter. \u00ab<em>L\u2019Union fait la force<\/em>\u00bb, ont rappel\u00e9 les terroristes d\u00e9guis\u00e9s en rebelles&nbsp;! Sans doute&nbsp;!<\/p>\n\n\n\n<p>Et nous sommes convaincus que le peuple malien saura se mobiliser derri\u00e8re ses dirigeants et son arm\u00e9e pour crever l\u2019abc\u00e8s d\u2019une pr\u00e9tendue Azawad devenue le gagne-pain des aventuriers aux d\u00e9pens des populations dont le seul d\u00e9sir est d\u2019acc\u00e9der au bien-\u00eatre comme une grande partie de la population malienne. Nous sommes pr\u00eats \u00e0 consentir tous les sacrifices pour la paix. Mais, nous savons aussi que qui veut la paix, pr\u00e9pare la guerre. Une r\u00e9alit\u00e9 qui avait \u00e9chapp\u00e9 aux dirigeants du Mali d\u00e9mocratique qui ont toujours n\u00e9goci\u00e9 avec les rebelles sous la pression de leurs parrains. Des accords qui ne nous ont garanti qu\u2019une paix \u00e9pisodique&nbsp;!<\/p>\n\n\n\n<p><strong>Kader To\u00e9<\/strong><\/p>\n\n\n\n<p><strong>Le Matin<\/strong><\/p>\n","protected":false},"excerpt":{"rendered":"<p>Ayant d\u00e9cid\u00e9 de prendre leur distance vis-\u00e0-vis de l\u2019Accord pour la paix et la R\u00e9conciliation au Mali (APR) et de fusionner leurs groupes, les responsables de la Coordination des mouvements&hellip;<\/p>\n","protected":false},"author":1,"featured_media":12150,"comment_status":"open","ping_status":"closed","sticky":false,"template":"","format":"standard","meta":{"content-type":"","_lmt_disableupdate":"","_lmt_disable":"","_jetpack_memberships_contains_paid_content":false,"footnotes":"","jetpack_publicize_message":"","jetpack_publicize_feature_enabled":true,"jetpack_social_post_already_shared":true,"jetpack_social_options":{"image_generator_settings":{"template":"highway","default_image_id":0,"font":"","enabled":false},"version":2}},"categories":[53,21],"tags":[],"class_list":["post-12149","post","type-post","status-publish","format-standard","has-post-thumbnail","hentry","category-le-matin","category-societe"],"jetpack_publicize_connections":[],"featured_image_urls":{"full":"","thumbnail":"","medium":"","medium_large":"","large":"","1536x1536":"","2048x2048":"","penci-recipe-1200x1200":"","penci-recipe-1200x900":"","penci-recipe-1200x675":"","penci-single-full":"","penci-slider-full-thumb":"","penci-full-thumb":"","penci-slider-thumb":"","penci-magazine-slider":"","penci-thumb":"","penci-masonry-thumb":"","penci-thumb-square":"","penci-thumb-vertical":"","penci-thumb-small":""},"author_info":{"display_name":"Nandi","author_link":"https:\/\/nandi.info\/?author=1"},"category_info":"<a href=\"https:\/\/nandi.info\/?cat=53\" rel=\"category\">Le Matin<\/a> <a href=\"https:\/\/nandi.info\/?cat=21\" rel=\"category\">Soci\u00e9t\u00e9<\/a>","tag_info":"Soci\u00e9t\u00e9","comment_count":"0","jetpack_featured_media_url":"","jetpack_sharing_enabled":true,"_links":{"self":[{"href":"https:\/\/nandi.info\/index.php?rest_route=\/wp\/v2\/posts\/12149","targetHints":{"allow":["GET"]}}],"collection":[{"href":"https:\/\/nandi.info\/index.php?rest_route=\/wp\/v2\/posts"}],"about":[{"href":"https:\/\/nandi.info\/index.php?rest_route=\/wp\/v2\/types\/post"}],"author":[{"embeddable":true,"href":"https:\/\/nandi.info\/index.php?rest_route=\/wp\/v2\/users\/1"}],"replies":[{"embeddable":true,"href":"https:\/\/nandi.info\/index.php?rest_route=%2Fwp%2Fv2%2Fcomments&post=12149"}],"version-history":[{"count":0,"href":"https:\/\/nandi.info\/index.php?rest_route=\/wp\/v2\/posts\/12149\/revisions"}],"wp:featuredmedia":[{"embeddable":true,"href":"https:\/\/nandi.info\/index.php?rest_route=\/"}],"wp:attachment":[{"href":"https:\/\/nandi.info\/index.php?rest_route=%2Fwp%2Fv2%2Fmedia&parent=12149"}],"wp:term":[{"taxonomy":"category","embeddable":true,"href":"https:\/\/nandi.info\/index.php?rest_route=%2Fwp%2Fv2%2Fcategories&post=12149"},{"taxonomy":"post_tag","embeddable":true,"href":"https:\/\/nandi.info\/index.php?rest_route=%2Fwp%2Fv2%2Ftags&post=12149"}],"curies":[{"name":"wp","href":"https:\/\/api.w.org\/{rel}","templated":true}]}}