{"id":12143,"date":"2023-03-02T23:56:00","date_gmt":"2023-03-02T22:56:00","guid":{"rendered":"https:\/\/nandi.info\/?p=12143"},"modified":"2023-03-02T23:56:00","modified_gmt":"2023-03-02T22:56:00","slug":"validation-de-la-carte-nina-coper-decrie-des-insuffisances-du-processus","status":"publish","type":"post","link":"https:\/\/nandi.info\/?p=12143","title":{"rendered":"Validation de la carte Nina\u00a0: Coper d\u00e9crie des insuffisances du processus"},"content":{"rendered":"\n<p><strong>Le pr\u00e9sident de la coalition des organisations partenaires pour des \u00e9lections r\u00e9ussies au Mali (COPER \u2013Mali) Mamadou&nbsp;Fadiala&nbsp;Keita, accompagn\u00e9 par ses camarades,&nbsp;a aim\u00e9 une conf\u00e9rence d\u2019information&nbsp;le mardi 28 f\u00e9vrier 2023. Une rencontre qui visait \u00e0 se prononcer sur les sujets&nbsp;brulants&nbsp;de l\u2019heure au Mali.<\/strong><\/p>\n\n\n\n<p class=\"has-drop-cap\">Devenu une tradition, la COPER \u00e0 travers ses membres,&nbsp;se prononce sur les questions d\u2019int\u00e9r\u00eat national. Une tradition qui vient d\u2019\u00eatre respect\u00e9e \u00e0 travers cette rencontre. Une rencontre mise \u00e0 profit pour se prononcer sur le chronogramme de \u00e9lections, les reformes en cours et la carte biom\u00e9trique.&nbsp;La COPER \u00e0 travers la vice-pr\u00e9sidente Diawara Fatoumata&nbsp;Bintou a&nbsp;\u00e9num\u00e9r\u00e9&nbsp;des&nbsp;difficult\u00e9s&nbsp;voir des insuffisances&nbsp;autour de la mobilisation&nbsp;de la validation des donn\u00e9es de la carte NINA.&nbsp;Des difficult\u00e9s qui font trait&nbsp;au faible taux de personnes enr\u00f4l\u00e9es qui ne d\u00e9passe pas 40 par jour par commissariat, l\u2019insuffisance du nombre de kits et agents d\u2019enr\u00f4lement&nbsp;; le faible nombre des d\u00e9partements charg\u00e9s de mener l\u2019activit\u00e9&nbsp;; le manque de proximit\u00e9 des sites aux citoyens entrainant un probl\u00e8me de d\u00e9placement. Face \u00e0 ses difficult\u00e9s La COPER propose la mise en place des \u00e9quipes mobiles&nbsp;; de multiplier des centres d\u2019enr\u00f4lement, de doter les agents d\u2019enr\u00f4lement de plus de kits, et une implication de la soci\u00e9t\u00e9 civile dans le processus pour ne citer que ceux-ci. La&nbsp;COPER recommande une mobilisation g\u00e9n\u00e9rale autour de cette op\u00e9ration&nbsp;qui d\u2019ailleurs est tr\u00e8s b\u00e9n\u00e9fique pour notre pays. \u2018\u2019Notre souci est que,&nbsp;autant la population doit s\u2019int\u00e9resser \u00e0 l\u2019op\u00e9ration, autant les partenaires, les autorit\u00e9s les ONG doivent mutualiser les efforts afin de faciliter l\u2019op\u00e9ration o\u00f9 un attroupement est constat\u00e9\u2019\u2019 a laiss\u00e9 entendre le pr\u00e9sident de COPER Mamadou&nbsp;Fadiala&nbsp;Keita.<\/p>\n\n\n\n<p>Par rapport aux reformes,&nbsp;le&nbsp;pr\u00e9sident de COPER Mamadou&nbsp;Fadiala&nbsp;Keita&nbsp;estime qu\u2019elles&nbsp;vont bon train.&nbsp;Pour preuve&nbsp;l\u2019avant-projet&nbsp;de constitution&nbsp;a \u00e9t\u00e9 remis&nbsp;au pr\u00e9sident de la transition par la&nbsp;commission de finalisation&nbsp;en a fait savoir&nbsp;M.Keita. Une remise qui montre \u00e0 suffisance des avanc\u00e9es comme&nbsp;le fait savoir&nbsp;M.Keita.&nbsp;Selon ses explications&nbsp;nous nous acheminons vers le d\u00e9cret&nbsp;portant&nbsp;convocation du coll\u00e8ge \u00e9lectoral a-t-il&nbsp;ajout\u00e9.&nbsp;Poursuivant&nbsp;M.Keita&nbsp;a soulign\u00e9 la r\u00e9alisation du d\u00e9coupage administratif&nbsp;comme une autre&nbsp;avanc\u00e9e&nbsp;au niveau des reformes.&nbsp;Une organisation territoriale&nbsp;\u00e0 l\u2019issu de laquelle&nbsp;le Mali sera compos\u00e9 de 1 district, 19 r\u00e9gions, 156 cercles, et 819 communes. Une organisation&nbsp;qui permettra &nbsp; d\u2019installation des coordinations de l\u2019AIGE&nbsp;et l\u2019organisation des diff\u00e9rents scrutins a affirm\u00e9 Mamadou&nbsp;Fadiala Keita.&nbsp;COPER&nbsp;salue ses avanc\u00e9es avant d\u2019exprimer leur soutien \u00e0 ce processus.<\/p>\n\n\n\n<p>S\u2019agissant du chronogramme, la COPER estime qu\u2019il n\u2019y a pas de quoi s\u2019alarm\u00e9e sur le chronogramme \u00e9lectoral au regard des avanc\u00e9es susdites par rapport aux r\u00e9formes en cours.&nbsp;<\/p>\n\n\n\n<p><strong>Issa SANTARA<\/strong><\/p>\n\n\n\n<p><\/p>\n\n\n\n<h2 class=\"has-large-font-size wp-block-heading\"><strong>Carte nationale d&rsquo;identit\u00e9 biom\u00e9trique s\u00e9curis\u00e9e&nbsp;:&nbsp; &nbsp;&nbsp;Le minist\u00e8re de la s\u00e9curit\u00e9 regrette le faible niveau de mobilisation<\/strong><\/h2>\n\n\n\n<p><strong>Dans un communiqu\u00e9 publi\u00e9 le mardi 14 f\u00e9vrier, le Minist\u00e8re de la S\u00e9curit\u00e9 et de la Protection Civile en charge de l&rsquo;op\u00e9ration mise \u00e0 jour des donn\u00e9es Nina regrette le faible niveau de mobilisation depuis un certain temps.<\/strong><\/p>\n\n\n\n<p class=\"has-drop-cap\">Depuis le 09 janvier 2023, le d\u00e9partement de la s\u00e9curit\u00e9 et de la Protection Civile a proc\u00e9d\u00e9 au lancement de l&rsquo;op\u00e9ration de mise \u00e0 jour des donn\u00e9es NINA.<\/p>\n\n\n\n<p>A ce jour, il r\u00e9v\u00e9l\u00e9 avoir constat\u00e9 un faible niveau de mobilisation de nos compatriotes, malgr\u00e9 la grande campagne de communication faite autour du sujet.<\/p>\n\n\n\n<p>Le Ministre de la S\u00e9curit\u00e9 et de la Protection Civile rappelle que l&rsquo;op\u00e9ration se poursuivra jusqu&rsquo;au 31 mars 2023, et que pass\u00e9 ce d\u00e9lai, au regard des contraintes li\u00e9es au respect du chronogramme de production et de remise de la Carte Nationale d&rsquo;Identit\u00e9 Biom\u00e9trique S\u00e9curis\u00e9e, il sera proc\u00e9d\u00e9, syst\u00e9matiquement, \u00e0 l&rsquo;impression de ladite carte \u00e0 partir des donn\u00e9es d\u00e9j\u00e0 existantes du RAVEC.<\/p>\n\n\n\n<p>La premi\u00e8re mise de cette Carte Nationale d&rsquo;Identit\u00e9 Biom\u00e9trique S\u00e9curis\u00e9e \u00e9tant gratuite pour tous, le Ministre en appelle \u00e0 une mobilisation g\u00e9n\u00e9rale avant la date butoir du 31 mars 2023, car tout renouvellement de la Carte sera payant.<\/p>\n\n\n\n<p><strong>Kadiatou KONE<\/strong><\/p>\n","protected":false},"excerpt":{"rendered":"<p>Le pr\u00e9sident de la coalition des organisations partenaires pour des \u00e9lections r\u00e9ussies au Mali (COPER \u2013Mali) Mamadou&nbsp;Fadiala&nbsp;Keita, accompagn\u00e9 par ses camarades,&nbsp;a aim\u00e9 une conf\u00e9rence d\u2019information&nbsp;le mardi 28 f\u00e9vrier 2023. Une&hellip;<\/p>\n","protected":false},"author":1,"featured_media":10997,"comment_status":"open","ping_status":"closed","sticky":false,"template":"","format":"standard","meta":{"content-type":"","_lmt_disableupdate":"","_lmt_disable":"","_jetpack_memberships_contains_paid_content":false,"footnotes":"","jetpack_publicize_message":"","jetpack_publicize_feature_enabled":true,"jetpack_social_post_already_shared":true,"jetpack_social_options":{"image_generator_settings":{"template":"highway","default_image_id":0,"font":"","enabled":false},"version":2}},"categories":[111,21],"tags":[],"class_list":["post-12143","post","type-post","status-publish","format-standard","has-post-thumbnail","hentry","category-ciwara-info","category-societe"],"jetpack_publicize_connections":[],"featured_image_urls":{"full":"","thumbnail":"","medium":"","medium_large":"","large":"","1536x1536":"","2048x2048":"","penci-recipe-1200x1200":"","penci-recipe-1200x900":"","penci-recipe-1200x675":"","penci-single-full":"","penci-slider-full-thumb":"","penci-full-thumb":"","penci-slider-thumb":"","penci-magazine-slider":"","penci-thumb":"","penci-masonry-thumb":"","penci-thumb-square":"","penci-thumb-vertical":"","penci-thumb-small":""},"author_info":{"display_name":"Nandi","author_link":"https:\/\/nandi.info\/?author=1"},"category_info":"<a href=\"https:\/\/nandi.info\/?cat=111\" rel=\"category\">Ciwara Info<\/a> <a href=\"https:\/\/nandi.info\/?cat=21\" rel=\"category\">Soci\u00e9t\u00e9<\/a>","tag_info":"Soci\u00e9t\u00e9","comment_count":"0","jetpack_featured_media_url":"","jetpack_sharing_enabled":true,"_links":{"self":[{"href":"https:\/\/nandi.info\/index.php?rest_route=\/wp\/v2\/posts\/12143","targetHints":{"allow":["GET"]}}],"collection":[{"href":"https:\/\/nandi.info\/index.php?rest_route=\/wp\/v2\/posts"}],"about":[{"href":"https:\/\/nandi.info\/index.php?rest_route=\/wp\/v2\/types\/post"}],"author":[{"embeddable":true,"href":"https:\/\/nandi.info\/index.php?rest_route=\/wp\/v2\/users\/1"}],"replies":[{"embeddable":true,"href":"https:\/\/nandi.info\/index.php?rest_route=%2Fwp%2Fv2%2Fcomments&post=12143"}],"version-history":[{"count":0,"href":"https:\/\/nandi.info\/index.php?rest_route=\/wp\/v2\/posts\/12143\/revisions"}],"wp:featuredmedia":[{"embeddable":true,"href":"https:\/\/nandi.info\/index.php?rest_route=\/"}],"wp:attachment":[{"href":"https:\/\/nandi.info\/index.php?rest_route=%2Fwp%2Fv2%2Fmedia&parent=12143"}],"wp:term":[{"taxonomy":"category","embeddable":true,"href":"https:\/\/nandi.info\/index.php?rest_route=%2Fwp%2Fv2%2Fcategories&post=12143"},{"taxonomy":"post_tag","embeddable":true,"href":"https:\/\/nandi.info\/index.php?rest_route=%2Fwp%2Fv2%2Ftags&post=12143"}],"curies":[{"name":"wp","href":"https:\/\/api.w.org\/{rel}","templated":true}]}}