{"id":12135,"date":"2023-03-05T16:00:51","date_gmt":"2023-03-05T15:00:51","guid":{"rendered":"https:\/\/nandi.info\/?p=12135"},"modified":"2023-03-05T16:00:51","modified_gmt":"2023-03-05T15:00:51","slug":"cheikh-tijane-gadio-repond-au-president-tunisien-les-africains-noirs-ne-sont-pas-des-hordes-denvahisseurs","status":"publish","type":"post","link":"https:\/\/nandi.info\/?p=12135","title":{"rendered":"Cheikh Tijane Gadio r\u00e9pond au pr\u00e9sident tunisien : Les Africains noirs ne sont pas des hordes d\u2019envahisseurs !"},"content":{"rendered":"\n<p><strong>Pour votre information, ils sont les filles et les fils a\u00een\u00e9s de Dieu et les pr\u00e9curseurs de la civilisation humaine. Les 30 millions de km2 du continent africain sont leur patrie. Comme disait l\u2019autre \u00ab un Pr\u00e9sident ne devrait pas dire \u00e7a !\u00bb. Vous n\u2019avez pas humili\u00e9, par vos propos populistes et racistes, vos compatriotes africains subsahariens mais le grand peuple tunisien \u00e0 la belle identit\u00e9 afro-arabe assum\u00e9e. L\u2019adh\u00e9sion d\u2019un Chef d\u2019\u00c9tat d\u2019un pays aussi raffin\u00e9 que la Tunisie aux th\u00e9ories haineuses du \u00abgrand remplacement\u00bb est une catastrophe pour toute l\u2019Afrique.<\/strong><\/p>\n\n\n\n<p class=\"has-drop-cap\">Seul le populisme extr\u00e9miste et manipulateur peut transformer 20.000 migrants noirs en Tunisie (chiffre r\u00e9el) en \u00ab 2 millions de migrants \u00bb (chiffre des partis racistes)! Monsieur le Pr\u00e9sident, parfois, il n\u2019est pas sage de r\u00e9veiller l\u2019histoire ! Racisme, esclavage, apartheid, vos compatriotes africains noirs&nbsp; connaissent et en ont souffert depuis des si\u00e8cles. Ils n\u2019accepteront plus que l\u2019attaque vienne de nos jours de l\u2019int\u00e9rieur et surtout d\u2019un chef d\u2019\u00c9tat d\u2019un pays qui est africain d\u2019abord et avant tout. Si vous persistez, les chefs d\u2019Etat du continent devraient rappeler leurs ambassadeurs et demander votre suspension de la Conf\u00e9rence des Chefs d\u2019Etat de l\u2019Union africaine, organisation qui interdit la haine et le racisme contre les Africains, chez eux en Afrique et partout dans le monde!<\/p>\n\n\n\n<p>Votre continent tout entier attend vos regrets et si possible votre demande courageuse de Pardon! Respectueusement Monsieur le Pr\u00e9sident !<\/p>\n\n\n\n<p><strong>Dr. Cheikh Tidiane GADIO<\/strong><\/p>\n\n\n\n<p><strong>Pr\u00e9sident du Mouvement Citoyen et Panafricain\u00a0 (MPCL)<\/strong><\/p>\n\n\n\n<p><strong>Matinal<\/strong><\/p>\n","protected":false},"excerpt":{"rendered":"<p>Pour votre information, ils sont les filles et les fils a\u00een\u00e9s de Dieu et les pr\u00e9curseurs de la civilisation humaine. Les 30 millions de km2 du continent africain sont leur&hellip;<\/p>\n","protected":false},"author":1,"featured_media":12136,"comment_status":"open","ping_status":"closed","sticky":false,"template":"","format":"standard","meta":{"content-type":"","_lmt_disableupdate":"","_lmt_disable":"","_jetpack_memberships_contains_paid_content":false,"footnotes":"","jetpack_publicize_message":"","jetpack_publicize_feature_enabled":true,"jetpack_social_post_already_shared":true,"jetpack_social_options":{"image_generator_settings":{"template":"highway","default_image_id":0,"font":"","enabled":false},"version":2}},"categories":[55,57,114],"tags":[],"class_list":["post-12135","post","type-post","status-publish","format-standard","has-post-thumbnail","hentry","category-contributions","category-international","category-le-matinal"],"jetpack_publicize_connections":[],"featured_image_urls":{"full":"","thumbnail":"","medium":"","medium_large":"","large":"","1536x1536":"","2048x2048":"","penci-recipe-1200x1200":"","penci-recipe-1200x900":"","penci-recipe-1200x675":"","penci-single-full":"","penci-slider-full-thumb":"","penci-full-thumb":"","penci-slider-thumb":"","penci-magazine-slider":"","penci-thumb":"","penci-masonry-thumb":"","penci-thumb-square":"","penci-thumb-vertical":"","penci-thumb-small":""},"author_info":{"display_name":"Nandi","author_link":"https:\/\/nandi.info\/?author=1"},"category_info":"<a href=\"https:\/\/nandi.info\/?cat=55\" rel=\"category\">Contributions<\/a> <a href=\"https:\/\/nandi.info\/?cat=57\" rel=\"category\">International<\/a> <a href=\"https:\/\/nandi.info\/?cat=114\" rel=\"category\">Le Matinal<\/a>","tag_info":"Le Matinal","comment_count":"0","jetpack_featured_media_url":"","jetpack_sharing_enabled":true,"_links":{"self":[{"href":"https:\/\/nandi.info\/index.php?rest_route=\/wp\/v2\/posts\/12135","targetHints":{"allow":["GET"]}}],"collection":[{"href":"https:\/\/nandi.info\/index.php?rest_route=\/wp\/v2\/posts"}],"about":[{"href":"https:\/\/nandi.info\/index.php?rest_route=\/wp\/v2\/types\/post"}],"author":[{"embeddable":true,"href":"https:\/\/nandi.info\/index.php?rest_route=\/wp\/v2\/users\/1"}],"replies":[{"embeddable":true,"href":"https:\/\/nandi.info\/index.php?rest_route=%2Fwp%2Fv2%2Fcomments&post=12135"}],"version-history":[{"count":0,"href":"https:\/\/nandi.info\/index.php?rest_route=\/wp\/v2\/posts\/12135\/revisions"}],"wp:featuredmedia":[{"embeddable":true,"href":"https:\/\/nandi.info\/index.php?rest_route=\/"}],"wp:attachment":[{"href":"https:\/\/nandi.info\/index.php?rest_route=%2Fwp%2Fv2%2Fmedia&parent=12135"}],"wp:term":[{"taxonomy":"category","embeddable":true,"href":"https:\/\/nandi.info\/index.php?rest_route=%2Fwp%2Fv2%2Fcategories&post=12135"},{"taxonomy":"post_tag","embeddable":true,"href":"https:\/\/nandi.info\/index.php?rest_route=%2Fwp%2Fv2%2Ftags&post=12135"}],"curies":[{"name":"wp","href":"https:\/\/api.w.org\/{rel}","templated":true}]}}