{"id":12124,"date":"2023-03-05T14:20:27","date_gmt":"2023-03-05T13:20:27","guid":{"rendered":"https:\/\/nandi.info\/?p=12124"},"modified":"2023-03-05T14:20:27","modified_gmt":"2023-03-05T13:20:27","slug":"lettre-du-gouvernement-a-la-mediation-algerienne-laissons-les-professionnels-gerer-et-abstenons-nous-des-reactions-guerrieres-dixit-seydou-traore-ancien-ministre","status":"publish","type":"post","link":"https:\/\/nandi.info\/?p=12124","title":{"rendered":"Lettre du gouvernement \u00e0 la m\u00e9diation alg\u00e9rienne : \u00ab Laissons les professionnels g\u00e9rer et abstenons-nous des r\u00e9actions guerri\u00e8res \u00bb dixit Seydou Traor\u00e9, ancien ministre"},"content":{"rendered":"\n<p><strong>\u00c0 mon avis, il est bon que les r\u00e9ponses, face \u00e0 la situation actuelle, se multiplient, mais prennent en compte la volont\u00e9 des acteurs d\u2019aller vers la paix, la n\u00e9cessit\u00e9 de cantonner les enjeux g\u00e9ostrat\u00e9giques sur la p\u00e9riph\u00e9rie des n\u00e9gociations sur l\u2019Accord d\u2019Alger, et la faiblesse de l\u2019Etat alg\u00e9rien face aux pressions de l\u2019OTAN, elle pourtant qui est une des places forte de la Russie en Afrique.<\/strong><\/p>\n\n\n\n<p class=\"has-drop-cap\">Au nombre des \u00e9l\u00e9ments de contexte, il faut retenir:<\/p>\n\n\n\n<ol class=\"wp-block-list\"><li>La visite de la m\u00e9diation internationale \u00e0 Kidal, avec semble-t-il la pr\u00e9sence de l\u2019ancien ambassadeur de la France au Mali, venu du Niger (\u00e0 confirmer ou infirmer, cette pr\u00e9sence de l\u2019ex ambassadeur fran\u00e7ais).<\/li><li>La visite du pr\u00e9sident alg\u00e9rien en France. Un signe de r\u00e9chauffement des relations entre ces deux pays ? Une volont\u00e9 de la France d\u2019enclencher le Mali ?<\/li><li>La visite de la CMA en Alg\u00e9rie. La d\u00e9l\u00e9gation est re\u00e7ue par le pr\u00e9sident alg\u00e9rien, fra\u00eechement venu de la France, si je ne m\u2019abuse.<\/li><li>La lettre du gouvernement malien adress\u00e9e \u00e0 l\u2019Alg\u00e9rie. Une r\u00e9action, qui d\u00e9note un changement d\u2019attitude du gouvernement, toujours \u00e0 la d\u00e9fensive. Par cette lettre, le gouvernement tente probablement de porter \u00e9galement les accusations de mauvaise foi et de manque de volont\u00e9 de la part de CMA, dont il est r\u00e9guli\u00e8rement l\u2019objet.<\/li><li>Le rapport de la MINUSMA mettant en cause le Mali, par rapport aux droits de l\u2019homme. De tels mensonges \u00e0 l\u2019ONU ont occasionn\u00e9 des guerres destructrices et des millions de morts.<\/li><li>Les tentatives de chauffer le climat politique \u00e0 Bamako, comme en 1991 et 2012, qui ont toujours mis le gouvernement entre deux feux : les contestations \u00e0 Bamako et une r\u00e9bellion ouverte au Nord. Cette prise en sandwich, a toujours d\u00e9sorganis\u00e9 l\u2019Etat et le commandement militaire.<\/li><li>Les forces fran\u00e7aises toujours stationn\u00e9es dans les pays voisins, qui sont parties prenantes des sanctions les plus inhumaines contre le Mali. Il faut lier \u00e0 cette pr\u00e9sence massive de l\u2019arm\u00e9e fran\u00e7aise dans ces pays, l\u2019aveu de l\u2019occident qui n\u2019envisage son avenir qu\u2019en Afrique. L\u2019Afrique reste dans la strat\u00e9gie long terme de l\u2019Europe, non un partenaire, mais, une source d\u2019approvisionnement en mati\u00e8res premi\u00e8res et en ressources \u00e9nerg\u00e9tiques. Elle n\u2019est pas la seule, les \u00c9tats-Unis d\u2019Am\u00e9rique, tel C\u00e9sar, voudrait que l\u2019on lui rende son d\u00fb, c\u2019est \u00e0 dire, les ressources strat\u00e9giques de L\u2019Afrique. Oui !<\/li><\/ol>\n\n\n\n<p>Au point que le s\u00e9nat am\u00e9ricain a adopt\u00e9 une loi qui, dans les faits, s\u2019approprient ces ressources. En effet, est punissable par la loi am\u00e9ricaine, tout acteur qui permet l\u2019acc\u00e8s de la F\u00e9d\u00e9ration de Russie aux ressources strat\u00e9giques de l\u2019Afrique, contrariant de ce fait, les int\u00e9r\u00eats des \u00c9tats-Unis d\u2019Am\u00e9rique en Afrique. Cette loi, place de facto le Mali au nombre des ennemis des \u00c9tats-Unis d\u2019Am\u00e9rique, puisque le Mali coop\u00e8re avec la Russie et r\u00e9ciproquement, les deux pays s\u2019enrichissent.<\/p>\n\n\n\n<p>De par cette loi, de fa\u00e7on arrogante, et compl\u00e8tement ill\u00e9gale, les \u00c9tats-Unis d\u2019Am\u00e9rique, s\u2019arrogent la propri\u00e9t\u00e9 de nos ressources strat\u00e9giques et nous interdit de commercer en fait avec la Russie. Et demain, ils se donneront le droit de bombarder Bamako, comme Tripoli et Bagdad. Damas ne leur a pas souri gr\u00e2ce \u00e0 la puissance de feu de la Russie en soutien \u00e0 la Syrie.<\/p>\n\n\n\n<ol class=\"wp-block-list\" start=\"8\"><li>Last, but not least, l\u2019Alg\u00e9rie conna\u00eet le m\u00eame probl\u00e8me que le Mali, par rapport aux revendications identitaires berb\u00e8res et Touaregs. En plus, \u00e9tant une place forte de la Russie en Afrique, cela n\u2019est pas vu d\u2019un bon \u0153il par l\u2019OTAN. En r\u00e9alit\u00e9, \u00e0 la fin d\u2019une Op\u00e9ration Serval totalement r\u00e9ussie, l\u2019Alg\u00e9rie devait \u00eatre d\u00e9membr\u00e9e.<\/li><\/ol>\n\n\n\n<p>Les Maliens doivent comprendre que ce pays, se cherche, \u00e0 sa fa\u00e7on. Peut-\u00eatre au d\u00e9triment du Mali, ce qui sera une erreur. Au Mali, du nord au sud, on se doit de comprendre cela! Les pays du Sahara doivent savoir que la France n\u2019a jamais abandonn\u00e9 d\u00e9finitivement son r\u00eave d\u2019une entit\u00e9 fran\u00e7aise au Sahara. Cette entit\u00e9, l\u2019Organisation Commune des R\u00e9gions du Sahara (OCRS), cr\u00e9\u00e9e en janvier 1957, par une loi pr\u00e9sent\u00e9e par Felix Houphou\u00ebt Boigny, alors d\u00e9put\u00e9 fran\u00e7ais et dissoute en 1963. Cette entit\u00e9 devait regrouper le sud de l\u2019Alg\u00e9rie, le Nord du Mali, le nord du Niger. C\u2019est une zone tr\u00e8s riche en ressources de toutes sortes, un v\u00e9ritable eldorado ! La France y exploite encore l\u2019uranium et y a men\u00e9 ses premiers essais nucl\u00e9aires.<\/p>\n\n\n\n<p>L\u2019Alg\u00e9rie a de la m\u00e9moire. Au Mali d\u2019en avoir autant et qu\u2019ensemble, le v\u00e9ritable probl\u00e8me demeure la France.<\/p>\n\n\n\n<p>DONC, OUVRONS LARGE LA R\u00c9FLEXION AFIN D\u2019ABOUTIR \u00c0 UN POINT DE VUE PARTAG\u00c9 AU MALI ET ENTRE LE MALI ET L\u2019ALGERIE. IL FAUT SAVOIR QUE LA SITUATION AU MALI EST UNE AUTRE VERSION DE LA GUERRE EN&nbsp; UKRAINE, ENTRE RUSSIE ET OTAN.<\/p>\n\n\n\n<p>EN UKRAINE, CE SONT LES UKRAINIENS QUI SOUFFRENT, PARCE QUE UN \u201cPRESI-COMEDIEN\u201d, CHEF DE MAFIA, N\u2019A CURE DE SA POPULATION.<\/p>\n\n\n\n<p>AU MALI,&nbsp; DIEU MERCI, NOUS AVONS UN CHEF QUI A SOUCI DU MALI ET DE TOUS LES MALIENS. ALORS, LAISSONS AU PR\u00c9SIDENT DE LA TRANSITION CE QUI LUI REVIENT ! SURTOUT QU\u2019IL A \u00c9T\u00c9 DE TOUTES LES CAMPAGNES DU MALI ! ENCORE UNE FOIS, AUCUN&nbsp; MEMBRE DU CNT N\u2019A UNE ORIENTATION QUELCONQUE \u00c0 DONNER INTUITU PERSONN\u00c6.<\/p>\n\n\n\n<p>SILENCE ! NOUS SOMMES SUR UN GRAND \u00c9CHIQUIER !<\/p>\n\n\n\n<p><strong>Seydou Traor\u00e9, ancien ministre Mali 2002 \u2013 2007<\/strong><\/p>\n","protected":false},"excerpt":{"rendered":"<p>\u00c0 mon avis, il est bon que les r\u00e9ponses, face \u00e0 la situation actuelle, se multiplient, mais prennent en compte la volont\u00e9 des acteurs d\u2019aller vers la paix, la n\u00e9cessit\u00e9&hellip;<\/p>\n","protected":false},"author":1,"featured_media":12128,"comment_status":"open","ping_status":"closed","sticky":false,"template":"","format":"standard","meta":{"content-type":"","_lmt_disableupdate":"","_lmt_disable":"","_jetpack_memberships_contains_paid_content":false,"footnotes":"","jetpack_publicize_message":"","jetpack_publicize_feature_enabled":true,"jetpack_social_post_already_shared":true,"jetpack_social_options":{"image_generator_settings":{"template":"highway","default_image_id":0,"font":"","enabled":false},"version":2}},"categories":[114,21],"tags":[],"class_list":["post-12124","post","type-post","status-publish","format-standard","has-post-thumbnail","hentry","category-le-matinal","category-societe"],"jetpack_publicize_connections":[],"featured_image_urls":{"full":"","thumbnail":"","medium":"","medium_large":"","large":"","1536x1536":"","2048x2048":"","penci-recipe-1200x1200":"","penci-recipe-1200x900":"","penci-recipe-1200x675":"","penci-single-full":"","penci-slider-full-thumb":"","penci-full-thumb":"","penci-slider-thumb":"","penci-magazine-slider":"","penci-thumb":"","penci-masonry-thumb":"","penci-thumb-square":"","penci-thumb-vertical":"","penci-thumb-small":""},"author_info":{"display_name":"Nandi","author_link":"https:\/\/nandi.info\/?author=1"},"category_info":"<a href=\"https:\/\/nandi.info\/?cat=114\" rel=\"category\">Le Matinal<\/a> <a href=\"https:\/\/nandi.info\/?cat=21\" rel=\"category\">Soci\u00e9t\u00e9<\/a>","tag_info":"Soci\u00e9t\u00e9","comment_count":"0","jetpack_featured_media_url":"","jetpack_sharing_enabled":true,"_links":{"self":[{"href":"https:\/\/nandi.info\/index.php?rest_route=\/wp\/v2\/posts\/12124","targetHints":{"allow":["GET"]}}],"collection":[{"href":"https:\/\/nandi.info\/index.php?rest_route=\/wp\/v2\/posts"}],"about":[{"href":"https:\/\/nandi.info\/index.php?rest_route=\/wp\/v2\/types\/post"}],"author":[{"embeddable":true,"href":"https:\/\/nandi.info\/index.php?rest_route=\/wp\/v2\/users\/1"}],"replies":[{"embeddable":true,"href":"https:\/\/nandi.info\/index.php?rest_route=%2Fwp%2Fv2%2Fcomments&post=12124"}],"version-history":[{"count":0,"href":"https:\/\/nandi.info\/index.php?rest_route=\/wp\/v2\/posts\/12124\/revisions"}],"wp:featuredmedia":[{"embeddable":true,"href":"https:\/\/nandi.info\/index.php?rest_route=\/"}],"wp:attachment":[{"href":"https:\/\/nandi.info\/index.php?rest_route=%2Fwp%2Fv2%2Fmedia&parent=12124"}],"wp:term":[{"taxonomy":"category","embeddable":true,"href":"https:\/\/nandi.info\/index.php?rest_route=%2Fwp%2Fv2%2Fcategories&post=12124"},{"taxonomy":"post_tag","embeddable":true,"href":"https:\/\/nandi.info\/index.php?rest_route=%2Fwp%2Fv2%2Ftags&post=12124"}],"curies":[{"name":"wp","href":"https:\/\/api.w.org\/{rel}","templated":true}]}}