{"id":12114,"date":"2023-03-05T13:36:37","date_gmt":"2023-03-05T12:36:37","guid":{"rendered":"https:\/\/nandi.info\/?p=12114"},"modified":"2023-03-05T13:36:37","modified_gmt":"2023-03-05T12:36:37","slug":"lancement-de-la-nouvelle-grille-de-lortm-pour-2023-prendre-en-compte-les-preoccupations-de-lensemble-des-populations-et-les-orientations-des-autorites-de-la-transition","status":"publish","type":"post","link":"https:\/\/nandi.info\/?p=12114","title":{"rendered":"Lancement de la nouvelle grille de l\u2019ORTM pour 2023 : Prendre en compte les pr\u00e9occupations de l\u2019ensemble des populations et les orientations des autorit\u00e9s de la Transition"},"content":{"rendered":"\n<p><strong>Plusieurs partenaires et fid\u00e8les auditeurs et t\u00e9l\u00e9spectateurs de 2022 r\u00e9compens\u00e9s<\/strong><\/p>\n\n\n\n<p><strong><em>C\u2019est en pr\u00e9sence des membres du gouvernement, de certains fid\u00e8les t\u00e9l\u00e9spectateurs de la chaine nationale, auditeurs de la Radio Mali et de son personnel, que l\u2019ORTM a lanc\u00e9 le vendredi 24 f\u00e9vrier dernier \u00e0 l\u2019esplanade du CICB sa rentr\u00e9e radiophonique et t\u00e9l\u00e9visuelle pour 2023. L\u2019\u00e9v\u00e9nement retransmis en direct sur les diff\u00e9rents canaux de l\u2019ORTM \u00e9tait plac\u00e9 sous la pr\u00e9sidence du ministre de la Communication, de l\u2019Economie num\u00e9rique et de la Modernisation de l\u2019administration, Me Harouna Mamadou Tour\u00e9, sous le co-parrainage du colonel Abdoulaye Ma\u00efga, ministre d\u2019Etat, ministre de l\u2019Administration territoriale et de la D\u00e9centralisation et du ministre de la D\u00e9fense et des Anciens combattants, le colonel Sadio Camara. Notons que plusieurs partenaires de la t\u00e9l\u00e9 et de la radio nationale ont \u00e9t\u00e9 r\u00e9compens\u00e9s lors de cette soir\u00e9e. Nous vous proposons in extenso le discours de lancement du directeur g\u00e9n\u00e9ral de l\u2019ORTM Hassane Baba Diomb\u00e9l\u00e9.<\/em><\/strong><\/p>\n\n\n\n<p class=\"has-drop-cap\">Permettez-moi, tout d\u2019abord, de remercier les ministres ici pr\u00e9sents qui nous ont fait l\u2019honneur de nous accompagner ce soir malgr\u00e9 un agenda charg\u00e9. Je souhaite associer \u00e0 ces remerciements, tous ces ambassadeurs, membres du corps diplomatique, repr\u00e9sentants d\u2019organisations internationales et partenaires du Mali et de l\u2019ORTM, les amis de la presse et l\u2019ORTM en g\u00e9n\u00e9ral et vous fid\u00e8les t\u00e9l\u00e9spectateurs et auditeurs qui nous suivez en direct sur l\u2019ensemble du r\u00e9seau synchronis\u00e9 de l\u2019ORTM.<\/p>\n\n\n\n<p>Bienvenue \u00e0 la rentr\u00e9e radiophonique et t\u00e9l\u00e9visuelle 2023 de l\u2019Office de radio et t\u00e9l\u00e9vision du Mali depuis le CICB.<\/p>\n\n\n\n<p>Depuis quelques ann\u00e9es, l\u2019ORTM perp\u00e9tue la tradition en organisant sa rentr\u00e9e des programmes radio et t\u00e9l\u00e9. Une occasion de pr\u00e9senter \u00e0 ses auditeurs et t\u00e9l\u00e9spectateurs les grandes lignes de ses grilles pour la nouvelle ann\u00e9e.<\/p>\n\n\n\n<p>Entre le divertissement et l\u2019information, les d\u00e9bats et les grands formats, la sensibilisation et l\u2019\u00e9veil des consciences\u2026 la grille 2023 de l\u2019ORTM se met \u00e0 l\u2019heure du temps en essayant de prendre en compte les pr\u00e9occupations de l\u2019ensemble des populations et les orientations des autorit\u00e9s de la Transition.<\/p>\n\n\n\n<p>2023 est une ann\u00e9e charni\u00e8re pour la vie de notre nation. Voil\u00e0 pourquoi nous avons choisi de c\u00e9l\u00e9brer cette ann\u00e9e la rentr\u00e9e radiophonique et t\u00e9l\u00e9visuelle sous le th\u00e8me :&nbsp;<strong><em>\u201cR\u00f4le de la radio-t\u00e9l\u00e9vision publique dans la construction d\u2019un Mali nouveau\u201d.<\/em><\/strong><\/p>\n\n\n\n<p>Plusieurs grands rendez-vous sont annonc\u00e9s parmi lesquels : des \u00e9lections.<\/p>\n\n\n\n<p>L\u2019ORTM, en tant que m\u00e9dia de service public, a un r\u00f4le important \u00e0 jouer dans la mobilisation sociale et la couverture m\u00e9diatique des \u00e9ch\u00e9ances \u00e9lectorales importantes pour l\u2019avenir de notre pays. C\u2019est pourquoi les programmes Radio et T\u00e9l\u00e9 2023 s\u2019inscrivent en premier lieu dans cette dynamique. A c\u00f4t\u00e9 des programmes habituels, les grilles Radio et T\u00e9l\u00e9 seront boulevers\u00e9es, pour y ins\u00e9rer de nouvelles \u00e9missions sp\u00e9cialement cr\u00e9\u00e9es \u00e0 cet effet. Des espaces d\u2019information et de d\u00e9bat seront cr\u00e9\u00e9s, et l\u2019ensemble de ces programmes couvrira r\u00e9guli\u00e8rement le sujet des \u00e9lections, pour que chaque Malien, et chaque Malienne se sentent concern\u00e9s.<\/p>\n\n\n\n<p>Dans la m\u00eame foul\u00e9e, les grilles 2023 tiennent comptent de l\u2019accompagnement des autorit\u00e9s de la Transition, dans la conduite des r\u00e9formes politiques et institutionnelles. Des \u00e9missions d\u2019information et de sensibilisation sont ainsi pr\u00e9vues, qui permettront aux Maliens d\u2019observer de pr\u00e8s l\u2019\u00e9volution du pays.<\/p>\n\n\n\n<p>Dans les grilles 2023, l\u2019accent est surtout mis sur l\u2019am\u00e9lioration des contenus audiovisuels qui seront propos\u00e9s au public.<\/p>\n\n\n\n<p>L\u2019am\u00e9lioration constante de l\u2019offre de service des cha\u00eenes de radio et de t\u00e9l\u00e9vision de l\u2019ORTM demeure notre cr\u00e9do. Nous voulons rester constamment \u00e0 votre \u00e9coute, pour mieux vous servir chers auditeurs et t\u00e9l\u00e9spectateurs. C\u2019est ce qui nous a motiv\u00e9 \u00e0 entreprendre une tourn\u00e9e \u00e0 l\u2019int\u00e9rieur de notre pays courant 2022 dans douze r\u00e9gions administratives. Le principal enseignement que nous en avons tir\u00e9, est l\u2019aspiration l\u00e9gitime de nos compatriotes de l\u2019int\u00e9rieur, vers plus de pr\u00e9sence des r\u00e9gions dans nos programmes. Je puis vous assurer que nous avons bien compris le message. Les grilles 2023 ont d\u00e9j\u00e0 pris en compte ces pr\u00e9occupations exprim\u00e9es avec un \u00e9largissement du temps consacr\u00e9 aux r\u00e9gions dans le JT de 20 h et un magazine sp\u00e9cial&nbsp;<strong>\u201c\u00c9chos des r\u00e9gions\u201d<\/strong>&nbsp;\u00e0 la t\u00e9l\u00e9vision nationale. Notre ambition est de rendre les cha\u00eenes de radio et de t\u00e9l\u00e9 davantage performantes et plus proches.<\/p>\n\n\n\n<p>Pour une plus grande pr\u00e9sence de l\u2019ORTM sur le territoire national, nous avons d\u00e9ploy\u00e9 du personnel dans quinze r\u00e9gions administratives. Nous avons pu installer des \u00e9quipes de production dans presque toutes les nouvelles r\u00e9gions, gr\u00e2ce \u00e0 l\u2019appui du gouvernement. Cette dynamique aussi va se poursuivre, en 2023 toujours avec la b\u00e9n\u00e9diction de nos autorit\u00e9s. C\u2019est l\u2019occasion pour moi de remercier tr\u00e8s sinc\u00e8rement les autorit\u00e9s de la Transition, pour leur accompagnement et soutien sans discontinuer, lesquels permettent \u00e0 davantage de Maliens d\u2019\u00eatre pris en compte dans nos programmes. C\u2019est la m\u00eame vision qui a conduit le gouvernement \u00e0 proc\u00e9der au paiement des droits de retransmission des \u00e9v\u00e9nements sportifs majeurs de l\u2019ann\u00e9e \u00e9coul\u00e9e, en l\u2019occurrence la Coupe d\u2019Afrique des nations et la Coupe du monde de football. Ce qui a permis \u00e0 la jeunesse malienne de vivre intens\u00e9ment ces deux comp\u00e9titions internationales majeures. Ces diff\u00e9rentes actions, auront co\u00fbt\u00e9 au Gouvernement pr\u00e8s de 2 milliards de nos francs.<\/p>\n\n\n\n<p>Je souhaite remercier Monsieur le ministre de la Communication, de l\u2019Economie num\u00e9rique et de la Modernisation de l\u2019administration, pour son implication personnelle dans l\u2019aboutissement de ces deux dossiers ainsi que le ministre des Finances et mon fr\u00e8re Mossa Ag de la Jeunesse et des Sports.<\/p>\n\n\n\n<p>Par ailleurs, le red\u00e9marrage des programmes de la Station r\u00e9gionale de Kidal, le 21 novembre dernier sur la fr\u00e9quence 97.5 est venu sortir les populations de la huiti\u00e8me r\u00e9gion administrative de notre pays, d\u2019un isolement de plus d\u2019une d\u00e9cennie. La r\u00e9habilitation totale, et la dotation de la Station R\u00e9gionale, en \u00e9quipements de derni\u00e8re g\u00e9n\u00e9ration, ont \u00e9t\u00e9 enti\u00e8rement prises en charge par l\u2019Etat pour environ 150 millions de F CFA. Mention sp\u00e9ciale au chef de la station r\u00e9gionale, Sidi el Mehdi al Albaka pour son implication personnelle et sa clairvoyance. Aujourd\u2019hui ORTM Kidal est en marche sur environ 130 km \u00e0 la ronde avec une \u00e9quipe totalement locale et une grille de programme enti\u00e8rement r\u00e9gionale.<\/p>\n\n\n\n<p>Les grilles 2023 mettent \u00e9galement l\u2019accent sur la promotion de la diversit\u00e9 culturelle de notre pays, mettant le focus sur notre riche patrimoine culturel mat\u00e9riel et immat\u00e9riel. La radio, gr\u00e2ce \u00e0 son acc\u00e8s facile au m\u00eame titre que la t\u00e9l\u00e9vision, en cette \u00e8re du num\u00e9rique, devrait assurer la promotion de nos langues nationales. Les nouvelles \u00e9missions radio et t\u00e9l\u00e9 en langues nationales sont \u00e0 la fois nombreuses et diversifi\u00e9es. Elles touchent tous les domaines pratiquement.<\/p>\n\n\n\n<p>Pour r\u00e9pondre \u00e0 une dol\u00e9ance forte des t\u00e9l\u00e9spectateurs, le Journal en langue bamanankan&nbsp;<em>\u201cDon Kibaru\u201d<\/em>&nbsp;sur ORTM1 sera propos\u00e9 d\u00e9sormais \u00e0&nbsp;<strong>19 h au lieu de 18 h<\/strong>. Toutes ces informations et \u00e9missions seront disponibles sur notre site&nbsp;<strong>www.ortm.ml.<\/strong><\/p>\n\n\n\n<p>Avant de terminer vous me permettrez de r\u00e9it\u00e9rer mes remerciements aux membres du gouvernement \u00e0 nos partenaires pour leur efficace accompagnement. Je voudrais donc les inviter \u00e0 s\u2019engager avec nous, dans un partenariat gagnant-gagnant, pour des radios et t\u00e9l\u00e9visions publiques plus performantes.<\/p>\n\n\n\n<p>Je voudrais enfin saluer Mes Soldats de l\u2019information et de la communication. Le peuple de Bozola comme aimait le dire le ministre Sidiki N\u2019fa Konat\u00e9. Debout de jour comme de nuit avec comme armes redoutables : des c\u00e2bles, des camera, des Nagra et des micros et surtout de l\u2019\u00e9nergie et de l\u2019engagement\u00bb.<\/p>\n\n\n\n<p><strong>Les fid\u00e8les auditeurs radio :<\/strong><\/p>\n\n\n\n<p>\u2013 Yacouba Diakit\u00e9 (Yanfolila) Radio nationale<\/p>\n\n\n\n<p>\u2013 Alou Badra Traor\u00e9 (BAD) Sabalibougou (Chaine 2)<\/p>\n\n\n\n<p>\u2013 Bambah Diarra (Kita) Radio rurale<\/p>\n\n\n\n<p>\u2013 Yaya Mariko (S\u00e9nou) radio rurale<\/p>\n\n\n\n<p>\u2013 Macki Bah (Bamako) ORTM2<\/p>\n\n\n\n<p>\u2013 Mamadou Fadiga (ORTM1)<\/p>\n\n\n\n<p><strong>Meilleurs partenaires 2022<\/strong><\/p>\n\n\n\n<p>Orange Mali, Moov Africa Malitel, Spirit, DFA, Sodilap, PMU-Mali, BDM, Cniecs, Unicef, Bara-Muso, Sama Money, Bamassy Prod, Barouni Gambi.<\/p>\n","protected":false},"excerpt":{"rendered":"<p>Plusieurs partenaires et fid\u00e8les auditeurs et t\u00e9l\u00e9spectateurs de 2022 r\u00e9compens\u00e9s C\u2019est en pr\u00e9sence des membres du gouvernement, de certains fid\u00e8les t\u00e9l\u00e9spectateurs de la chaine nationale, auditeurs de la Radio Mali&hellip;<\/p>\n","protected":false},"author":1,"featured_media":12117,"comment_status":"open","ping_status":"closed","sticky":false,"template":"","format":"standard","meta":{"content-type":"","_lmt_disableupdate":"","_lmt_disable":"","_jetpack_memberships_contains_paid_content":false,"footnotes":"","jetpack_publicize_message":"","jetpack_publicize_feature_enabled":true,"jetpack_social_post_already_shared":true,"jetpack_social_options":{"image_generator_settings":{"template":"highway","default_image_id":0,"font":"","enabled":false},"version":2}},"categories":[19,45],"tags":[],"class_list":["post-12114","post","type-post","status-publish","format-standard","has-post-thumbnail","hentry","category-aujourdhui-mali","category-tele-radio"],"jetpack_publicize_connections":[],"featured_image_urls":{"full":"","thumbnail":"","medium":"","medium_large":"","large":"","1536x1536":"","2048x2048":"","penci-recipe-1200x1200":"","penci-recipe-1200x900":"","penci-recipe-1200x675":"","penci-single-full":"","penci-slider-full-thumb":"","penci-full-thumb":"","penci-slider-thumb":"","penci-magazine-slider":"","penci-thumb":"","penci-masonry-thumb":"","penci-thumb-square":"","penci-thumb-vertical":"","penci-thumb-small":""},"author_info":{"display_name":"Nandi","author_link":"https:\/\/nandi.info\/?author=1"},"category_info":"<a href=\"https:\/\/nandi.info\/?cat=19\" rel=\"category\">Aujourd\u2019hui Mali<\/a> <a href=\"https:\/\/nandi.info\/?cat=45\" rel=\"category\">T\u00e9l\u00e9 \/ Radio<\/a>","tag_info":"T\u00e9l\u00e9 \/ Radio","comment_count":"0","jetpack_featured_media_url":"","jetpack_sharing_enabled":true,"_links":{"self":[{"href":"https:\/\/nandi.info\/index.php?rest_route=\/wp\/v2\/posts\/12114","targetHints":{"allow":["GET"]}}],"collection":[{"href":"https:\/\/nandi.info\/index.php?rest_route=\/wp\/v2\/posts"}],"about":[{"href":"https:\/\/nandi.info\/index.php?rest_route=\/wp\/v2\/types\/post"}],"author":[{"embeddable":true,"href":"https:\/\/nandi.info\/index.php?rest_route=\/wp\/v2\/users\/1"}],"replies":[{"embeddable":true,"href":"https:\/\/nandi.info\/index.php?rest_route=%2Fwp%2Fv2%2Fcomments&post=12114"}],"version-history":[{"count":0,"href":"https:\/\/nandi.info\/index.php?rest_route=\/wp\/v2\/posts\/12114\/revisions"}],"wp:featuredmedia":[{"embeddable":true,"href":"https:\/\/nandi.info\/index.php?rest_route=\/"}],"wp:attachment":[{"href":"https:\/\/nandi.info\/index.php?rest_route=%2Fwp%2Fv2%2Fmedia&parent=12114"}],"wp:term":[{"taxonomy":"category","embeddable":true,"href":"https:\/\/nandi.info\/index.php?rest_route=%2Fwp%2Fv2%2Fcategories&post=12114"},{"taxonomy":"post_tag","embeddable":true,"href":"https:\/\/nandi.info\/index.php?rest_route=%2Fwp%2Fv2%2Ftags&post=12114"}],"curies":[{"name":"wp","href":"https:\/\/api.w.org\/{rel}","templated":true}]}}