{"id":12102,"date":"2023-03-05T12:49:29","date_gmt":"2023-03-05T11:49:29","guid":{"rendered":"https:\/\/nandi.info\/?p=12102"},"modified":"2023-03-05T12:49:29","modified_gmt":"2023-03-05T11:49:29","slug":"festival-international-du-wassulu-fiwa-410-000-festivaliers-attendus-pour-la-6eme-edition","status":"publish","type":"post","link":"https:\/\/nandi.info\/?p=12102","title":{"rendered":"Festival international du Wassulu (FIWA) : 410 000 festivaliers attendus pour la 6\u00e8me \u00e9dition"},"content":{"rendered":"\n<p><strong><em>Dans le cadre de l\u2019organisation de la 6\u00e8me \u00e9dition du Festival international du Wassulu (FIWA), la pr\u00e9sidente de la commission d\u2019organisation, Oumou Sangar\u00e9, a anim\u00e9, le 27 f\u00e9vrier, dans les locaux de la R\u00e9sidence Wassoulou, une conf\u00e9rence de presse pour annoncer le lancement du FIWA 2023 qui se tiendra du 03 au 05 mars \u00e0 Yanfolila.<\/em><\/strong><\/p>\n\n\n\n<p class=\"has-drop-cap\">Selon la conf\u00e9renci\u00e8re, pour cette \u00e9dition, plus de 410 000 festivaliers sont attendus pendant les trois jours du festival. Et d\u2019ajouter que le FIWA est un v\u00e9ritable projet de d\u00e9veloppement pour la mise en valeur de la culture du Wassulu. Car, il permet de cr\u00e9er des activit\u00e9s \u00e9conomiques pour les jeunes de la localit\u00e9 ; donc le festival constitue un v\u00e9ritable moyen de dynamisation de la vie de la localit\u00e9 en y cr\u00e9ant des emplois (directs et indirects) pour vulgariser la culture du Wassulu au niveau national et international. Pour cette ann\u00e9e, le th\u00e8me retenu est :&nbsp;<strong><em>\u201cLe Mali dans toute sa diversit\u00e9\u201d.<\/em><\/strong><\/p>\n\n\n\n<p>A en croire la conf\u00e9renci\u00e8re, le FIWA vise notamment \u00e0 d\u00e9velopper la vie locale du Wassulu \u00e0 travers la cr\u00e9ation d\u2019activit\u00e9s et d\u2019emplois dans les secteurs de l\u2019industrie du spectacle, de la communication et du tourisme ; faire d\u00e9couvrir le Wassulu au grand public malien \u00e0 travers le FIWA ; d\u00e9velopper son potentiel touristique ; lutter contre l\u2019exode rural et l\u2019\u00e9migration ; mettre en valeur la culture du Wassulu ; \u0153uvrer pour la coh\u00e9sion nationale, la paix et la r\u00e9conciliation des communaut\u00e9s ; combattre les extr\u00e9mismes, la manipulation des esprits et le djihadisme en amenant la culture dans une r\u00e9gion excentr\u00e9e.<\/p>\n\n\n\n<p>Par rapport aux questions de financement, la conf\u00e9renci\u00e8re a laiss\u00e9 entendre que le festival est financ\u00e9 en majeure partie par elle-m\u00eame et ses amis.&nbsp;<em>\u201cLe FIWA, c\u2019est aussi un cadre pour le d\u00e9veloppement des infrastructures culturelles de la capitale historique du Wassulu \u00e0 l\u2019instar de toute la r\u00e9gion de Sikasso et du Mali tout entier. On peut noter quelques actions phares d\u00e9j\u00e0 enclench\u00e9es par le FIWA notamment avec le FAFPA sous l\u2019\u00e9gide du minist\u00e8re de l\u2019Emploi a permis la cr\u00e9ation d\u2019un institut de formation professionnel autour des m\u00e9tiers de la culture, du tourisme et de la restauration\u201d,<\/em>&nbsp;a-t-elle rench\u00e9ri.<\/p>\n\n\n\n<p>A sa suite, la marraine de la 6\u00e8me \u00e9dition du FIWA et non moins pr\u00e9sidente de l\u2019Association solidarit\u00e9 femmes d\u2019ici et d\u2019ailleurs (ASFIA), Fatouma M\u2019Barka Mint Hamoudy, a remerci\u00e9 la Diva du wassoulou pour la confiance renouvel\u00e9e \u00e0 sa modeste personne.&nbsp;<em>&nbsp;\u201cC\u2019est un devoir pour moi d\u2019appuyer le projet du FIWA. Car, toute initiative de promotion culturelle est un combat personnel pour moi, surtout venant d\u2019une grande dame qui est presque devenue une biblioth\u00e8que culturelle dans la musique africaine. La musique adoucit le c\u0153ur, r\u00e9concilie les esprits et enseigne les valeurs soci\u00e9tales ; elle doit \u00eatre soutenue ; d\u2019o\u00f9 ma pr\u00e9sence ce matin \u00e0 c\u00f4t\u00e9 de notre ch\u00e8re ambassadrice culturelle pour lui t\u00e9moigner de mon engagement in\u00e9branlable \u00e0 ses c\u00f4t\u00e9s en tous lieux et toutes circonstances\u201d<\/em>, a-t-elle d\u00e9clar\u00e9.&nbsp;&nbsp;<strong>&nbsp;&nbsp;&nbsp;&nbsp;<\/strong><\/p>\n\n\n\n<p><strong>\u00a0\u00a0\u00a0\u00a0\u00a0\u00a0\u00a0\u00a0\u00a0\u00a0\u00a0\u00a0\u00a0\u00a0\u00a0\u00a0\u00a0\u00a0\u00a0\u00a0\u00a0\u00a0\u00a0\u00a0\u00a0\u00a0\u00a0\u00a0\u00a0\u00a0\u00a0\u00a0\u00a0\u00a0\u00a0\u00a0\u00a0\u00a0\u00a0\u00a0\u00a0\u00a0\u00a0\u00a0\u00a0\u00a0\u00a0\u00a0\u00a0\u00a0\u00a0\u00a0\u00a0\u00a0\u00a0\u00a0\u00a0\u00a0\u00a0\u00a0\u00a0\u00a0\u00a0\u00a0\u00a0\u00a0\u00a0\u00a0\u00a0\u00a0\u00a0\u00a0\u00a0\u00a0\u00a0\u00a0\u00a0\u00a0\u00a0\u00a0\u00a0\u00a0\u00a0\u00a0\u00a0\u00a0\u00a0\u00a0\u00a0\u00a0\u00a0\u00a0\u00a0\u00a0\u00a0\u00a0\u00a0\u00a0\u00a0\u00a0\u00a0\u00a0\u00a0\u00a0\u00a0\u00a0\u00a0\u00a0\u00a0\u00a0\u00a0\u00a0\u00a0\u00a0\u00a0\u00a0\u00a0 \u00a0\u00a0\u00a0\u00a0\u00a0\u00a0\u00a0\u00a0\u00a0\u00a0\u00a0\u00a0\u00a0\u00a0\u00a0\u00a0\u00a0\u00a0\u00a0\u00a0\u00a0\u00a0\u00a0\u00a0\u00a0\u00a0\u00a0\u00a0\u00a0\u00a0\u00a0<\/strong><\/p>\n\n\n\n<p><strong>\u00a0\u00a0Boubacar PA\u00cfTAO<\/strong><\/p>\n","protected":false},"excerpt":{"rendered":"<p>Dans le cadre de l\u2019organisation de la 6\u00e8me \u00e9dition du Festival international du Wassulu (FIWA), la pr\u00e9sidente de la commission d\u2019organisation, Oumou Sangar\u00e9, a anim\u00e9, le 27 f\u00e9vrier, dans les&hellip;<\/p>\n","protected":false},"author":1,"featured_media":12104,"comment_status":"open","ping_status":"closed","sticky":false,"template":"","format":"standard","meta":{"content-type":"","_lmt_disableupdate":"","_lmt_disable":"","_jetpack_memberships_contains_paid_content":false,"footnotes":"","jetpack_publicize_message":"","jetpack_publicize_feature_enabled":true,"jetpack_social_post_already_shared":true,"jetpack_social_options":{"image_generator_settings":{"template":"highway","default_image_id":0,"font":"","enabled":false},"version":2}},"categories":[19,32],"tags":[],"class_list":["post-12102","post","type-post","status-publish","format-standard","has-post-thumbnail","hentry","category-aujourdhui-mali","category-musique-art-et-culture"],"jetpack_publicize_connections":[],"featured_image_urls":{"full":"","thumbnail":"","medium":"","medium_large":"","large":"","1536x1536":"","2048x2048":"","penci-recipe-1200x1200":"","penci-recipe-1200x900":"","penci-recipe-1200x675":"","penci-single-full":"","penci-slider-full-thumb":"","penci-full-thumb":"","penci-slider-thumb":"","penci-magazine-slider":"","penci-thumb":"","penci-masonry-thumb":"","penci-thumb-square":"","penci-thumb-vertical":"","penci-thumb-small":""},"author_info":{"display_name":"Nandi","author_link":"https:\/\/nandi.info\/?author=1"},"category_info":"<a href=\"https:\/\/nandi.info\/?cat=19\" rel=\"category\">Aujourd\u2019hui Mali<\/a> <a href=\"https:\/\/nandi.info\/?cat=32\" rel=\"category\">Musique Art et Culture<\/a>","tag_info":"Musique Art et Culture","comment_count":"0","jetpack_featured_media_url":"","jetpack_sharing_enabled":true,"_links":{"self":[{"href":"https:\/\/nandi.info\/index.php?rest_route=\/wp\/v2\/posts\/12102","targetHints":{"allow":["GET"]}}],"collection":[{"href":"https:\/\/nandi.info\/index.php?rest_route=\/wp\/v2\/posts"}],"about":[{"href":"https:\/\/nandi.info\/index.php?rest_route=\/wp\/v2\/types\/post"}],"author":[{"embeddable":true,"href":"https:\/\/nandi.info\/index.php?rest_route=\/wp\/v2\/users\/1"}],"replies":[{"embeddable":true,"href":"https:\/\/nandi.info\/index.php?rest_route=%2Fwp%2Fv2%2Fcomments&post=12102"}],"version-history":[{"count":0,"href":"https:\/\/nandi.info\/index.php?rest_route=\/wp\/v2\/posts\/12102\/revisions"}],"wp:featuredmedia":[{"embeddable":true,"href":"https:\/\/nandi.info\/index.php?rest_route=\/"}],"wp:attachment":[{"href":"https:\/\/nandi.info\/index.php?rest_route=%2Fwp%2Fv2%2Fmedia&parent=12102"}],"wp:term":[{"taxonomy":"category","embeddable":true,"href":"https:\/\/nandi.info\/index.php?rest_route=%2Fwp%2Fv2%2Fcategories&post=12102"},{"taxonomy":"post_tag","embeddable":true,"href":"https:\/\/nandi.info\/index.php?rest_route=%2Fwp%2Fv2%2Ftags&post=12102"}],"curies":[{"name":"wp","href":"https:\/\/api.w.org\/{rel}","templated":true}]}}