{"id":12099,"date":"2023-03-03T19:19:00","date_gmt":"2023-03-03T18:19:00","guid":{"rendered":"https:\/\/nandi.info\/?p=12099"},"modified":"2023-03-03T19:19:00","modified_gmt":"2023-03-03T18:19:00","slug":"onu-la-france-ne-parlera-plus-au-nom-du-mali","status":"publish","type":"post","link":"https:\/\/nandi.info\/?p=12099","title":{"rendered":"ONU : La France ne parlera plus au nom du Mali"},"content":{"rendered":"\n<p><strong>La nouvelle tombe comme un cheveu dans la soupe pour le pr\u00e9sident fran\u00e7ais Emmanuel Macron : le Mali r\u00e9cuse officiellement la France comme son porteur de plume aux Nations Unies. C\u2019est \u00e9videmment une mauvaise nouvelle pour le chef d\u2019Etat fran\u00e7ais qui \u00e9tait en pleine tourn\u00e9e en Afrique le 2 Mars 2023, lorsque la note malienne a commenc\u00e9 \u00e0 circuler sur les r\u00e9seaux sociaux. C\u2019est d\u2019autant plus dramatique que Macron voulait profiter de son voyage pour redorer l\u2019image de son pays en Afrique.<\/strong><\/p>\n\n\n\n<p class=\"has-drop-cap\">Les raisons de la d\u00e9cision malienne sont expliqu\u00e9es clairement dans la correspondance des autorit\u00e9s de transition adress\u00e9e \u00e0 la France. Le Mali interdit la France de parler en son nom au conseil de s\u00e9curit\u00e9 de l\u2019ONU, parce que les autorit\u00e9s maliennes sont rest\u00e9es sur leur faim au sujet de la diplomatie internationale. Le gouvernement malien dans sa lettre adress\u00e9e aux Nations Unies le 1er mars 2023 r\u00e9cuse officiellement le statut de porte-plume de la France sur toutes questions examin\u00e9es par le Conseil de s\u00e9curit\u00e9 concernant surtout les affaires du Mali.<\/p>\n\n\n\n<p>Selon la transition malienne, cette r\u00e9cusation fait suite aux actes hostiles, notamment la violation de l\u2019espace a\u00e9rien du Mali par des a\u00e9ronefs des Forces fran\u00e7aises, que le gouvernement avait d\u00e9nonc\u00e9 \u00e0 travers un communiqu\u00e9, le 12 janvier 2022. Ces alertes publiques ont \u00e9t\u00e9 suivies, le 15 ao\u00fbt 2022, d\u2019une lettre par laquelle le gouvernement de la R\u00e9publique du Mali portait plainte aupr\u00e8s de Conseil de s\u00e9curit\u00e9 pour actes d\u2019agression, de violation de son espace a\u00e9rien, de subversion et de d\u00e9stabilisation.<\/p>\n\n\n\n<p>C\u2019est au vu de la gravit\u00e9 de ces faits qui pour le moins interrogent sur l\u2019objectivit\u00e9 et l\u2019impartialit\u00e9 de la R\u00e9publique fran\u00e7aise que Bamako, r\u00e9cuse le statut de porte-plume de la France sur toute affaire concernant le Mali au conseil de l\u2019ONU. La France a toujours port\u00e9 depuis le 20 d\u00e9cembre 2012 la plume sur toutes les questions concernant le Mali devant cet organe onusien, y compris pour ce qui concerne l\u2019initiative et le portage des projets de r\u00e9solutions relatifs au mandat de la MINUSMA ou au r\u00e9gime de sanctions concernant le Mali.<\/p>\n\n\n\n<p>Bamako a de bonnes raisons de se f\u00e2cher contre la France, puisque la r\u00e9union demand\u00e9e par les autorit\u00e9s maliennes pour porter les preuves de la complicit\u00e9 entre la France et certains groupes terroristes n\u2019a pas encore eu lieu plusieurs mois apr\u00e8s la demande. La France qui porte la plume du Mali a tout fait pour bloquer la convocation de cette r\u00e9union au Conseil de s\u00e9curit\u00e9 des Nations Unies. Le Mali qui se bat contre le terrorisme depuis 202 avait malheureusement fait confiance \u00e0 la France qui s\u2019est associ\u00e9e \u00e0 des groupes terroristes ayant endeuill\u00e9 le pays.<\/p>\n\n\n\n<p><strong>Souma\u00efla Diarra<\/strong><\/p>\n\n\n\n<p><strong>Le Pays<\/strong><\/p>\n","protected":false},"excerpt":{"rendered":"<p>La nouvelle tombe comme un cheveu dans la soupe pour le pr\u00e9sident fran\u00e7ais Emmanuel Macron : le Mali r\u00e9cuse officiellement la France comme son porteur de plume aux Nations Unies.&hellip;<\/p>\n","protected":false},"author":1,"featured_media":12100,"comment_status":"open","ping_status":"closed","sticky":false,"template":"","format":"standard","meta":{"content-type":"","_lmt_disableupdate":"","_lmt_disable":"","_jetpack_memberships_contains_paid_content":false,"footnotes":"","jetpack_publicize_message":"","jetpack_publicize_feature_enabled":true,"jetpack_social_post_already_shared":true,"jetpack_social_options":{"image_generator_settings":{"template":"highway","default_image_id":0,"font":"","enabled":false},"version":2}},"categories":[71,116,92,21],"tags":[],"class_list":["post-12099","post","type-post","status-publish","format-standard","has-post-thumbnail","hentry","category-le-pays","category-onu","category-slider","category-societe"],"jetpack_publicize_connections":[],"featured_image_urls":{"full":"","thumbnail":"","medium":"","medium_large":"","large":"","1536x1536":"","2048x2048":"","penci-recipe-1200x1200":"","penci-recipe-1200x900":"","penci-recipe-1200x675":"","penci-single-full":"","penci-slider-full-thumb":"","penci-full-thumb":"","penci-slider-thumb":"","penci-magazine-slider":"","penci-thumb":"","penci-masonry-thumb":"","penci-thumb-square":"","penci-thumb-vertical":"","penci-thumb-small":""},"author_info":{"display_name":"Nandi","author_link":"https:\/\/nandi.info\/?author=1"},"category_info":"<a href=\"https:\/\/nandi.info\/?cat=71\" rel=\"category\">Le Pays<\/a> <a href=\"https:\/\/nandi.info\/?cat=116\" rel=\"category\">ONU<\/a> <a href=\"https:\/\/nandi.info\/?cat=92\" rel=\"category\">Slider<\/a> <a href=\"https:\/\/nandi.info\/?cat=21\" rel=\"category\">Soci\u00e9t\u00e9<\/a>","tag_info":"Soci\u00e9t\u00e9","comment_count":"0","jetpack_featured_media_url":"","jetpack_sharing_enabled":true,"_links":{"self":[{"href":"https:\/\/nandi.info\/index.php?rest_route=\/wp\/v2\/posts\/12099","targetHints":{"allow":["GET"]}}],"collection":[{"href":"https:\/\/nandi.info\/index.php?rest_route=\/wp\/v2\/posts"}],"about":[{"href":"https:\/\/nandi.info\/index.php?rest_route=\/wp\/v2\/types\/post"}],"author":[{"embeddable":true,"href":"https:\/\/nandi.info\/index.php?rest_route=\/wp\/v2\/users\/1"}],"replies":[{"embeddable":true,"href":"https:\/\/nandi.info\/index.php?rest_route=%2Fwp%2Fv2%2Fcomments&post=12099"}],"version-history":[{"count":0,"href":"https:\/\/nandi.info\/index.php?rest_route=\/wp\/v2\/posts\/12099\/revisions"}],"wp:featuredmedia":[{"embeddable":true,"href":"https:\/\/nandi.info\/index.php?rest_route=\/"}],"wp:attachment":[{"href":"https:\/\/nandi.info\/index.php?rest_route=%2Fwp%2Fv2%2Fmedia&parent=12099"}],"wp:term":[{"taxonomy":"category","embeddable":true,"href":"https:\/\/nandi.info\/index.php?rest_route=%2Fwp%2Fv2%2Fcategories&post=12099"},{"taxonomy":"post_tag","embeddable":true,"href":"https:\/\/nandi.info\/index.php?rest_route=%2Fwp%2Fv2%2Ftags&post=12099"}],"curies":[{"name":"wp","href":"https:\/\/api.w.org\/{rel}","templated":true}]}}