{"id":12093,"date":"2023-03-03T10:49:00","date_gmt":"2023-03-03T09:49:00","guid":{"rendered":"https:\/\/nandi.info\/?p=12093"},"modified":"2023-03-03T10:49:00","modified_gmt":"2023-03-03T09:49:00","slug":"bandiagara-deux-membres-du-gouvernement-au-chevet-des-familles-des-victimes-de-kani-bonzon","status":"publish","type":"post","link":"https:\/\/nandi.info\/?p=12093","title":{"rendered":"Bandiagara : deux membres du gouvernement au chevet des familles des victimes de kani-Bonzon"},"content":{"rendered":"\n<p><strong>Apr\u00e8s l\u2019attaque contre le village de Kani-Bonzon dans la r\u00e9gion de Bandiagara, le 23 f\u00e9vrier 2023, les autorit\u00e9s de la transition ont d\u00e9p\u00each\u00e9, le mardi 28 f\u00e9vrier, deux ministres afin d\u2019aller pr\u00e9senter les condol\u00e9ances du gouvernement aux familles des victimes. Une occasion mis \u00e0 profit pour rassurer la population<\/strong>.<\/p>\n\n\n\n<p class=\"has-drop-cap\">Le village de Kani-bonzon a, en effet, \u00e9t\u00e9 la cible d\u2019attaques des hommes arm\u00e9s non identifi\u00e9s en fin du mois dernier. Cette attaque dont les causes reste \u00e0 ce jour inconnue, a occasionn\u00e9 12 morts, 5 bless\u00e9s et des d\u00e9g\u00e2ts mat\u00e9riels tr\u00e8s importants.<\/p>\n\n\n\n<p>Suite \u00e0 cet \u00e9v\u00e9nement malheureux pour le Mali et en vue d\u2019apporter leur soutien aux familles des victimes, deux membres du gouvernement se sont rendu sur les lieux.<\/p>\n\n\n\n<p>Il s\u2019agit bien du ministre de la R\u00e9conciliation, de la paix et de la coh\u00e9sion nationale, charg\u00e9 de l\u2019Accord pour la paix et la R\u00e9conciliation nationale, le Colonel Major Ismael Wague et le Ministre d\u00e9l\u00e9gu\u00e9 aupr\u00e8s du ministre de la sant\u00e9 et du d\u00e9veloppement social, charg\u00e9 de l\u2019action humanitaire, de la solidarit\u00e9, des R\u00e9fugi\u00e9s et des D\u00e9plac\u00e9s Oumarou Diarra.<\/p>\n\n\n\n<p>Cette d\u00e9l\u00e9gation venue de Bamako \u00e9tait accompagn\u00e9e pour l\u2019occasion par le gouverneur de la r\u00e9gion de Bandiagara M. Sidi Mohamed El B\u00e9chir.<\/p>\n\n\n\n<p>D\u00e8s leur arriv\u00e9s \u00e0 Kani-Bonzon, la d\u00e9l\u00e9gation s\u2019est recueillie sur les tombes des victimes avant de se rendre dans leur famille.<\/p>\n\n\n\n<p>S\u00e9ance tenante, le ministre Oumarou Diarra a transmis aux familles endeuill\u00e9es, le message de compassion du pr\u00e9sident de la transition Assimi Go\u00efta.<\/p>\n\n\n\n<p>Le ministre Oumarou Diarra a donn\u00e9 l\u2019assurance que des dispositions sont en train d\u2019\u00eatre prises pour \u00e9viter que, non seulement de tels actes se reproduisent, mais aussi que ces crimes commis ne restent pas impunis. Selon lui, tous les auteurs de cet acte ignoble seront traqu\u00e9s jusque dans leur dernier retranchement.<\/p>\n\n\n\n<p>La d\u00e9l\u00e9gation a aussi remis une enveloppe symbolique aux familles endeuill\u00e9es de la part du pr\u00e9sident de la transition.<\/p>\n\n\n\n<p>Quant \u00e0 la population de Kani-Bonzon elle a, \u00e0 travers son porte-parole remerci\u00e9 la d\u00e9l\u00e9gation et a souhait\u00e9 qu\u2019un poste de s\u00e9curit\u00e9 lui soit.<\/p>\n\n\n\n<p><strong>Tioumb\u00e8 Adeline Tolofoudi\u00e9<\/strong><\/p>\n\n\n\n<p><strong>Le Pays<\/strong><\/p>\n","protected":false},"excerpt":{"rendered":"<p>Apr\u00e8s l\u2019attaque contre le village de Kani-Bonzon dans la r\u00e9gion de Bandiagara, le 23 f\u00e9vrier 2023, les autorit\u00e9s de la transition ont d\u00e9p\u00each\u00e9, le mardi 28 f\u00e9vrier, deux ministres afin&hellip;<\/p>\n","protected":false},"author":1,"featured_media":12094,"comment_status":"open","ping_status":"closed","sticky":false,"template":"","format":"standard","meta":{"content-type":"","_lmt_disableupdate":"","_lmt_disable":"","_jetpack_memberships_contains_paid_content":false,"footnotes":"","jetpack_publicize_message":"","jetpack_publicize_feature_enabled":true,"jetpack_social_post_already_shared":true,"jetpack_social_options":{"image_generator_settings":{"template":"highway","default_image_id":0,"font":"","enabled":false},"version":2}},"categories":[74,21],"tags":[],"class_list":["post-12093","post","type-post","status-publish","format-standard","has-post-thumbnail","hentry","category-nation","category-societe"],"jetpack_publicize_connections":[],"featured_image_urls":{"full":"","thumbnail":"","medium":"","medium_large":"","large":"","1536x1536":"","2048x2048":"","penci-recipe-1200x1200":"","penci-recipe-1200x900":"","penci-recipe-1200x675":"","penci-single-full":"","penci-slider-full-thumb":"","penci-full-thumb":"","penci-slider-thumb":"","penci-magazine-slider":"","penci-thumb":"","penci-masonry-thumb":"","penci-thumb-square":"","penci-thumb-vertical":"","penci-thumb-small":""},"author_info":{"display_name":"Nandi","author_link":"https:\/\/nandi.info\/?author=1"},"category_info":"<a href=\"https:\/\/nandi.info\/?cat=74\" rel=\"category\">Nation<\/a> <a href=\"https:\/\/nandi.info\/?cat=21\" rel=\"category\">Soci\u00e9t\u00e9<\/a>","tag_info":"Soci\u00e9t\u00e9","comment_count":"0","jetpack_featured_media_url":"","jetpack_sharing_enabled":true,"_links":{"self":[{"href":"https:\/\/nandi.info\/index.php?rest_route=\/wp\/v2\/posts\/12093","targetHints":{"allow":["GET"]}}],"collection":[{"href":"https:\/\/nandi.info\/index.php?rest_route=\/wp\/v2\/posts"}],"about":[{"href":"https:\/\/nandi.info\/index.php?rest_route=\/wp\/v2\/types\/post"}],"author":[{"embeddable":true,"href":"https:\/\/nandi.info\/index.php?rest_route=\/wp\/v2\/users\/1"}],"replies":[{"embeddable":true,"href":"https:\/\/nandi.info\/index.php?rest_route=%2Fwp%2Fv2%2Fcomments&post=12093"}],"version-history":[{"count":0,"href":"https:\/\/nandi.info\/index.php?rest_route=\/wp\/v2\/posts\/12093\/revisions"}],"wp:featuredmedia":[{"embeddable":true,"href":"https:\/\/nandi.info\/index.php?rest_route=\/"}],"wp:attachment":[{"href":"https:\/\/nandi.info\/index.php?rest_route=%2Fwp%2Fv2%2Fmedia&parent=12093"}],"wp:term":[{"taxonomy":"category","embeddable":true,"href":"https:\/\/nandi.info\/index.php?rest_route=%2Fwp%2Fv2%2Fcategories&post=12093"},{"taxonomy":"post_tag","embeddable":true,"href":"https:\/\/nandi.info\/index.php?rest_route=%2Fwp%2Fv2%2Ftags&post=12093"}],"curies":[{"name":"wp","href":"https:\/\/api.w.org\/{rel}","templated":true}]}}