{"id":12090,"date":"2023-03-03T10:46:00","date_gmt":"2023-03-03T09:46:00","guid":{"rendered":"https:\/\/nandi.info\/?p=12090"},"modified":"2023-03-03T10:46:00","modified_gmt":"2023-03-03T09:46:00","slug":"finalisation-du-projet-de-constitution-lurd-salue-et-felicite-la-commission-pour-lexcellent-travail-abattu-avec-professionnalisme","status":"publish","type":"post","link":"https:\/\/nandi.info\/?p=12090","title":{"rendered":"Finalisation du projet de constitution : L\u2019URD salue et f\u00e9licite la commission pour l\u2019excellent travail abattu avec professionnalisme"},"content":{"rendered":"\n<p><strong>Apr\u00e8s 15 jours de travail ardent, le projet de la nouvelle Constitution de la r\u00e9publique du Mali a \u00e9t\u00e9 officiellement remis au pr\u00e9sident de la transition, le Col. Assimi Go\u00efta, le lundi 27 f\u00e9vrier 2023 \u00e0 Koulouba. Dans un communiqu\u00e9, tout en f\u00e9licitant l\u2019excellent travail de la commission de finalisation dirig\u00e9 par le professeur Fousseyni Samak\u00e9, le Bureau Ex\u00e9cutif National de l\u2019Union pour la R\u00e9publique et la D\u00e9mocratie (BEN \/URD) a sollicit\u00e9 une large diffusion du document afin de facilit\u00e9 son adoption lors du prochain referendum.<\/strong><\/p>\n\n\n\n<p>\u00ab&nbsp;Le Bureau Ex\u00e9cutif National de l\u2019Union pour la R\u00e9publique et la D\u00e9mocratie (BEN \/URD) a appris avec satisfaction l\u2019ach\u00e8vement des travaux de la commission de finalisation de la nouvelle constitution en cours d\u2019\u00e9laboration&nbsp;\u00bb a indiqu\u00e9 la formation politique de l\u2019ex-chef de fil de l\u2019opposition, feu Souma\u00efla Ciss\u00e9 dans un communiqu\u00e9.<\/p>\n\n\n\n<p>Le parti URD s\u2019est surtout r\u00e9joui du respect du d\u00e9lai imparti pour cette mission par la commission de finalisation de la nouvelle constitution. \u00ab&nbsp;Le Bureau Ex\u00e9cutif National de l\u2019URD f\u00e9licite la commission pour l\u2019excellent travail abattu avec professionnalisme, abn\u00e9gation et esprit patriotique et cela dans les d\u00e9lais qui lui ont \u00e9t\u00e9 prescrits&nbsp;\u00bb signale-t-il avant d\u2019exhorter les plus hautes autorit\u00e9s de la transition \u00e0 faire une large diffusion du document afin d\u2019obtenir une forte adh\u00e9sion de la population. \u00ab&nbsp;L\u2019URD exhorte les autorit\u00e9s de la transition \u00e0 proc\u00e9der \u00e0 une large diffusion du projet de la nouvelle constitution et une grande sensibilisation des citoyens en vue de son appropriation et de son adoption au prochain referendum&nbsp;\u00bb note ce communiqu\u00e9. D\u2019ailleurs, l\u2019Union pour la R\u00e9publique et la D\u00e9mocratie a rassur\u00e9 les autorit\u00e9s de la transition de sa contribution pour, non seulement faire passer ce projet de constitution, mais tout le processus de transition en cours. \u00ab&nbsp;L\u2019URD contribuera pleinement au vote massif du projet et r\u00e9it\u00e8re son soutien constant et ind\u00e9fectible aux autorit\u00e9s pour une r\u00e9ussite du processus de transition en cours dans notre pays&nbsp;\u00bb a-t-il bien pr\u00e9cis\u00e9.<\/p>\n\n\n\n<p><strong>Issa Djiguiba<\/strong><\/p>\n","protected":false},"excerpt":{"rendered":"<p>Apr\u00e8s 15 jours de travail ardent, le projet de la nouvelle Constitution de la r\u00e9publique du Mali a \u00e9t\u00e9 officiellement remis au pr\u00e9sident de la transition, le Col. Assimi Go\u00efta,&hellip;<\/p>\n","protected":false},"author":1,"featured_media":10452,"comment_status":"open","ping_status":"closed","sticky":false,"template":"","format":"standard","meta":{"content-type":"","_lmt_disableupdate":"","_lmt_disable":"","_jetpack_memberships_contains_paid_content":false,"footnotes":"","jetpack_publicize_message":"","jetpack_publicize_feature_enabled":true,"jetpack_social_post_already_shared":true,"jetpack_social_options":{"image_generator_settings":{"template":"highway","default_image_id":0,"font":"","enabled":false},"version":2}},"categories":[71,23],"tags":[],"class_list":["post-12090","post","type-post","status-publish","format-standard","has-post-thumbnail","hentry","category-le-pays","category-politique"],"jetpack_publicize_connections":[],"featured_image_urls":{"full":"","thumbnail":"","medium":"","medium_large":"","large":"","1536x1536":"","2048x2048":"","penci-recipe-1200x1200":"","penci-recipe-1200x900":"","penci-recipe-1200x675":"","penci-single-full":"","penci-slider-full-thumb":"","penci-full-thumb":"","penci-slider-thumb":"","penci-magazine-slider":"","penci-thumb":"","penci-masonry-thumb":"","penci-thumb-square":"","penci-thumb-vertical":"","penci-thumb-small":""},"author_info":{"display_name":"Nandi","author_link":"https:\/\/nandi.info\/?author=1"},"category_info":"<a href=\"https:\/\/nandi.info\/?cat=71\" rel=\"category\">Le Pays<\/a> <a href=\"https:\/\/nandi.info\/?cat=23\" rel=\"category\">Politique<\/a>","tag_info":"Politique","comment_count":"0","jetpack_featured_media_url":"","jetpack_sharing_enabled":true,"_links":{"self":[{"href":"https:\/\/nandi.info\/index.php?rest_route=\/wp\/v2\/posts\/12090","targetHints":{"allow":["GET"]}}],"collection":[{"href":"https:\/\/nandi.info\/index.php?rest_route=\/wp\/v2\/posts"}],"about":[{"href":"https:\/\/nandi.info\/index.php?rest_route=\/wp\/v2\/types\/post"}],"author":[{"embeddable":true,"href":"https:\/\/nandi.info\/index.php?rest_route=\/wp\/v2\/users\/1"}],"replies":[{"embeddable":true,"href":"https:\/\/nandi.info\/index.php?rest_route=%2Fwp%2Fv2%2Fcomments&post=12090"}],"version-history":[{"count":0,"href":"https:\/\/nandi.info\/index.php?rest_route=\/wp\/v2\/posts\/12090\/revisions"}],"wp:featuredmedia":[{"embeddable":true,"href":"https:\/\/nandi.info\/index.php?rest_route=\/"}],"wp:attachment":[{"href":"https:\/\/nandi.info\/index.php?rest_route=%2Fwp%2Fv2%2Fmedia&parent=12090"}],"wp:term":[{"taxonomy":"category","embeddable":true,"href":"https:\/\/nandi.info\/index.php?rest_route=%2Fwp%2Fv2%2Fcategories&post=12090"},{"taxonomy":"post_tag","embeddable":true,"href":"https:\/\/nandi.info\/index.php?rest_route=%2Fwp%2Fv2%2Ftags&post=12090"}],"curies":[{"name":"wp","href":"https:\/\/api.w.org\/{rel}","templated":true}]}}