{"id":11997,"date":"2023-02-26T09:44:41","date_gmt":"2023-02-26T08:44:41","guid":{"rendered":"https:\/\/nandi.info\/?p=11997"},"modified":"2023-02-26T09:44:41","modified_gmt":"2023-02-26T08:44:41","slug":"pour-un-meilleur-maillage-du-territoire-national-la-brigade-territoriale-de-bougouni-et-le-commissariat-de-police-de-ouelessebougou-inaugures","status":"publish","type":"post","link":"https:\/\/nandi.info\/?p=11997","title":{"rendered":"Pour un meilleur maillage du territoire national : La Brigade territoriale de Bougouni et le Commissariat de police de Ou\u00e9less\u00e9bougou inaugur\u00e9s"},"content":{"rendered":"\n<p><strong><em>Pour un meilleur maillage du territoire national, le Ministre de la S\u00e9curit\u00e9 et de la Protection civile, le G\u00e9n\u00e9ral de Brigade Daoud Aly Mohammedine, \u00e0 la t\u00eate d\u2019une forte d\u00e9l\u00e9gation compos\u00e9e de membres de son cabinet et de certains Directeurs centraux du d\u00e9partement, a proc\u00e9d\u00e9, le vendredi 17 f\u00e9vrier 2023, \u00e0 l\u2019inauguration du tout-nouveau b\u00e2timent qui abrite d\u00e9sormais la Brigade territoriale de Bougouni et \u00e0 celle des locaux du Commissariat de Police de Ou\u00e9less\u00e9bougou.<\/em><\/strong><\/p>\n\n\n\n<p class=\"has-drop-cap\">A son arriv\u00e9e, le ministre de la S\u00e9curit\u00e9 et de la Protection civile a \u00e9t\u00e9 accueilli par le Gouverneur de la R\u00e9gion de Bougouni, le G\u00e9n\u00e9ral de Brigade K\u00e9ba Sangar\u00e9, en pr\u00e9sence des autorit\u00e9s politiques et administratives de la ville.<\/p>\n\n\n\n<p>Apr\u00e8s les salutations d\u2019usage et la visite de courtoisie aux notabilit\u00e9s de la ville, le 1er adjoint au Maire de Bougouni, Bany Tour\u00e9 a exprim\u00e9, dans son mot de bienvenue, toute la satisfaction de ses populations qui voient ainsi les forces de s\u00e9curit\u00e9, notamment la Gendarmerie, log\u00e9es \u00e0 une meilleure enseigne, surtout que l\u2019ancienne b\u00e2tisse date de 1947.<\/p>\n\n\n\n<p>Pour sa part, le Directeur g\u00e9n\u00e9ral adjoint de la Gendarmerie nationale, le Colonel Najim Ag Hattaye, a remerci\u00e9 les plus hautes autorit\u00e9s du pays qui ne m\u00e9nagent aucun effort pour mettre les forces de d\u00e9fense et de s\u00e9curit\u00e9 dans les conditions optimales de travail.&nbsp;<em>\u201cS\u2019agissant des infrastructures en question, elles sont non seulement conventionnelles, mais r\u00e9pondent \u00e9galement au plan type d\u2019une Brigade de Gendarmerie. Monsieur le Ministre, c\u2019est le lieu de t\u00e9moigner cette volont\u00e9 in\u00e9branlable qui vous anime d\u2019accompagner la Gendarmerie nationale. Ce qui cadre bien avec les objectifs de r\u00e9forme et de restructuration de nos outils de d\u00e9fense et de s\u00e9curit\u00e9. C\u2019est dans cet esprit que d\u2019autres r\u00e9alisations ont \u00e9t\u00e9 d\u00e9j\u00e0 effectu\u00e9es par vos soins, \u00e0 savoir entre autres, la construction de la Brigade Territoriale de Massigui dans la R\u00e9gion de Koulikoro, celle de Di\u00e9ma \u00e0 Kayes et de P\u00e9lengana \u00e0 S\u00e9gou\u201d<\/em>, a laiss\u00e9 entendre le Colonel Najim Ag Hattaye. Pour finir, il a invit\u00e9 la population \u00e0 une collaboration franche et sinc\u00e8re avec les forces de d\u00e9fense et de s\u00e9curit\u00e9, en g\u00e9n\u00e9ral et les militaires de la Gendarmerie en particulier. La coupure du ruban symbolique et la visite guid\u00e9e des locaux ont mis un terme \u00e0 cette c\u00e9r\u00e9monie.<\/p>\n\n\n\n<p>Apr\u00e8s l\u2019inauguration de la Brigade territoriale de Bougouni, sur le chemin du retour, la d\u00e9l\u00e9gation minist\u00e9rielle a fait une escale \u00e0 Ou\u00e9less\u00e9bougou pour inaugurer le Commissariat de police de la ville.<\/p>\n\n\n\n<p>Apr\u00e8s les visites aux diff\u00e9rentes notabilit\u00e9s, la d\u00e9l\u00e9gation a ralli\u00e9 le site o\u00f9 le b\u00e2timent abritant le commissariat \u00e9tait \u00e9rig\u00e9. Prenant la parole, le Chef de quartier, Bana Samak\u00e9, a salu\u00e9 les autorit\u00e9s maliennes pour cette \u0153uvre gigantesque qui marquera \u00e0 jamais les esprits des habitants du Djitoumou. A sa suite, le Maire de Ou\u00e9less\u00e9bougou, Bakary Samak\u00e9, a exprim\u00e9 toute sa joie de recevoir un tel joyau architectural dans sa commune. Cela, poursuit-il, permettra aux forces de s\u00e9curit\u00e9 de s\u2019acquitter convenablement de leur mission dans des conditions enviables. Avant de remercier les autorit\u00e9s de la Transition pour leur souci constant pour le devenir du Mali.<\/p>\n\n\n\n<p>Quant au Directeur g\u00e9n\u00e9ral de la Police nationale, l\u2019Inspecteur g\u00e9n\u00e9ral de police Soula\u00efmane Traor\u00e9, a laiss\u00e9 entendre que ce commissariat de police constitue une r\u00e9ponse concr\u00e8te des plus hautes autorit\u00e9s aux demandes des populations de Ou\u00e9less\u00e9bougou, qui attendent qu\u2019elles soient prot\u00e9g\u00e9es et que leurs biens soient s\u00e9curis\u00e9s. Aux \u00e9l\u00e9ments de ce Commissariat de police, le Directeur g\u00e9n\u00e9ral dira que :&nbsp;<em>\u201cj\u2019ose esp\u00e9rer que ce site, moderne, fonctionnel et accueillant, permettra d\u2019am\u00e9liorer les capacit\u00e9s op\u00e9rationnelles de nos personnels, et inversera la courbe de l\u2019ins\u00e9curit\u00e9 dans la R\u00e9gion. Notre objectif primordial est que la peur change de camp\u201d.<\/em><\/p>\n\n\n\n<p>En conclusion, l\u2019Inspecteur g\u00e9n\u00e9ral de police, Soula\u00efmane Traor\u00e9, a remerci\u00e9 le Ministre pour son engagement constant aupr\u00e8s des forces de s\u00e9curit\u00e9, et appel\u00e9, par la m\u00eame occasion, les populations \u00e0 soutenir leur police en mati\u00e8re de collecte d\u2019informations. La coupure du ruban symbolique et la visite guid\u00e9e des locaux ont mis un terme \u00e0 cette c\u00e9r\u00e9monie.<\/p>\n\n\n\n<p>Notons que la brigade territoriale de Bougouni a \u00e9t\u00e9 construite pour un co\u00fbt total de 149 millions 388.000 FCFA enti\u00e8rement financ\u00e9 par le Minist\u00e8re de la S\u00e9curit\u00e9 et de la Protection civile.&nbsp;&nbsp;<strong>&nbsp;&nbsp;&nbsp;&nbsp;&nbsp;&nbsp;&nbsp;&nbsp;&nbsp;&nbsp;&nbsp;&nbsp;&nbsp;&nbsp;&nbsp;&nbsp;&nbsp;&nbsp;&nbsp;&nbsp;&nbsp;&nbsp;&nbsp;&nbsp;&nbsp;&nbsp;&nbsp;&nbsp;&nbsp;&nbsp;&nbsp;&nbsp;&nbsp;&nbsp;&nbsp;&nbsp;&nbsp;&nbsp;&nbsp;&nbsp;&nbsp;&nbsp;&nbsp;&nbsp;&nbsp;&nbsp;&nbsp;&nbsp;&nbsp;&nbsp;&nbsp;&nbsp;&nbsp;&nbsp;&nbsp;&nbsp;&nbsp;&nbsp;&nbsp;&nbsp;&nbsp;&nbsp;&nbsp;&nbsp;&nbsp;&nbsp;&nbsp;&nbsp;&nbsp;&nbsp;&nbsp;&nbsp;&nbsp;&nbsp;&nbsp;&nbsp;&nbsp;&nbsp;<\/strong><\/p>\n\n\n\n<p><strong>Boubacar PA\u00cfTAO<\/strong><\/p>\n","protected":false},"excerpt":{"rendered":"<p>Pour un meilleur maillage du territoire national, le Ministre de la S\u00e9curit\u00e9 et de la Protection civile, le G\u00e9n\u00e9ral de Brigade Daoud Aly Mohammedine, \u00e0 la t\u00eate d\u2019une forte d\u00e9l\u00e9gation&hellip;<\/p>\n","protected":false},"author":1,"featured_media":12001,"comment_status":"open","ping_status":"closed","sticky":false,"template":"","format":"standard","meta":{"content-type":"","_lmt_disableupdate":"","_lmt_disable":"","_jetpack_memberships_contains_paid_content":false,"footnotes":"","jetpack_publicize_message":"","jetpack_publicize_feature_enabled":true,"jetpack_social_post_already_shared":true,"jetpack_social_options":{"image_generator_settings":{"template":"highway","default_image_id":0,"font":"","enabled":false},"version":2}},"categories":[19,66,21],"tags":[],"class_list":["post-11997","post","type-post","status-publish","format-standard","has-post-thumbnail","hentry","category-aujourdhui-mali","category-police","category-societe"],"jetpack_publicize_connections":[],"featured_image_urls":{"full":"","thumbnail":"","medium":"","medium_large":"","large":"","1536x1536":"","2048x2048":"","penci-recipe-1200x1200":"","penci-recipe-1200x900":"","penci-recipe-1200x675":"","penci-single-full":"","penci-slider-full-thumb":"","penci-full-thumb":"","penci-slider-thumb":"","penci-magazine-slider":"","penci-thumb":"","penci-masonry-thumb":"","penci-thumb-square":"","penci-thumb-vertical":"","penci-thumb-small":""},"author_info":{"display_name":"Nandi","author_link":"https:\/\/nandi.info\/?author=1"},"category_info":"<a href=\"https:\/\/nandi.info\/?cat=19\" rel=\"category\">Aujourd\u2019hui Mali<\/a> <a href=\"https:\/\/nandi.info\/?cat=66\" rel=\"category\">Police<\/a> <a href=\"https:\/\/nandi.info\/?cat=21\" rel=\"category\">Soci\u00e9t\u00e9<\/a>","tag_info":"Soci\u00e9t\u00e9","comment_count":"0","jetpack_featured_media_url":"","jetpack_sharing_enabled":true,"_links":{"self":[{"href":"https:\/\/nandi.info\/index.php?rest_route=\/wp\/v2\/posts\/11997","targetHints":{"allow":["GET"]}}],"collection":[{"href":"https:\/\/nandi.info\/index.php?rest_route=\/wp\/v2\/posts"}],"about":[{"href":"https:\/\/nandi.info\/index.php?rest_route=\/wp\/v2\/types\/post"}],"author":[{"embeddable":true,"href":"https:\/\/nandi.info\/index.php?rest_route=\/wp\/v2\/users\/1"}],"replies":[{"embeddable":true,"href":"https:\/\/nandi.info\/index.php?rest_route=%2Fwp%2Fv2%2Fcomments&post=11997"}],"version-history":[{"count":0,"href":"https:\/\/nandi.info\/index.php?rest_route=\/wp\/v2\/posts\/11997\/revisions"}],"wp:featuredmedia":[{"embeddable":true,"href":"https:\/\/nandi.info\/index.php?rest_route=\/"}],"wp:attachment":[{"href":"https:\/\/nandi.info\/index.php?rest_route=%2Fwp%2Fv2%2Fmedia&parent=11997"}],"wp:term":[{"taxonomy":"category","embeddable":true,"href":"https:\/\/nandi.info\/index.php?rest_route=%2Fwp%2Fv2%2Fcategories&post=11997"},{"taxonomy":"post_tag","embeddable":true,"href":"https:\/\/nandi.info\/index.php?rest_route=%2Fwp%2Fv2%2Ftags&post=11997"}],"curies":[{"name":"wp","href":"https:\/\/api.w.org\/{rel}","templated":true}]}}