{"id":11905,"date":"2023-02-20T10:31:21","date_gmt":"2023-02-20T09:31:21","guid":{"rendered":"https:\/\/nandi.info\/?p=11905"},"modified":"2023-02-20T10:31:21","modified_gmt":"2023-02-20T09:31:21","slug":"me-claude-david-convisser-lhomme-daffaire-americain-sur-la-crise-au-nord-demande-a-rencontrer-iyad-ag-ghali","status":"publish","type":"post","link":"https:\/\/nandi.info\/?p=11905","title":{"rendered":"<strong>Me Claude David Convisser, l\u2019homme d\u2019affaire am\u00e9ricain sur la crise au Nord&nbsp;: Demande \u00e0 rencontrer Iyad Ag Ghali&nbsp;!<\/strong>"},"content":{"rendered":"\n<p><strong><em>Claude David Conviser, un avocat am\u00e9ricain et non moins homme d\u2019affaires vivant au Mali a tenu hier dimanche 19 f\u00e9vrier, une conf\u00e9rence de presse \u00e0 l\u2019H\u00f4tel \u2018\u2019Hannadi\u2019\u2019 sis \u00e0 Magnambougou Faso Kanu pour lancer un appel au peuple africain \u00e0 la cr\u00e9ation d\u2019une Afrique Unie comprenant Azawad administrativement ind\u00e9pendant du Mali dans le but de mettre fin au terrorisme. Il se propose aussi de rencontrer Iyad Ag Ghaly pour lui adresser un message.<\/em><\/strong><\/p>\n\n\n\n<p class=\"has-drop-cap\">A l\u2019entame de son propos, Me Claude David Convisser a indiqu\u00e9 que cette conf\u00e9rence de presse vise \u00e0 rapporter ses r\u00e9centes actions dans les medias et vis-\u00e0-vis d\u2019Iyad Ag Ghali. Il s\u2019agit d\u2019une interview accord\u00e9e au journal \u2018\u2019Politicien Musulman\u2019\u2019 du 10 f\u00e9vrier, d\u2019une vid\u00e9o post\u00e9e sur le site Orbite.com, le 29 janvier et de sa lettre remise \u00e0 main propre \u00e0 Iyad Ag Ghali du JNIM (Jama\u2019a Nustrat ul-Islam wa al-Muslimin).<\/p>\n\n\n\n<p>Touchant au sujet d\u2019actualit\u00e9, il a \u00e9voqu\u00e9 la conf\u00e9d\u00e9ration que le Mali, le Burkina Faso et la Guin\u00e9e veulent cr\u00e9er. A cet effet, il dit avoir d\u00e9j\u00e0 touch\u00e9 ce sujet dans son M\u00e9morandum de 43 pages du 28 septembre 2021. \u00ab&nbsp;Dans lequel, j\u2019ai appel\u00e9 \u00e0 la cr\u00e9ation d\u2019une Afrique unie comprenant un Azawad administrativement ind\u00e9pendant du Mali comme moyen de mettre fin au terrorisme et \u00e0 la guerre qui s\u00e9vissent dans le Sahel occidental&nbsp;\u00bb a-t-il rapport\u00e9 avant d\u2019affirmer avoir remis ce m\u00e9mo \u00e0 environ 25 ministres au Mali, au Burkina Faso au Ghana, aux Etats-Unis et en France et d\u2019en distribuer des copies aux journalistes maliens, burkinab\u00e9 et ghan\u00e9ens.<\/p>\n\n\n\n<p>A cet effet, il dit ne pas \u00eatre favorable \u00e0 une conf\u00e9d\u00e9ration entre les pays africains. Pour la simple raison qu\u2019une telle structure serait bas\u00e9e sur des fronti\u00e8res arbitraires et ind\u00e9fendables impos\u00e9es par des puissances coloniales europ\u00e9ennes il y\u2019a 137 ans pour diviser les peuples africains. Certes que tous les africains qu\u2019il a rencontr\u00e9s ont le d\u00e9sir de l\u2019unit\u00e9, cependant que cela doit \u00eatre faite sur des bases solides pour ne pas conna\u00eetre les m\u00eames difficult\u00e9s que certains Etats unifi\u00e9s aujourd\u2019hui, tels les USA, l\u2019Inde, l\u2019Italie, l\u2019Allemagne, le Japon et la Chine. A titre d\u2019exemple, il est revenu sur le cas des Etats-Unis avec les Britaniques, o\u00f9 13 anciennes colonies britanniques avaient d\u00e9cid\u00e9 de former une conf\u00e9d\u00e9ration. \u00ab&nbsp;Cette conf\u00e9d\u00e9ration d\u2019Etats am\u00e9ricains n\u2019a dur\u00e9 que peu de temps avant d\u2019\u00e9chouer&nbsp;\u00bb.<\/p>\n\n\n\n<p>Sur la situation au Nord du Mali, Me Claude David Convisser,&nbsp; sur le fait que la CMA ait annonc\u00e9 qu\u2019elle entamera une op\u00e9ration militaire visant \u00e0 d\u00e9barrasser les zones rurales du Nord du Mali des \u00e9l\u00e9ments qui ne lui sont pas fid\u00e8les et \u00e0 surveiller les troubles, estime que peu importe la mani\u00e8re dont cette coordination d\u00e9crit cette campagne, qu\u2019en clair&nbsp;: \u00ab&nbsp; la CMA exerce une ind\u00e9pendance de fait vis-\u00e0-vis des forces militaires maliennes. Puisque l\u2019Alg\u00e9rie n\u2019a pas condamn\u00e9 la nomination par la CMA des chefs militaires d\u00e9vou\u00e9s \u00e0 l\u2019ind\u00e9pendance politique de l\u2019Azawad, nous devons supposer que les activit\u00e9s et l\u2019agenda de la CMA sont approuv\u00e9s par l\u2019Alg\u00e9rie&nbsp;\u00bb. Il dit cela en se basant sur une affirmation d\u2019un certain Moussa Diakit\u00e9 dans les colonnes de \u2018\u2019L\u2019Ind\u00e9pendant\u2019\u2019.<\/p>\n\n\n\n<p>A l\u2019en croire, le moyen pour r\u00e9soudre l\u2019impasse politique du nord du Mali est de donner \u00e0 l\u2019Azawad son ind\u00e9pendance. Que cette condition est seulement possible si l\u2019Azawad doit \u00eatre soumis \u00e0 une Afrique Unie et \u00e0 son autorit\u00e9 centrale forte. \u00ab&nbsp;Cette proposition&nbsp; d\u00e9pend d\u2019abord d\u2019un accord de paix, puis d\u2019une alliance militaire pour vaincre l\u2019Etat islamique (DAESH)&nbsp;\u00bb a-t-il propos\u00e9.<\/p>\n\n\n\n<p>Revenant \u00e0 sa lettre envoy\u00e9e \u00e0 Iyad Ag Ghali, il \u00e9voque le fait que ce dernier&nbsp; semble en train de rassembler de nouvelles forces et du mat\u00e9riel pour affronter DAESH dans le coin sud-Est du Mali de la zone des trois fronti\u00e8res. Se montrant au parfum de tout ce qui se passe, il dit que l\u2019un des Emirs d\u2019Iyad s\u2019est oppos\u00e9 \u00e0 ce qu\u2019il d\u00e9tourne certains de ses camions. Face \u00e0 cette posture du patron du JNIM, Me Convisser a tenu \u00e0 rappeler \u00e0 Iyad comment les Etats Unis ont soutenu les Kurdes pour vaincre l\u2019Etat islamique en Syrie et en Irak. Que la Turquie alli\u00e9e des Etats-Unis et membre de l\u2019OTAN, consid\u00e8re les milices Kurdes comme des terroristes. Malgr\u00e9 cela, dit-il, les Etats-Unis ont arm\u00e9 les kurdes et en leur offrant les meilleurs renseignements \u00e9lectroniques au monde. Afin, que la milice kurde&nbsp; puisse battre l\u2019Etat islamique sur le champ de bataille.<\/p>\n\n\n\n<p>Dans un message clair, il s\u2019est adress\u00e9 en ces termes&nbsp; au chef du groupe jihadiste JNIM&nbsp;: \u00ab&nbsp; Iyad, vous \u00eates un guerrier. Pour gagner votre guerre, je vous prie d\u2019abord d\u2019offrir la paix aux Songha\u00ef, aux Peuhls, aux Dogons et \u00e0 tous les autres peuples du Mali. Ensuite, apr\u00e8s que le gouvernement malien et les autres gouvernements de la r\u00e9gion auront accept\u00e9 de faire la paix avec vous, si j\u2019ai un mot \u00e0 dire, les Etats unis armeront et \u00e9difieront le JNIM et les FAMa pour vaincre l\u2019Etat islamique&nbsp;\u00bb. En conclusion, l\u2019avocat et homme d\u2019affaires am\u00e9ricain, apr\u00e8s avoir salu\u00e9 la t\u00e9nacit\u00e9 et le combat d\u2019Iyad pour les principes pendant 30 ans, a exprim\u00e9 son d\u00e9sir de le rencontrer&nbsp;\u00e0 condition&nbsp;que&nbsp;: \u00ab&nbsp;vous ne me reteniez pas captif&nbsp;\u00bb dit-il.<\/p>\n\n\n\n<p><strong>Par Fatoumata Coulibaly<\/strong><\/p>\n","protected":false},"excerpt":{"rendered":"<p>Claude David Conviser, un avocat am\u00e9ricain et non moins homme d\u2019affaires vivant au Mali a tenu hier dimanche 19 f\u00e9vrier, une conf\u00e9rence de presse \u00e0 l\u2019H\u00f4tel \u2018\u2019Hannadi\u2019\u2019 sis \u00e0 Magnambougou&hellip;<\/p>\n","protected":false},"author":1,"featured_media":11906,"comment_status":"open","ping_status":"closed","sticky":false,"template":"","format":"standard","meta":{"content-type":"","_lmt_disableupdate":"","_lmt_disable":"","_jetpack_memberships_contains_paid_content":false,"footnotes":"","jetpack_publicize_message":"","jetpack_publicize_feature_enabled":true,"jetpack_social_post_already_shared":true,"jetpack_social_options":{"image_generator_settings":{"template":"highway","default_image_id":0,"font":"","enabled":false},"version":2}},"categories":[67,21],"tags":[],"class_list":["post-11905","post","type-post","status-publish","format-standard","has-post-thumbnail","hentry","category-le-sursaut","category-societe"],"jetpack_publicize_connections":[],"featured_image_urls":{"full":"","thumbnail":"","medium":"","medium_large":"","large":"","1536x1536":"","2048x2048":"","penci-recipe-1200x1200":"","penci-recipe-1200x900":"","penci-recipe-1200x675":"","penci-single-full":"","penci-slider-full-thumb":"","penci-full-thumb":"","penci-slider-thumb":"","penci-magazine-slider":"","penci-thumb":"","penci-masonry-thumb":"","penci-thumb-square":"","penci-thumb-vertical":"","penci-thumb-small":""},"author_info":{"display_name":"Nandi","author_link":"https:\/\/nandi.info\/?author=1"},"category_info":"<a href=\"https:\/\/nandi.info\/?cat=67\" rel=\"category\">Le Sursaut<\/a> <a href=\"https:\/\/nandi.info\/?cat=21\" rel=\"category\">Soci\u00e9t\u00e9<\/a>","tag_info":"Soci\u00e9t\u00e9","comment_count":"0","jetpack_featured_media_url":"","jetpack_sharing_enabled":true,"_links":{"self":[{"href":"https:\/\/nandi.info\/index.php?rest_route=\/wp\/v2\/posts\/11905","targetHints":{"allow":["GET"]}}],"collection":[{"href":"https:\/\/nandi.info\/index.php?rest_route=\/wp\/v2\/posts"}],"about":[{"href":"https:\/\/nandi.info\/index.php?rest_route=\/wp\/v2\/types\/post"}],"author":[{"embeddable":true,"href":"https:\/\/nandi.info\/index.php?rest_route=\/wp\/v2\/users\/1"}],"replies":[{"embeddable":true,"href":"https:\/\/nandi.info\/index.php?rest_route=%2Fwp%2Fv2%2Fcomments&post=11905"}],"version-history":[{"count":0,"href":"https:\/\/nandi.info\/index.php?rest_route=\/wp\/v2\/posts\/11905\/revisions"}],"wp:featuredmedia":[{"embeddable":true,"href":"https:\/\/nandi.info\/index.php?rest_route=\/"}],"wp:attachment":[{"href":"https:\/\/nandi.info\/index.php?rest_route=%2Fwp%2Fv2%2Fmedia&parent=11905"}],"wp:term":[{"taxonomy":"category","embeddable":true,"href":"https:\/\/nandi.info\/index.php?rest_route=%2Fwp%2Fv2%2Fcategories&post=11905"},{"taxonomy":"post_tag","embeddable":true,"href":"https:\/\/nandi.info\/index.php?rest_route=%2Fwp%2Fv2%2Ftags&post=11905"}],"curies":[{"name":"wp","href":"https:\/\/api.w.org\/{rel}","templated":true}]}}