{"id":11900,"date":"2023-02-18T10:19:00","date_gmt":"2023-02-18T09:19:00","guid":{"rendered":"https:\/\/nandi.info\/?p=11900"},"modified":"2023-02-18T10:19:00","modified_gmt":"2023-02-18T09:19:00","slug":"les-5-1-colonels-qui-font-le-mali-daujourdhui-ils-sont-jeunes-patriotes-et-engages-pour-leur-patrie-grace-a-leur-genie-le-mali-reste-debout-au-milieu-de-la-vague","status":"publish","type":"post","link":"https:\/\/nandi.info\/?p=11900","title":{"rendered":"Les 5 (+ 1) colonels qui font le Mali d\u2019aujourd\u2019hui Ils sont jeunes, patriotes et engag\u00e9s pour leur Patrie ! Gr\u00e2ce \u00e0 leur g\u00e9nie, le Mali reste debout au milieu de la vague !"},"content":{"rendered":"\n<p><strong><em>Ils, ce sont les cinq (5) colonels qui ont pu d\u00e9poser l\u2019ancien pr\u00e9sident Ibrahim Boubacar K\u00e9ita \u2013 IBK, un certain 18 ao\u00fbt 2020, sans un seul coup de feu, et qui ont su, depuis, faire preuve d\u2019une unit\u00e9 d\u2019action jamais vue dans l\u2019histoire d\u2019une junte militaire, ni au Mali, ni ailleurs. Il s\u2019agit notamment du pr\u00e9sident de la Transition, le colonel Assimi Go\u00efta, les colonels Sadio Camara (ministre de la D\u00e9fense et des Anciens combattants), Malick Diaw (pr\u00e9sident du Conseil national de transition \u2013 CNT), Isma\u00ebl Wagu\u00e9 (ministre de la R\u00e9conciliation nationale) et Modibo Kon\u00e9 (directeur g\u00e9n\u00e9ral de l\u2019Agence nationale de la s\u00e9curit\u00e9 d\u2019Etat \u2013 ANSE). A ceux-ci s\u2019ajoute cet autre colonel qui a su s\u2019int\u00e9grer dans le groupe au point qu\u2019on ne peut s\u2019emp\u00eacher de penser \u00e0 lui d\u00e8s qu\u2019on \u00e9voque les cinq. Il s\u2019agit en occurrence du colonel Abdoulaye Ma\u00efga (ministre d\u2019Etat, ministre de l\u2019Administration territoriale et de la D\u00e9centralisation, porte-parole du gouvernement). Le Mali tient debout aujourd\u2019hui au milieu de la vague, parce qu\u2019ils ont su rester unis, malgr\u00e9 les \u00e9cueils et autres tentatives de d\u00e9stabilisation !<\/em><\/strong><\/p>\n\n\n\n<p class=\"has-drop-cap\">Ont-ils fait un pacte de sang dans le secret des dieux pour ne jamais se trahir ? Une seule certitude : avec eux, le Mali fait son chemin sur la voie de son ind\u00e9pendance, sa vraie ind\u00e9pendance, avec sa souverainet\u00e9 (autrefois malmen\u00e9e) retrouv\u00e9e, sa dignit\u00e9 restaur\u00e9e \u00e0 travers le renforcement de son outil de d\u00e9fense, et bient\u00f4t son int\u00e9grit\u00e9 territoriale recouvr\u00e9e avec la d\u00e9faite toute prochaine des groupes terroristes qui ont compris depuis un certain temps que&nbsp;<strong>\u201cboli bana\u201d<\/strong>, que leur temps est d\u00e9sormais compt\u00e9, qu\u2019ils ne sont plus en&nbsp;<strong>\u201cterrain conquis\u201d<\/strong>&nbsp;sur le territoire malien !<\/p>\n\n\n\n<p><strong>La France bout\u00e9e hors du Mali<\/strong><\/p>\n\n\n\n<p>En effet, il faut dire que le Mali vient de loin, de tr\u00e8s loin m\u00eame pour qui veut se rem\u00e9morer son degr\u00e9 d\u2019enlisement, de d\u00e9litement et d\u2019affaissement d\u2019il y a seulement un peu plus de deux ans ! Il \u00e9tait occup\u00e9 par 5100 militaires fran\u00e7ais avec 6 bases militaires dans le Nord du pays et sur la base d\u2019un accord inique de d\u00e9fense l\u00e9gitimant leur pr\u00e9sence ; par 14 000 civils et militaires des Nations unies sous les auspices de la Minusma patrouillant partout \u00e0 leur guise sans coup f\u00e9rir, comme en terrain conquis ; par des terroristes pr\u00e9sents partout. La corruption, la concussion, le n\u00e9potisme, l\u2019affairisme et la mal-gouvernance relevaient de l\u2019ordre normal des choses.<\/p>\n\n\n\n<p>Entre avril et ao\u00fbt 2020, une frange de notre population descend dans la rue contre le r\u00e9gime du pr\u00e9sident Ibrahim Boubacar K\u00e9ita et l\u2019Arm\u00e9e prend le pouvoir. Une transition est \u00e9tablie, mais cette premi\u00e8re version n\u2019a pas su r\u00e9sister \u00e0 l\u2019\u00e9tranger pour maintenir un minimum de souverainet\u00e9 nationale. Il aura donc fallu, comme l\u2019a soulign\u00e9 un \u00e9minent homme politique malien, que l\u2019Arm\u00e9e proc\u00e8de alors \u00e0 un deuxi\u00e8me r\u00e9am\u00e9nagement du pouvoir (le 24 mai 2021) pour que la Transition prenne alors une trajectoire sans ambigu\u00eft\u00e9, avec au sommet des autorit\u00e9s qui cultivent la fibre nationale et patriotique, exaltant les valeurs nationales, avec en toile de fond, la refondation de l\u2019Etat.<\/p>\n\n\n\n<p>Les vassaux coloniaux sont alors mobilis\u00e9s. La C\u00e9d\u00e9ao et l\u2019U\u00e9moa sont instrumentalis\u00e9es \u00e0 bloc par Emmanuel Macron, pr\u00e9sident fran\u00e7ais, contre le peuple malien, avec une cruaut\u00e9 inou\u00efe, avec la volont\u00e9 de d\u00e9truire une nation innocente et la soumettre au n\u00e9ocolonialisme.<\/p>\n\n\n\n<p>Et, c\u2019est dans ce contexte de guerre par procuration contre le Mali, que le peuple malien a mis en \u0153uvre, spontan\u00e9ment, sa capacit\u00e9 potentielle d\u2019\u00e9nergie de r\u00e9action pour sa survie et pour le r\u00e9tablissement de sa totale souverainet\u00e9, le 14 Janvier 2022, pour dire non \u00e0 l\u2019ing\u00e9rence et au n\u00e9ocolonialisme.<\/p>\n\n\n\n<p>Aujourd\u2019hui, gr\u00e2ce au g\u00e9nie des cinq colonels (les six dans les faits), la d\u00e9cence intellectuelle voudrait qu\u2019on reconnaisse que le Mali n\u2019est plus ce pays fortement enlis\u00e9 dans la d\u00e9ch\u00e9ance au sens propre du terme et dans tous les domaines, aucun soldat fran\u00e7ais n\u2019\u00e9tant \u00e0 ce jour pr\u00e9sent dans notre pays, nos autorit\u00e9s, sous la houlette du colonel Assimi Go\u00efta, ayant d\u2019ailleurs \u00e9t\u00e9 le premier \u00e0 d\u00e9chirer l\u2019accord inique de d\u00e9fense liant le Mali \u00e0 la France !<\/p>\n\n\n\n<p><strong>&nbsp;Les terroristes et les&nbsp;<\/strong><strong>corrompus mis \u00e0 mal<\/strong><\/p>\n\n\n\n<p>Quant \u00e0 la Minusma, sauf \u00e0 nier l\u2019\u00e9vidence, ses soldats, bien que toujours importants, ne peuvent plus patrouiller partout \u00e0 leur guise sans coup f\u00e9rir, comme en terrain conquis, le Mali ayant clairement fait savoir que de telles pratiques ne sauraient plus prosp\u00e9rer sur son territoire.<\/p>\n\n\n\n<p>Les terroristes sont certes encore pr\u00e9sents, Aqmi avec son repr\u00e9sentant qui est le GSIM d\u2019Iyad Ag Ghali et sa branche, la Katiba Macina d\u2019Hamadoun Kouffa, mais ceux-ci, bien que restant toujours nuisibles, ne sont plus dans une parfaite dynamique de division du travail, comme certains le pr\u00e9tendent, ils sont plut\u00f4t en constante d\u00e9bandade, jouant au chat et \u00e0 la souris face aux avanc\u00e9es h\u00e9ro\u00efques des Forces arm\u00e9es maliennes \u2013 FAMa. Il en est de m\u00eame pour l\u2019Etat islamique, d\u00e9sax\u00e9 dans sa strat\u00e9gie d\u2019implantation au Mali, notamment dans la r\u00e9gion de M\u00e9naka !<\/p>\n\n\n\n<p>Par ailleurs, l\u2019Administration est mise au pas, et la lutte contre la corruption et la d\u00e9linquance financi\u00e8re n\u2019a jamais \u00e9t\u00e9 aussi une r\u00e9alit\u00e9 palpable au Mali, des centaines de dossiers \u00e9tant en instruction au niveau du P\u00f4le \u00e9conomique et financier du Mali et des milliards de l\u2019argent vol\u00e9 restitu\u00e9 au tr\u00e9sor public.<\/p>\n\n\n\n<p>La finalit\u00e9 de tous ces efforts en cours \u00e9tant la s\u00e9curisation totale du territoire national et l\u2019organisation d\u2019\u00e9lections libres, transparentes, cr\u00e9dibles et les moins contestables possibles du monde, nos jeunes militaires, qui ont fini par cr\u00e9er de l\u2019\u00e9mulation partout en Afrique et ailleurs de par leur vision et leur unit\u00e9 d\u2019action, travaillent d\u2019arrache-pied, et chacun pour ce qui le concerne, \u00e0 relever ces d\u00e9fis.<\/p>\n\n\n\n<p>Chacun des cinq (+1) joue pleinement son r\u00f4le, loin des critiques et au grand dam des ennemis du Mali<\/p>\n\n\n\n<figure class=\"wp-block-image aligncenter\"><a href=\"https:\/\/www.maliweb.net\/wp-content\/news\/images\/2022\/07\/COLONEL-ASSIMI-GOITA.jpeg\" data-rel=\"penci-gallery-image-content\" ><img decoding=\"async\" src=\"https:\/\/www.maliweb.net\/wp-content\/news\/images\/2022\/07\/COLONEL-ASSIMI-GOITA.jpeg\" alt=\"\" class=\"wp-image-2983109\"\/><\/a><\/figure>\n\n\n\n<p>A leur t\u00eate,&nbsp;<strong>le colonel Assimi Go\u00efta<\/strong>, avec comme force de caract\u00e8re, son grand amour pour le Mali, et son engagement pour la d\u00e9fense des int\u00e9r\u00eats des Maliens, quoique cela puisse lui co\u00fbter.<\/p>\n\n\n\n<p>Le pr\u00e9sident fran\u00e7ais Emmanuel Macron ne dira pas le contraire, lui qui n\u2019avait pas encore compris que c\u2019en \u00e9tait fini il y a longtemps l\u2019esprit de la domination fran\u00e7aise dans le monde. Tout comme les chefs d\u2019Etat de la C\u00e9d\u00e9ao, qui ont \u00e9t\u00e9 contraints de revoir leur logiciel quant \u00e0 ce \u00e0 quoi la C\u00e9d\u00e9ao doit servir, \u00e0 savoir les peuples et non des dinosaures au pouvoir.<\/p>\n\n\n\n<p>Les efforts colossaux d\u00e9ploy\u00e9s par l\u2019homme pour rendre au Mali sa souverainet\u00e9 \u00e0 travers une arm\u00e9e digne de ce nom, \u00e9quip\u00e9e, autonome et capable de faire face \u00e0 toutes les situations ne sont plus \u00e0 d\u00e9montrer. Sans compter les concessions faites au quotidien pour permettre aux Maliens de ne pas sentir l\u2019inflation qui frappe de plein fouet le monde entier, la revalorisation des l\u00e9gitimit\u00e9s traditionnelles, ou encore son renoncement volontaire \u00e0 1\/3 de son fonds de souverainet\u00e9 au service des couches d\u00e9favoris\u00e9es de notre pays\u2026 En un mot, il est le gardien du Temple Mali qui agit, plut\u00f4t que de parler pour ne rien dire !<\/p>\n\n\n\n<p>Quant au&nbsp;<strong>colonel Sadio Camara<\/strong>, il a \u00e9t\u00e9 de ceux qui ont compris d\u00e8s le d\u00e9part qu\u2019il fallait red\u00e9finir un nouveau destin pour la vaillante Arm\u00e9e du Mali, en la dotant des \u00e9quipements qu\u2019il faut et en r\u00e9armant le moral des troupes.<\/p>\n\n\n\n<p>Une n\u00e9cessit\u00e9 du moment que l\u2019\u00e9quipe Bah N\u2019Daw n\u2019a pas su appr\u00e9cier \u00e0 sa juste valeur et qui aura entrain\u00e9 sa chute, lorsqu\u2019elle commettra l\u2019erreur de vouloir diviser et de mettre dos \u00e0 dos les cinq colonels. Une erreur qui lui aura \u00e9t\u00e9 fatale ! Aujourd\u2019hui, le temps a donn\u00e9 raison \u00e0 Sadio Camara qui, il faut le souligner, est en passe de gagner son pari au prix d\u2019\u00e9normes sacrifices. En effet, l\u2019Arm\u00e9e malienne est aujourd\u2019hui l\u2019une des arm\u00e9es les mieux \u00e9quip\u00e9es de la sous-r\u00e9gion.<\/p>\n\n\n\n<p>De la dotation de l\u2019arm\u00e9e de vecteurs a\u00e9riens \u00e0 l\u2019acquisition d\u2019outils de renseignements \u00e0 la pointe de la technologie, le colonel Sadio Camara aura \u00e9t\u00e9 de tous les combats, et en vrai soldat, parlant peu mais posant beaucoup d\u2019actes concrets. La cr\u00e9ation, en parall\u00e8le aux efforts d\u2019\u00e9quipements, de nouvelles zones a\u00e9riennes en est une illustration. Et les r\u00e9sultats sont aujourd\u2019hui \u00e0 la hauteur des attentes, les terroristes et autres narco-djihadistes qui faisaient la samba au nord et au centre se murant d\u00e9sormais dans une politique d\u2019\u00e9vitement des FAMa sur le terrain.<\/p>\n\n\n\n<p>Avec lui, la Russie est devenue un partenaire strat\u00e9gique du Mali tant dans le domaine militaire que sur d\u2019autres plans.<\/p>\n\n\n\n<p>Pilier pas des moindres de la Transition en tant que pr\u00e9sident de l\u2019organe l\u00e9gislatif de la Transition,&nbsp;<strong>le colonel Malick Diaw<\/strong>&nbsp;surprend lui aussi de par sa modestie et son humilit\u00e9.<\/p>\n\n\n\n<p>Tenant le perchoir avec dext\u00e9rit\u00e9 et fermet\u00e9, il reste guid\u00e9 par le seul objectif qui vaille : finir la Transition de la plus belle mani\u00e8re et mettre le Mali sur la voie du d\u00e9veloppement. Il ne cesse, en effet, de rappeler que l\u2019un des probl\u00e8mes majeurs de la Transition est le temps.&nbsp;<em>\u201cC\u2019est le temps, notre ennemi\u2026 Je crois que cette Transition ne doit pas \u00eatre une p\u00e9riode d\u2019essai. On l\u2019a dit et on le redit. Nous allons \u00e0 l\u2019essentiel\u2026\u201d<\/em><\/p>\n\n\n\n<p>La r\u00e9conciliation nationale est aussi l\u2019un des grands chantiers de la Transition. Un sujet sensible confi\u00e9 au&nbsp;<strong>colonel Isma\u00ebl Wagu\u00e9<\/strong>, l\u2019homme qui, aux premi\u00e8res heures du coup d\u2019Etat du 18 ao\u00fbt 2020, a retenu l\u2019attention de par son aisance dans la maitrise de la langue fran\u00e7aise dans sa qualit\u00e9 de porte-parole de la junte.<\/p>\n\n\n\n<p>Il est depuis au four et au moulin pour recoudre le tissu social malien fortement fissur\u00e9 par tant d\u2019ann\u00e9es de crise. Ainsi, on l\u2019aura vu trainer sa bosse partout, de Kidal aux autres zones affect\u00e9es du Centre, pour pr\u00eacher la r\u00e9conciliation et le vivre ensemble. Sous sa gouverne, notre pays dispose d\u2019une Politique nationale de r\u00e9paration des victimes.<\/p>\n\n\n\n<p>En d\u00e9cembre dernier, il proc\u00e9dait \u00e0 la d\u00e9coration des grands commis de l\u2019Etat agissant au quotidien pour la paix et la r\u00e9conciliation au Mali. F\u00e9licitant les r\u00e9cipiendaires au nom du pr\u00e9sident de la Transition, le colonel Assimi Go\u00efta, il les a exhort\u00e9s \u00e0 continuer \u00e0 servir d\u2019exemple pour les Maliens d\u2019aujourd\u2019hui et de demain.&nbsp;<em>\u201cLe Mali vous a honor\u00e9s, \u00e0 travers vous, il a honor\u00e9 l\u2019ensemble du personnel et des cadres de son Administration. Le contexte du Mali Kura exige et attend de chacun de nous de toujours faire preuve de patriotisme, d\u2019int\u00e9grit\u00e9 et de loyaut\u00e9 \u00e0 toutes \u00e9preuves. Vous \u00eates tous des soldats d\u00e9vou\u00e9s pour la d\u00e9fense de l\u2019honneur et de la dignit\u00e9 de la nation malienne\u201d<\/em>, avait-il fait savoir, non sans ajouter que \u201cpour la paix, aucun sacrifice n\u2019est de trop\u201d !<\/p>\n\n\n\n<p><strong>Modibo Kon\u00e9<\/strong>, lui, demeure une \u00e9nigme.&nbsp;<em>\u201cUn quasi-inconnu, dont le nom reste envelopp\u00e9 d\u2019un halo de myst\u00e8re. Et, ce ne sont pas ses fonctions de patron de la redout\u00e9e S\u00e9curit\u00e9 d\u2019\u00c9tat, les services de renseignement maliens, qui contribueront \u00e0 lever le voile sur ce personnage. Au sein du \u201cclub des 5 (+1)\u201d qui a renvers\u00e9 le r\u00e9gime d\u2019IBK, Modibo Kon\u00e9 est sans conteste le plus m\u00e9connu de tous. C\u2019est un homme tr\u00e8s discret. Il est encore moins bavard que les autres. C\u2019est dire \u00e0 quel point il est disert\u2026\u201d<\/em><\/p>\n\n\n\n<p>C\u2019est comme cela que le magazine Jeune Afrique pr\u00e9sentait celui qui s\u2019occupe de la&nbsp;<em>\u201cMaison Mali\u201d<\/em>, en l\u2019occurrence le colonel Modibo Kon\u00e9, chef de la S\u00e9curit\u00e9 d\u2019Etat !<\/p>\n\n\n\n<p><em>\u201cCe n\u2019est pas quelqu\u2019un de mondain qui aime discuter. Il fait tr\u00e8s attention \u00e0 ce qu\u2019il dit et surtout \u00e0 qui il le dit\u201d<\/em>, selon toujours Jeune Afrique. Voil\u00e0 l\u2019homme d\u00e9crit en seulement deux phrases, et c\u2019est justement ce qui fait sa force.<\/p>\n\n\n\n<p>Officier de terrain, le colonel Modibo Kon\u00e9 est un homme d\u2019exp\u00e9rience pour avoir particip\u00e9 \u00e0 plusieurs op\u00e9rations sur le th\u00e9\u00e2tre, en l\u2019occurrence Assalam 1 et Assalam2, Maliba, Badenko, Djiguitougou et Damb\u00e9. Inutile donc de dire qu&rsquo;\u201d<em>il ma\u00eetrise son sujet\u201d<\/em>&nbsp;!<\/p>\n\n\n\n<p>Homme rigoureux, il a occup\u00e9 successivement les fonctions suivantes : de 2008 \u00e0 2012, commandant de compagnie CDT, de 2012 \u00e0 2016 commandant de Groupement r\u00e9gional-GNM-1 de Kayes, de 2016 \u00e0 2018 chef de poste du commandement tactique \u00e0 Koro, fonction qu\u2019il exercera jusqu\u2019aux \u00e9v\u00e9nements du 18 ao\u00fbt 2020, avec lui, les Maliens, \u00e0 Bamako comme dans les grandes agglom\u00e9rations, vaquent \u00e0 leurs affaires sans crainte.<\/p>\n\n\n\n<p>La s\u00e9curit\u00e9 n\u2019est pas \u00e0 100 % gagn\u00e9e (z\u00e9ro ins\u00e9curit\u00e9 n\u2019existe d\u2019ailleurs nulle part dans le monde), mais avec lui \u00e0 la manette les choses commencent \u00e0 bouger, et \u00e0 v\u00e9ritablement bouger !<\/p>\n\n\n\n<p>Enfin, le&nbsp;<strong>\u201c6e des 5 colonels\u201d<\/strong>, le colonel Abdoulaye Ma\u00efga, un homme de principe qui n\u2019a pas de temps pour s\u2019accommoder des tergiversations \u00e0 un moment o\u00f9 tout est priorit\u00e9 dans un Mali en crise.<\/p>\n\n\n\n<p>Sa pr\u00e9sence au minist\u00e8re de l\u2019Administration territoriale et de la D\u00e9centralisation est, pour une des rares fois au Mali, appr\u00e9ci\u00e9e par les acteurs politiques et de la soci\u00e9t\u00e9 civile, pour avoir su instaurer un cadre de dialogue permanent avec tout le monde. Sous ses soins, l\u2019Aige, l\u2019Autorit\u00e9 ind\u00e9pendante de gestion des \u00e9lections a \u00e9t\u00e9 mise en place, et le travail pour des \u00e9lections cr\u00e9dibles et transparentes est en cours.<\/p>\n\n\n\n<p>On se rappelle cependant de son passage remarquable \u00e0 la tribune des Nations unies, lorsqu\u2019il \u00e9tait Premier ministre par int\u00e9rim, o\u00f9 il a pulv\u00e9ris\u00e9 les mensonges et les contre-arguments de ce qu\u2019il a qualifi\u00e9 de la&nbsp;<strong>\u201cjunte fran\u00e7aise\u201d<\/strong>&nbsp;au pouvoir en France. Son contrat de Premier ministre par int\u00e9rim, il l\u2019a v\u00e9ritablement rempli \u00e0 la grande satisfaction de tous. Ce qui lui a valu une promotion exceptionnelle en tant que d\u00e9sormais ministre d\u2019Etat, ministre charg\u00e9 de l\u2019Administration territoriale et de la D\u00e9centralisation, et int\u00e9rimaire officiel du Premier ministre !<\/p>\n\n\n\n<p><strong>&nbsp;&nbsp;&nbsp;&nbsp;&nbsp;&nbsp;&nbsp;&nbsp;&nbsp;&nbsp;&nbsp;&nbsp;&nbsp;&nbsp;&nbsp;&nbsp; El Hadj A.B. HAIDARA<\/strong><\/p>\n\n\n\n<p><\/p>\n","protected":false},"excerpt":{"rendered":"<p>Ils, ce sont les cinq (5) colonels qui ont pu d\u00e9poser l\u2019ancien pr\u00e9sident Ibrahim Boubacar K\u00e9ita \u2013 IBK, un certain 18 ao\u00fbt 2020, sans un seul coup de feu, et&hellip;<\/p>\n","protected":false},"author":1,"featured_media":11901,"comment_status":"open","ping_status":"closed","sticky":false,"template":"","format":"standard","meta":{"content-type":"","_lmt_disableupdate":"","_lmt_disable":"","_jetpack_memberships_contains_paid_content":false,"footnotes":"","jetpack_publicize_message":"","jetpack_publicize_feature_enabled":true,"jetpack_social_post_already_shared":true,"jetpack_social_options":{"image_generator_settings":{"template":"highway","default_image_id":0,"font":"","enabled":false},"version":2}},"categories":[19,74,23],"tags":[],"class_list":["post-11900","post","type-post","status-publish","format-standard","has-post-thumbnail","hentry","category-aujourdhui-mali","category-nation","category-politique"],"jetpack_publicize_connections":[],"featured_image_urls":{"full":"","thumbnail":"","medium":"","medium_large":"","large":"","1536x1536":"","2048x2048":"","penci-recipe-1200x1200":"","penci-recipe-1200x900":"","penci-recipe-1200x675":"","penci-single-full":"","penci-slider-full-thumb":"","penci-full-thumb":"","penci-slider-thumb":"","penci-magazine-slider":"","penci-thumb":"","penci-masonry-thumb":"","penci-thumb-square":"","penci-thumb-vertical":"","penci-thumb-small":""},"author_info":{"display_name":"Nandi","author_link":"https:\/\/nandi.info\/?author=1"},"category_info":"<a href=\"https:\/\/nandi.info\/?cat=19\" rel=\"category\">Aujourd\u2019hui Mali<\/a> <a href=\"https:\/\/nandi.info\/?cat=74\" rel=\"category\">Nation<\/a> <a href=\"https:\/\/nandi.info\/?cat=23\" rel=\"category\">Politique<\/a>","tag_info":"Politique","comment_count":"0","jetpack_featured_media_url":"","jetpack_sharing_enabled":true,"_links":{"self":[{"href":"https:\/\/nandi.info\/index.php?rest_route=\/wp\/v2\/posts\/11900","targetHints":{"allow":["GET"]}}],"collection":[{"href":"https:\/\/nandi.info\/index.php?rest_route=\/wp\/v2\/posts"}],"about":[{"href":"https:\/\/nandi.info\/index.php?rest_route=\/wp\/v2\/types\/post"}],"author":[{"embeddable":true,"href":"https:\/\/nandi.info\/index.php?rest_route=\/wp\/v2\/users\/1"}],"replies":[{"embeddable":true,"href":"https:\/\/nandi.info\/index.php?rest_route=%2Fwp%2Fv2%2Fcomments&post=11900"}],"version-history":[{"count":0,"href":"https:\/\/nandi.info\/index.php?rest_route=\/wp\/v2\/posts\/11900\/revisions"}],"wp:featuredmedia":[{"embeddable":true,"href":"https:\/\/nandi.info\/index.php?rest_route=\/"}],"wp:attachment":[{"href":"https:\/\/nandi.info\/index.php?rest_route=%2Fwp%2Fv2%2Fmedia&parent=11900"}],"wp:term":[{"taxonomy":"category","embeddable":true,"href":"https:\/\/nandi.info\/index.php?rest_route=%2Fwp%2Fv2%2Fcategories&post=11900"},{"taxonomy":"post_tag","embeddable":true,"href":"https:\/\/nandi.info\/index.php?rest_route=%2Fwp%2Fv2%2Ftags&post=11900"}],"curies":[{"name":"wp","href":"https:\/\/api.w.org\/{rel}","templated":true}]}}