{"id":11897,"date":"2023-02-20T10:14:08","date_gmt":"2023-02-20T09:14:08","guid":{"rendered":"https:\/\/nandi.info\/?p=11897"},"modified":"2023-02-20T10:14:08","modified_gmt":"2023-02-20T09:14:08","slug":"choguel-kokalla-maiga-a-gao-tout-pouvoir-qui-ne-peut-pas-proteger-son-peuple-ne-peut-pas-etre-legitime","status":"publish","type":"post","link":"https:\/\/nandi.info\/?p=11897","title":{"rendered":"Choguel Kokalla Ma\u00efga \u00e0 Gao : \u00ab tout pouvoir qui ne peut pas prot\u00e9ger son peuple ne peut pas \u00eatre l\u00e9gitime \u00bb"},"content":{"rendered":"\n<p><strong>Le vendredi 17 f\u00e9vrier 2023, le premier ministre, Choguel Kokalla Ma\u00efga, \u00e0 la t\u00eate d\u2019une forte d\u00e9l\u00e9gation minist\u00e9rielle s\u2019est rendu \u00e0 Gao dans le cadre d\u2019une visite de travail de 72 heures. Fier que tout le processus de cette mission soit assur\u00e9 par les Forces Arm\u00e9es Malienne (FAMa), Choguel a soutenu que \u00ab&nbsp;tout pouvoir qui ne peut pas prot\u00e9ger son peuple ne peut pas \u00eatre l\u00e9gitime&nbsp;\u00bb.<\/strong><\/p>\n\n\n\n<p class=\"has-drop-cap\">Rarement, une ci-forte d\u00e9l\u00e9gation minist\u00e9rielle malienne s\u2019est d\u00e9plac\u00e9e \u00e0 l\u2019int\u00e9rieur du Mali, plus particuli\u00e8rement au nord, depuis l\u2019av\u00e8nement de la crise s\u00e9curitaire en 2013.<\/p>\n\n\n\n<p>L\u2019on se rappelle toujours du pr\u00e9c\u00e8dent f\u00e2ch\u00e9 effectu\u00e9 par l\u2019ancien premier ministre Moussa Mara en 2014 qui a caus\u00e9 un lourd bilan de 36 morts, dont huit militaires et une trentaine de personnes, (majoritairement fonctionnaires), fait otages \u00e0 Kidal. Pourtant, c\u2019est un h\u00e9licopt\u00e8re de l\u2019arm\u00e9e fran\u00e7aise qui a escort\u00e9 le v\u00e9hicule transportant le Premier ministre Moussa Mara entre Gao et Kidal. Moussa Mara estimait \u00e0 l\u2019\u00e9poque que l\u2019absence totale des repr\u00e9sentants de l\u2019Etat sur une portion de son territoire \u00e9tait une tache noir \u00e0 sa souverainet\u00e9. Aussi consid\u00e9rait-il que \u00ab&nbsp;ces administrations qui forment l\u2019\u00e9pine dorsale de l\u2019Etat, g\u00e8rent GAO \u00e0 partir de Bamako. Cette situation qui ne peut s\u2019expliquer ni par l\u2019ins\u00e9curit\u00e9 ni par d\u2019autres r\u00e9alit\u00e9s, est un tr\u00e8s mauvais signal envoy\u00e9 aux habitants du Nord&nbsp;\u00bb, a-t-il rappel\u00e9 sur sa page face book en avril 2022.<\/p>\n\n\n\n<p>C\u2019est dans cette m\u00eame logique que le vendredi 17 f\u00e9vrier dernier, le premier ministre, Dr Choguel Kokalla Ma\u00efga, \u00e0 la t\u00eate d\u2019une forte d\u00e9l\u00e9gation minist\u00e9rielle s\u2019est rendu \u00e0 Gao dans le cadre d\u2019une visite de travail de 72 heures. A la diff\u00e9rence de de Moussa Mara en 2014, toute la mission de Choguel Kokalla Ma\u00efga a \u00e9t\u00e9 organis\u00e9 et s\u00e9curis\u00e9e par les Forces Arm\u00e9es Maliennes (FAMa). \u00ab Je suis venu vous remercier pour vos pri\u00e8res, votre soutien, votre courage, votre r\u00e9sistance \u00bb, \u00e9taient d\u2019ailleurs les maitres mots cl\u00e9s de du chef du gouvernement de la transition pendant son s\u00e9jour sur la terre des Askia. Comme d\u2019habitude, il a rappel\u00e9, les circonstances de cette crise s\u00e9curitaire sans pr\u00e9c\u00e8dent que connait le Mali, depuis une dizaine d\u2019ann\u00e9e.<\/p>\n\n\n\n<p>Mais, se r\u00e9jouit-il cette crise, longtemps entretenue par des forces obscurantistes, soit enfin comprise et d\u00e9jou\u00e9e par le peuple souverain du Mali.<\/p>\n\n\n\n<p>\u00ab&nbsp;Aujourd\u2019hui, j\u2019ai vu des Songho\u00ef, des Tamasheq, des Peulhs, des Bamanans, tous unis&nbsp;\u00bb, a-t-il indiqu\u00e9 comme pour mettre l\u2019accent qu\u2019il n\u2019y a aucun probl\u00e8me entre les populations.<\/p>\n\n\n\n<p>Par ailleurs, le premier ministre a tenu \u00e0 rassurer encore une fois que la question de protection des personnes et de leurs biens sur l\u2019ensemble du territoire national du Mali demeure une des grandes priorit\u00e9s des plus hautes autorit\u00e9s de la transition. C\u2019est ce qui explique d\u2019ailleurs, selon lui, la vaste op\u00e9ration de r\u00e9\u00e9quipement de l\u2019arm\u00e9e entreprise par la hi\u00e9rarchie militaire sous le leadership du Col. Assimi Go\u00efta. \u00ab&nbsp;Le plus important, c\u2019est la population&nbsp;\u00bb a-t-il rappel\u00e9 tout en soutenant que \u00ab&nbsp;tout pouvoir qui ne peut pas prot\u00e9ger sa population ne peut pas \u00eatre l\u00e9gitime, m\u00eame s\u2019il a \u00e9t\u00e9 \u00e9lu avec 100% des suffrages&nbsp;\u00bb.<\/p>\n\n\n\n<p>C\u2019est apr\u00e8s une souverainet\u00e9 retrouv\u00e9e dans le secteur de l\u2019arm\u00e9e, fondement de toute nation, que le gouvernement peut, selon lui, s\u2019attaquer \u00e0 d\u2019autres maux comme l\u2019\u00e9ducation, la sant\u00e9 les infrastructures socio\u00e9conomiques etc.<\/p>\n\n\n\n<p>D\u2019ailleurs au programme de cette visite figuraient des remises de vivres aux populations, le lancement de la construction de plusieurs infrastructures routi\u00e8res et de d\u00e9veloppement, notamment, la construction de la route S\u00e9var\u00e9-Gao, des tron\u00e7ons Gao-Bourem-Taoussa ainsi que les travaux du barrage de Taoussa etc.<\/p>\n\n\n\n<p><strong>Issa Djiguiba<\/strong><\/p>\n","protected":false},"excerpt":{"rendered":"<p>Le vendredi 17 f\u00e9vrier 2023, le premier ministre, Choguel Kokalla Ma\u00efga, \u00e0 la t\u00eate d\u2019une forte d\u00e9l\u00e9gation minist\u00e9rielle s\u2019est rendu \u00e0 Gao dans le cadre d\u2019une visite de travail de&hellip;<\/p>\n","protected":false},"author":1,"featured_media":5731,"comment_status":"open","ping_status":"closed","sticky":false,"template":"","format":"standard","meta":{"content-type":"","_lmt_disableupdate":"","_lmt_disable":"","_jetpack_memberships_contains_paid_content":false,"footnotes":"","jetpack_publicize_message":"","jetpack_publicize_feature_enabled":true,"jetpack_social_post_already_shared":true,"jetpack_social_options":{"image_generator_settings":{"template":"highway","default_image_id":0,"font":"","enabled":false},"version":2}},"categories":[71,21],"tags":[],"class_list":["post-11897","post","type-post","status-publish","format-standard","has-post-thumbnail","hentry","category-le-pays","category-societe"],"jetpack_publicize_connections":[],"featured_image_urls":{"full":"","thumbnail":"","medium":"","medium_large":"","large":"","1536x1536":"","2048x2048":"","penci-recipe-1200x1200":"","penci-recipe-1200x900":"","penci-recipe-1200x675":"","penci-single-full":"","penci-slider-full-thumb":"","penci-full-thumb":"","penci-slider-thumb":"","penci-magazine-slider":"","penci-thumb":"","penci-masonry-thumb":"","penci-thumb-square":"","penci-thumb-vertical":"","penci-thumb-small":""},"author_info":{"display_name":"Nandi","author_link":"https:\/\/nandi.info\/?author=1"},"category_info":"<a href=\"https:\/\/nandi.info\/?cat=71\" rel=\"category\">Le Pays<\/a> <a href=\"https:\/\/nandi.info\/?cat=21\" rel=\"category\">Soci\u00e9t\u00e9<\/a>","tag_info":"Soci\u00e9t\u00e9","comment_count":"0","jetpack_featured_media_url":"","jetpack_sharing_enabled":true,"_links":{"self":[{"href":"https:\/\/nandi.info\/index.php?rest_route=\/wp\/v2\/posts\/11897","targetHints":{"allow":["GET"]}}],"collection":[{"href":"https:\/\/nandi.info\/index.php?rest_route=\/wp\/v2\/posts"}],"about":[{"href":"https:\/\/nandi.info\/index.php?rest_route=\/wp\/v2\/types\/post"}],"author":[{"embeddable":true,"href":"https:\/\/nandi.info\/index.php?rest_route=\/wp\/v2\/users\/1"}],"replies":[{"embeddable":true,"href":"https:\/\/nandi.info\/index.php?rest_route=%2Fwp%2Fv2%2Fcomments&post=11897"}],"version-history":[{"count":0,"href":"https:\/\/nandi.info\/index.php?rest_route=\/wp\/v2\/posts\/11897\/revisions"}],"wp:featuredmedia":[{"embeddable":true,"href":"https:\/\/nandi.info\/index.php?rest_route=\/"}],"wp:attachment":[{"href":"https:\/\/nandi.info\/index.php?rest_route=%2Fwp%2Fv2%2Fmedia&parent=11897"}],"wp:term":[{"taxonomy":"category","embeddable":true,"href":"https:\/\/nandi.info\/index.php?rest_route=%2Fwp%2Fv2%2Fcategories&post=11897"},{"taxonomy":"post_tag","embeddable":true,"href":"https:\/\/nandi.info\/index.php?rest_route=%2Fwp%2Fv2%2Ftags&post=11897"}],"curies":[{"name":"wp","href":"https:\/\/api.w.org\/{rel}","templated":true}]}}