{"id":11894,"date":"2023-02-20T10:07:52","date_gmt":"2023-02-20T09:07:52","guid":{"rendered":"https:\/\/nandi.info\/?p=11894"},"modified":"2023-02-20T10:07:52","modified_gmt":"2023-02-20T09:07:52","slug":"projet-portant-modification-de-la-loi-electorale-sachemine-t-on-vers-une-prolongation-intelligente-de-la-transition","status":"publish","type":"post","link":"https:\/\/nandi.info\/?p=11894","title":{"rendered":"<strong>Projet portant modification de la loi \u00e9lectorale&nbsp;: <\/strong><strong>S\u2019achemine-t-on vers une prolongation intelligente de la transition&nbsp;? <\/strong><strong><\/strong>"},"content":{"rendered":"\n<p><strong><em>Il ne fait plus l\u2019ombre d\u2019aucun doute que les 24 mois promis par les autorit\u00e9s de la transition au Mali ne seront plus respect\u00e9s. Sans le dire publiquement et officiellement, &nbsp;avec le projet de loi portant modification de la loi \u00e9lectorale adopt\u00e9 en conseil des ministres du mercredi 15 f\u00e9vrier 2023, l\u2019on s\u2019achemine irr\u00e9ductiblement vers une prolongation de la dur\u00e9e de la transition au Mali. Cette situation pour le moins ubuesque entrainera forcement des cons\u00e9quences tant sur le plan national que sous r\u00e9gional, voir international, car les autorit\u00e9s de la transition au Mali se sont engag\u00e9es \u00e0 respecter le d\u00e9lai de 24 mois. Quelle sera la r\u00e9action de la classe politique malienne en cas de prolongation de la transition&nbsp;? Le Mali ne risquera-t-il pas d\u2019\u00eatre de nouveau sanctionn\u00e9 par la CEDEAO et l\u2019Union Africaine&nbsp;? Et si une nouvelle transition avec des nouvelles autorit\u00e9s \u00e9tait envisageable.<\/em><\/strong><\/p>\n\n\n\n<p class=\"has-drop-cap\">Quand on affirmait avec force conviction que le premier ennemi de la transition n\u2019\u00e9tait autre chose que le temps, l\u2019on n\u2019y croyait pas, mais nous voici en face de la r\u00e9alit\u00e9. Les autorit\u00e9s de la transition ont pass\u00e9 le clair de leur temps, \u00e0 se brouiller avec la France, l\u2019Union Africaine, la CEDEAO, et m\u00eame avec certains pays voisins comme la C\u00f4te d\u2019Ivoire, le Niger, en rel\u00e9guant au second plan les priorit\u00e9s. Le bilan de la transition, selon le PM Choguel K Maiga se r\u00e9sume \u00e0 l\u2019expulsion de l\u2019ambassadeur de France, \u00e0 celle du porte-parole de la MINUSMA, \u00e0 la fermeture de deux m\u00e9dias \u00e9trangers, \u00e0 aller d\u00e9fier le monde \u00e0 la tribune des Nations Unies, \u00e0 suspendre les activit\u00e9s de certaines ONG, pour ne citer que ces quelques \u00e9l\u00e9ments. En effet, &nbsp;dans son exercice favori le seul point positif du squelettique bilan est l\u2019achat des \u00e9quipements militaires pour les forces de d\u00e9fense et de s\u00e9curit\u00e9. Les autres priorit\u00e9s ont \u00e9t\u00e9 rel\u00e9gu\u00e9es au second plan. Aujourd\u2019hui le Mali est devenu la ris\u00e9e de ses voisins de la CEDEAO et du monde entier, car il n\u2019est pas \u00e0 mesure de respecter le chronogramme qu\u2019il a librement et souverainement propos\u00e9 \u00e0 la face du monde. Il est clair que la Transition sera prolong\u00e9e apr\u00e8s l\u2019adoption du projet de Loi n\u00b02022-019 du 24 juin 2022 portant loi \u00e9lectorale. Si cette loi venait \u00e0 \u00eatre vot\u00e9e par le Conseil National de transition qui fait office de parlement, elle aura des r\u00e9percussions sur le chronogramme, comme en atteste d\u2019ailleurs le communiqu\u00e9 du conseil des ministres du mercredi 15 f\u00e9vrier 2023&nbsp;dont voici un extrait:&nbsp; &nbsp;<\/p>\n\n\n\n<p><strong><em>\u00ab&nbsp;<\/em><\/strong><em>La mise en \u0153uvre du chronogramme publi\u00e9 pour le r\u00e9f\u00e9rendum et les \u00e9lections g\u00e9n\u00e9rales, tous pr\u00e9vus au cours de l\u2019ann\u00e9e 2023, sauf l\u2019\u00e9lection du Pr\u00e9sident de la R\u00e9publique, dont le premier tour doit avoir lieu le dimanche 4 f\u00e9vrier 2024, r\u00e9v\u00e8le quelques contraintes relatives, notamment&nbsp;: au respect du d\u00e9lai de mise en place des Coordinations de l\u2019Autorit\u00e9 Ind\u00e9pendante de Gestion des Elections que la loi fixe \u00e0 six (06) mois avant les \u00e9lections ;&nbsp;\u00e0 la volont\u00e9 des plus hautes autorit\u00e9s d\u2019instituer le vote par anticipation des membres des Forces Arm\u00e9es et de S\u00e9curit\u00e9, en vue de leur permettre d\u2019accomplir leur mission de s\u00e9curisation du territoire le jour du scrutin ; \u00e0 l\u2019organisation du vote des d\u00e9plac\u00e9s internes ; \u00e0 la n\u00e9cessit\u00e9 de mettre \u00e0 jour le fichier \u00e9lectoral suite aux actions d\u2019organisation territoriale ou administrative ;\u00e0 l\u2019institution de la carte nationale d\u2019identit\u00e9 biom\u00e9trique s\u00e9curis\u00e9e comme carte d\u2019\u00e9lecteur, en substitution \u00e0 la carte d\u2019\u00e9lecteur biom\u00e9trique ; \u00e0 la correction d\u2019erreurs mat\u00e9rielles, le remplacement de la carte d\u2019\u00e9lecteur biom\u00e9trique par la carte nationale d\u2019identit\u00e9 biom\u00e9trique s\u00e9curis\u00e9e, comme l\u2019unique document d\u2019identification admis dans le bureau de vote.&nbsp;\u00bb<\/em><\/p>\n\n\n\n<p>Rien qu\u2019en se r\u00e9f\u00e9rant \u00e0 ces immenses t\u00e2ches \u00e0 accomplir et au regard de la maigreur des moyens financiers, on en conclurait que la transition serait prolong\u00e9e. Et un tel sc\u00e9nario serait porteur de tous les risques, \u00e0 commencer par la classe politique malienne et m\u00eame la soci\u00e9t\u00e9 civile qui ne s\u2019accommoderaient jamais d\u2019une telle situation. Donc elles seraient pr\u00eate \u00e0 battre le macadam pour demander le d\u00e9part des autorit\u00e9s actuelles pour incomp\u00e9tence afin qu\u2019il y ait une nouvelle \u00e9quipe dirigeante avec un nouveau chronogramme. Ensuite l\u2019\u00e9p\u00e9e de Damocl\u00e8s de la CEDEAO qui est suspendu au-dessus de la t\u00eate du Mali risque fort de s\u2019abattre sur lui au grand dam du peuple malien. L\u2019organisation sous r\u00e9gionale verrait d\u2019un mauvais \u0153il une nouvelle prolongation et sanctionnerait sans nul doute le pays du Colonel Assimi Go\u00efta. &nbsp;&nbsp;L\u2019Union Africaine et m\u00eame l\u2019ONU emboiteront le pas \u00e0 la CEDEAO. Comme pour dire que le Mali n\u2019est pas \u00e0 l\u2019abri d\u2019une autre situation \u00e0 la fois confuse et dramatique.<\/p>\n\n\n\n<p>En d\u00e9finitive, les autorit\u00e9s maliennes pouvaient \u00e9viter cette situation si elles n\u2019avaient pas ouvert trop de fronts pour en \u00eatre incapable d\u2019en fermer un seul, d\u2019o\u00f9 ce retard dans l\u2019ex\u00e9cution du chronogramme. Face \u00e0 un tel imbroglio politique la solution passera par une large concertation afin de convenir d\u2019un sch\u00e9ma consensuel, m\u00eame si cela devrait passer par une reconfiguration des organes de la transition, Gouvernement, CNT. Le plut\u00f4t serait le mieux.<\/p>\n\n\n\n<p><strong>Youssouf Sissoko<\/strong><\/p>\n\n\n\n<p><\/p>\n","protected":false},"excerpt":{"rendered":"<p>Il ne fait plus l\u2019ombre d\u2019aucun doute que les 24 mois promis par les autorit\u00e9s de la transition au Mali ne seront plus respect\u00e9s. Sans le dire publiquement et officiellement,&hellip;<\/p>\n","protected":false},"author":1,"featured_media":9733,"comment_status":"open","ping_status":"closed","sticky":false,"template":"","format":"standard","meta":{"content-type":"","_lmt_disableupdate":"","_lmt_disable":"","_jetpack_memberships_contains_paid_content":false,"footnotes":"","jetpack_publicize_message":"","jetpack_publicize_feature_enabled":true,"jetpack_social_post_already_shared":true,"jetpack_social_options":{"image_generator_settings":{"template":"highway","default_image_id":0,"font":"","enabled":false},"version":2}},"categories":[68,23],"tags":[],"class_list":["post-11894","post","type-post","status-publish","format-standard","has-post-thumbnail","hentry","category-lalternance","category-politique"],"jetpack_publicize_connections":[],"featured_image_urls":{"full":"","thumbnail":"","medium":"","medium_large":"","large":"","1536x1536":"","2048x2048":"","penci-recipe-1200x1200":"","penci-recipe-1200x900":"","penci-recipe-1200x675":"","penci-single-full":"","penci-slider-full-thumb":"","penci-full-thumb":"","penci-slider-thumb":"","penci-magazine-slider":"","penci-thumb":"","penci-masonry-thumb":"","penci-thumb-square":"","penci-thumb-vertical":"","penci-thumb-small":""},"author_info":{"display_name":"Nandi","author_link":"https:\/\/nandi.info\/?author=1"},"category_info":"<a href=\"https:\/\/nandi.info\/?cat=68\" rel=\"category\">L'alternance<\/a> <a href=\"https:\/\/nandi.info\/?cat=23\" rel=\"category\">Politique<\/a>","tag_info":"Politique","comment_count":"0","jetpack_featured_media_url":"","jetpack_sharing_enabled":true,"_links":{"self":[{"href":"https:\/\/nandi.info\/index.php?rest_route=\/wp\/v2\/posts\/11894","targetHints":{"allow":["GET"]}}],"collection":[{"href":"https:\/\/nandi.info\/index.php?rest_route=\/wp\/v2\/posts"}],"about":[{"href":"https:\/\/nandi.info\/index.php?rest_route=\/wp\/v2\/types\/post"}],"author":[{"embeddable":true,"href":"https:\/\/nandi.info\/index.php?rest_route=\/wp\/v2\/users\/1"}],"replies":[{"embeddable":true,"href":"https:\/\/nandi.info\/index.php?rest_route=%2Fwp%2Fv2%2Fcomments&post=11894"}],"version-history":[{"count":0,"href":"https:\/\/nandi.info\/index.php?rest_route=\/wp\/v2\/posts\/11894\/revisions"}],"wp:featuredmedia":[{"embeddable":true,"href":"https:\/\/nandi.info\/index.php?rest_route=\/"}],"wp:attachment":[{"href":"https:\/\/nandi.info\/index.php?rest_route=%2Fwp%2Fv2%2Fmedia&parent=11894"}],"wp:term":[{"taxonomy":"category","embeddable":true,"href":"https:\/\/nandi.info\/index.php?rest_route=%2Fwp%2Fv2%2Fcategories&post=11894"},{"taxonomy":"post_tag","embeddable":true,"href":"https:\/\/nandi.info\/index.php?rest_route=%2Fwp%2Fv2%2Ftags&post=11894"}],"curies":[{"name":"wp","href":"https:\/\/api.w.org\/{rel}","templated":true}]}}