{"id":11886,"date":"2023-02-20T09:44:30","date_gmt":"2023-02-20T08:44:30","guid":{"rendered":"https:\/\/nandi.info\/?p=11886"},"modified":"2023-02-20T09:44:30","modified_gmt":"2023-02-20T08:44:30","slug":"edito-candidature-a-la-presidentielle-assimi-ne-pourrait-il-pas-sinspirer-de-lexemple-datt","status":"publish","type":"post","link":"https:\/\/nandi.info\/?p=11886","title":{"rendered":"<strong>Edito&nbsp;:&nbsp;Candidature \u00e0 la pr\u00e9sidentielle, Assimi ne pourrait-il pas s\u2019inspirer de l\u2019exemple d\u2019ATT&nbsp;?<\/strong>"},"content":{"rendered":"\n<p class=\"has-drop-cap\">Depuis plus de trois mois, un groupuscule d\u2019hommes et de femmes se faisant passer pour des chefs coutumiers, des chefs de village, de leaders religieux et de notables de S\u00e9gou s\u2019agitent&nbsp; pour demander au Colonel Assimi Go\u00efta, Pr\u00e9sident de la transition, de se porter candidat \u00e0 la prochaine pr\u00e9sidentielle. Ces hors la loi, sans foi, ni conviction, dont la l\u00e9gitimit\u00e9 est fortement contest\u00e9e, mus seulement par leurs int\u00e9r\u00eats \u00e9go\u00efstes, veulent entrainer dans leur utopique&nbsp; projet le Ch\u00e9rif Bouy\u00e9 de Nioro, chez qui ils se sont rendus pour solliciter son soutien \u00e0 cette&nbsp; initiative dont le but est \u00e0 chercher ailleurs. &nbsp;La &nbsp;question que l\u2019on est en droit de se poser &nbsp;est celle de savoir si le Colonel Assimi Go\u00efta n\u2019a pas d\u00e9j\u00e0 &nbsp;mordu \u00e0 l\u2019hame\u00e7on et qu\u2019il serait pr\u00eat, au moment opportun, \u00e0 &nbsp;c\u00e9der aux sons de sir\u00e8ne de ces opportunistes de mauvais aloi. En attendant d\u2019avoir la r\u00e9ponse \u00e0 cette cruciale question, le constat qui se d\u00e9gage est que le Pr\u00e9sident de la transition ne fait absolument rien pour arr\u00eater cette tragi-com\u00e9die. Et pourtant l\u2019on se rappelle Issa Kaou Djim a \u00e9t\u00e9 rappel\u00e9 \u00e0 l\u2019ordre quand il a voulu commencer la campagne pour le Colonel Assimi Go\u00efta. &nbsp;Le Pr\u00e9sident de la transition sait-il r\u00e9ellement que son silence est \u00e0 la fois assourdissant et complice&nbsp;? &nbsp;Il est grand temps qu\u2019il rompt ce silence en coupant court \u00e0 cette insidieuse initiative. En tout cas &nbsp;si tant est qu\u2019il n\u2019est pas int\u00e9ress\u00e9, il doit le prouver et l\u2019affirmer haut et fort. Il a beaucoup plus \u00e0 gagner en levant toute \u00e9quivoque plut\u00f4t que d\u2019entretenir un flou artistique autour de ce projet.<\/p>\n\n\n\n<p>Qui sont ces hommes et ces femmes qui s\u2019agitent depuis des mois pour une hypoth\u00e9tique candidature du Colonel Assimi Go\u00efta \u00e0 la prochaine pr\u00e9sidentielle&nbsp;? Pourquoi ont-ils &nbsp;form\u00e9&nbsp;une d\u00e9l\u00e9gation pour aller solliciter le soutien du Ch\u00e9rif Bouy\u00e9 de Nioro&nbsp;? Ce dernier va-t-il encore une fois de plus endosser la lourde responsabilit\u00e9 de parrainer cette autre candidature, apr\u00e8s celle d\u2019IBK&nbsp;? Le Colonel Assimi Go\u00efta va-t-il prendre ses responsabilit\u00e9s en arr\u00eatant ce Kot\u00e9ba&nbsp;? D\u2019abord ils sont des illustres inconnus selon M Tata Dram\u00e9, Pr\u00e9sident de l\u2019Association S\u00e9gou Koungo et ils n\u2019ont \u00e9t\u00e9 mandat\u00e9s par personne. Pour M. Dram\u00e9, ils n\u2019ont ni \u00e9t\u00e9 mandat\u00e9s par les chefs de villages encore moins par les chefs religieux et coutumiers de S\u00e9gou et qu\u2019ils n\u2019ont agi qu\u2019\u00e0 leur nom. Quant au choix du Ch\u00e9rif de Nioro il pourrait s\u2019expliquer par son leadership et son rapprochement avec le pouvoir transitoire, donc pour ces \u00ab&nbsp;arnaqueurs&nbsp;\u00bb le soutien du Ch\u00e9rif pourrait leur donner une certaine l\u00e9gitimit\u00e9. Mais selon nos informations le ch\u00e9rif ne s\u2019est nullement prononc\u00e9 en faveur d\u2019une candidature du Colonel Assimi Go\u00efta.<\/p>\n\n\n\n<p>Comment dans un pays en profonde crise multidimensionnelle, d\u2019abord socio s\u00e9curitaire, ensuite politico-\u00e9conomique et enfin financi\u00e8re et o\u00f9 les \u00e9lections sont m\u00eame incertaines, pourrait-on avoir une telle initiative, qui n\u2019est non seulement pas gage de stabilit\u00e9, ensuite &nbsp;qui n\u2019arrange ni le Mali encore moins le Pr\u00e9sident de la transition. Parlant du projet proprement dit, il serait non seulement une violation flagrante de la charte de la transition et surtout de la loi fondamentale qui interdisent aux autorit\u00e9s de la transition d\u2019\u00eatre candidates aux prochaines \u00e9lections. Le Colonel Assimi Go\u00efta ne pourrait-il pas s\u2019inspirer du cas ATT qui a rendu le pouvoir aux civils apr\u00e8s 14 mois de transition en 1992, &nbsp;au lieu d\u2019accepter de tomber dans le pi\u00e8ge des laudateurs et autres opportunistes sans conviction&nbsp;? &nbsp;<\/p>\n\n\n\n<p><strong>Youssouf Sissoko<\/strong><\/p>\n\n\n\n<p><strong>L&rsquo;Alternance<\/strong><\/p>\n","protected":false},"excerpt":{"rendered":"<p>Depuis plus de trois mois, un groupuscule d\u2019hommes et de femmes se faisant passer pour des chefs coutumiers, des chefs de village, de leaders religieux et de notables de S\u00e9gou&hellip;<\/p>\n","protected":false},"author":1,"featured_media":9311,"comment_status":"open","ping_status":"closed","sticky":false,"template":"","format":"standard","meta":{"content-type":"","_lmt_disableupdate":"","_lmt_disable":"","_jetpack_memberships_contains_paid_content":false,"footnotes":"","jetpack_publicize_message":"","jetpack_publicize_feature_enabled":true,"jetpack_social_post_already_shared":true,"jetpack_social_options":{"image_generator_settings":{"template":"highway","default_image_id":0,"font":"","enabled":false},"version":2}},"categories":[34,68],"tags":[],"class_list":["post-11886","post","type-post","status-publish","format-standard","has-post-thumbnail","hentry","category-editorial","category-lalternance"],"jetpack_publicize_connections":[],"featured_image_urls":{"full":"","thumbnail":"","medium":"","medium_large":"","large":"","1536x1536":"","2048x2048":"","penci-recipe-1200x1200":"","penci-recipe-1200x900":"","penci-recipe-1200x675":"","penci-single-full":"","penci-slider-full-thumb":"","penci-full-thumb":"","penci-slider-thumb":"","penci-magazine-slider":"","penci-thumb":"","penci-masonry-thumb":"","penci-thumb-square":"","penci-thumb-vertical":"","penci-thumb-small":""},"author_info":{"display_name":"Nandi","author_link":"https:\/\/nandi.info\/?author=1"},"category_info":"<a href=\"https:\/\/nandi.info\/?cat=34\" rel=\"category\">Editorial<\/a> <a href=\"https:\/\/nandi.info\/?cat=68\" rel=\"category\">L'alternance<\/a>","tag_info":"L'alternance","comment_count":"0","jetpack_featured_media_url":"","jetpack_sharing_enabled":true,"_links":{"self":[{"href":"https:\/\/nandi.info\/index.php?rest_route=\/wp\/v2\/posts\/11886","targetHints":{"allow":["GET"]}}],"collection":[{"href":"https:\/\/nandi.info\/index.php?rest_route=\/wp\/v2\/posts"}],"about":[{"href":"https:\/\/nandi.info\/index.php?rest_route=\/wp\/v2\/types\/post"}],"author":[{"embeddable":true,"href":"https:\/\/nandi.info\/index.php?rest_route=\/wp\/v2\/users\/1"}],"replies":[{"embeddable":true,"href":"https:\/\/nandi.info\/index.php?rest_route=%2Fwp%2Fv2%2Fcomments&post=11886"}],"version-history":[{"count":0,"href":"https:\/\/nandi.info\/index.php?rest_route=\/wp\/v2\/posts\/11886\/revisions"}],"wp:featuredmedia":[{"embeddable":true,"href":"https:\/\/nandi.info\/index.php?rest_route=\/"}],"wp:attachment":[{"href":"https:\/\/nandi.info\/index.php?rest_route=%2Fwp%2Fv2%2Fmedia&parent=11886"}],"wp:term":[{"taxonomy":"category","embeddable":true,"href":"https:\/\/nandi.info\/index.php?rest_route=%2Fwp%2Fv2%2Fcategories&post=11886"},{"taxonomy":"post_tag","embeddable":true,"href":"https:\/\/nandi.info\/index.php?rest_route=%2Fwp%2Fv2%2Ftags&post=11886"}],"curies":[{"name":"wp","href":"https:\/\/api.w.org\/{rel}","templated":true}]}}