{"id":11883,"date":"2023-02-20T09:39:24","date_gmt":"2023-02-20T08:39:24","guid":{"rendered":"https:\/\/nandi.info\/?p=11883"},"modified":"2023-02-20T09:39:24","modified_gmt":"2023-02-20T08:39:24","slug":"brouille-au-sein-de-lopposition-esperance-nouvelle-jiguya-kura-se-retire-du-cadre-dechanges-des-partis-politiques","status":"publish","type":"post","link":"https:\/\/nandi.info\/?p=11883","title":{"rendered":"Brouille au sein de l\u2019opposition : Esp\u00e9rance nouvelle Jiguya Kura se retire du Cadre d\u2019\u00e9changes des partis politiques"},"content":{"rendered":"\n<p><strong>Dans la classe politique malienne, le torchon semble, en termes de vision, br\u00fbler au sein du Cadre des partis et regroupements Politiques pour le retour \u00e0 l\u2019ordre constitutionnel. Pour la participation, voire la repr\u00e9sentation du regroupement politique au sein de la commission charg\u00e9e de finaliser la nouvelle constitution du Mali, l\u2019Esp\u00e9rance nouvelle Jiguya Kura de l\u2019ex-ministre d\u2019IBK, en l\u2019occurrence Housseini Amion Guindo dit Poulo, annonce son retrait pur et simple du Cadre.<\/strong><\/p>\n\n\n\n<p class=\"has-drop-cap\">Plus le temps passe, plus le cadre des partis et regroupements politiques pour le retour \u00e0 l\u2019ordre constitutionnel se fragilise davantage. Uni au d\u00e9but pour une m\u00eame cause et vision politique consistant \u00e0 imposer certaines choses aux autorit\u00e9s de la transition, notamment le respect des 18 mois impartis pour la tenue des \u00e9lections dans le pays, ce regroupement politique tend, \u00e0 l\u2019allure o\u00f9 vont les choses, vers son d\u00e9clin. Les Maliens ont assist\u00e9, de sa cr\u00e9ation \u00e0 nos jours, \u00e0 pas mal de retrait effectu\u00e9 par des responsables qui le composaient. Aux anciens cas de retrait vient ainsi s\u2019ajouter celui de l\u2019Esp\u00e9rance nouvelle Jiguya Kura. Ce dernier aussi vient de claquer la porte. L\u2019annonce a \u00e9t\u00e9 faite courant le samedi 18 f\u00e9vrier 2023 \u00e0 travers un document paraph\u00e9 par Poulo, non moins pr\u00e9sident du mouvement.&nbsp;Dans un document de retrait adress\u00e9 au pr\u00e9sident en exercice du Cadre, le pr\u00e9sident de l\u2019Esp\u00e9rance nouvelle fait part de son d\u00e9part.&nbsp;\u00ab&nbsp;Monsieur le pr\u00e9sident en exercice, suite \u00e0 la suspension de notre participation aux activit\u00e9s du cadre des partis et regroupements Politiques pour le retour \u00e0 l\u2019ordre constitutionnel en raison de sa d\u00e9cision de participer \u00e0 la commission de finalisation de la nouvelle constitution, la conf\u00e9rence des Pr\u00e9sidents de Jiguya Kura, lors de sa r\u00e9union extraordinaire du samedi 18 f\u00e9vrier 2023, a d\u00e9cid\u00e9 de son retrait d\u00e9finitif dudit cadre, \u00e0 compter de ce jour 18 f\u00e9vrier 2023&nbsp;\u00bb, mentionne-t-on dans le document sign\u00e9 par Housseini Amion Guindo. Bien vrai qu\u2019il n\u2019est plus avec le cadre, Poulo et ses militants disent r\u00e9it\u00e9rer leur ferme volont\u00e9 \u00e0 un retour \u00e0 l\u2019ordre constitutionnel au Mali.<\/p>\n\n\n\n<p><strong>Mamadou Diarra<\/strong><\/p>\n","protected":false},"excerpt":{"rendered":"<p>Dans la classe politique malienne, le torchon semble, en termes de vision, br\u00fbler au sein du Cadre des partis et regroupements Politiques pour le retour \u00e0 l\u2019ordre constitutionnel. Pour la&hellip;<\/p>\n","protected":false},"author":1,"featured_media":6074,"comment_status":"open","ping_status":"closed","sticky":false,"template":"","format":"standard","meta":{"content-type":"","_lmt_disableupdate":"","_lmt_disable":"","_jetpack_memberships_contains_paid_content":false,"footnotes":"","jetpack_publicize_message":"","jetpack_publicize_feature_enabled":true,"jetpack_social_post_already_shared":true,"jetpack_social_options":{"image_generator_settings":{"template":"highway","default_image_id":0,"font":"","enabled":false},"version":2}},"categories":[71,23],"tags":[],"class_list":["post-11883","post","type-post","status-publish","format-standard","has-post-thumbnail","hentry","category-le-pays","category-politique"],"jetpack_publicize_connections":[],"featured_image_urls":{"full":"","thumbnail":"","medium":"","medium_large":"","large":"","1536x1536":"","2048x2048":"","penci-recipe-1200x1200":"","penci-recipe-1200x900":"","penci-recipe-1200x675":"","penci-single-full":"","penci-slider-full-thumb":"","penci-full-thumb":"","penci-slider-thumb":"","penci-magazine-slider":"","penci-thumb":"","penci-masonry-thumb":"","penci-thumb-square":"","penci-thumb-vertical":"","penci-thumb-small":""},"author_info":{"display_name":"Nandi","author_link":"https:\/\/nandi.info\/?author=1"},"category_info":"<a href=\"https:\/\/nandi.info\/?cat=71\" rel=\"category\">Le Pays<\/a> <a href=\"https:\/\/nandi.info\/?cat=23\" rel=\"category\">Politique<\/a>","tag_info":"Politique","comment_count":"0","jetpack_featured_media_url":"","jetpack_sharing_enabled":true,"_links":{"self":[{"href":"https:\/\/nandi.info\/index.php?rest_route=\/wp\/v2\/posts\/11883","targetHints":{"allow":["GET"]}}],"collection":[{"href":"https:\/\/nandi.info\/index.php?rest_route=\/wp\/v2\/posts"}],"about":[{"href":"https:\/\/nandi.info\/index.php?rest_route=\/wp\/v2\/types\/post"}],"author":[{"embeddable":true,"href":"https:\/\/nandi.info\/index.php?rest_route=\/wp\/v2\/users\/1"}],"replies":[{"embeddable":true,"href":"https:\/\/nandi.info\/index.php?rest_route=%2Fwp%2Fv2%2Fcomments&post=11883"}],"version-history":[{"count":0,"href":"https:\/\/nandi.info\/index.php?rest_route=\/wp\/v2\/posts\/11883\/revisions"}],"wp:featuredmedia":[{"embeddable":true,"href":"https:\/\/nandi.info\/index.php?rest_route=\/"}],"wp:attachment":[{"href":"https:\/\/nandi.info\/index.php?rest_route=%2Fwp%2Fv2%2Fmedia&parent=11883"}],"wp:term":[{"taxonomy":"category","embeddable":true,"href":"https:\/\/nandi.info\/index.php?rest_route=%2Fwp%2Fv2%2Fcategories&post=11883"},{"taxonomy":"post_tag","embeddable":true,"href":"https:\/\/nandi.info\/index.php?rest_route=%2Fwp%2Fv2%2Ftags&post=11883"}],"curies":[{"name":"wp","href":"https:\/\/api.w.org\/{rel}","templated":true}]}}