{"id":11843,"date":"2023-02-16T10:41:54","date_gmt":"2023-02-16T09:41:54","guid":{"rendered":"https:\/\/nandi.info\/?p=11843"},"modified":"2023-02-16T10:41:54","modified_gmt":"2023-02-16T09:41:54","slug":"14-fevrier-2003-14-fevrier-2023-20-ans-apres-son-deces-pr-abdramane-baba-toure-reste-dans-les-memoires","status":"publish","type":"post","link":"https:\/\/nandi.info\/?p=11843","title":{"rendered":"14 f\u00e9vrier 2003 \u2013 14 f\u00e9vrier 2023 : 20 ans apr\u00e8s son d\u00e9c\u00e8s, Pr Abdramane Baba Tour\u00e9 reste dans les memoires"},"content":{"rendered":"\n<p class=\"has-drop-cap\">Aujourd\u2019hui 14 f\u00e9vrier, c\u2019est le 20\u00e8me anniversaire du d\u00e9c\u00e8s du Pr Abdramane Baba Tour\u00e9, (ABT) membre fondateur du Parti africain pour l\u2019ind\u00e9pendance (PAI-Soudan), Premier Secr\u00e9taire du Parti malien du travail (PMT) fond\u00e9 en 1965 \u00e0 Ngomiyirambougou au domicile de Morik\u00e9 Konar\u00e9. Le domicile de Abdramane Baba Tour\u00e9 \u00e0 Saint-Leu-la For\u00eat en r\u00e9gion parisienne a \u00e9t\u00e9 un autre haut-lieu de la cr\u00e9ation du PMT en 1965. Apr\u00e8s le coup d\u2019\u00c9tat militaire du 19 novembre 1968, la direction du PMT compos\u00e9e de ABT, le Pr Marie-Bernard Sissoko, Mamadou Doucour\u00e9 dit V\u00e9z\u00e9ro, Kadari Bamba, Ogopem Ogoniangaly, Sadou Yattara, Zantigui Mangara a \u00e9t\u00e9 arr\u00eat\u00e9e, jug\u00e9e et emprisonn\u00e9e pendant au moins 18 ans. Le PMT \u00e9tait avec l\u2019US-RDA, le PMRD, la principale composante de l\u2019ADEMA qui a jou\u00e9 un r\u00f4le d\u00e9terminant dans l\u2019av\u00e8nement de la d\u00e9mocratie en 1991. ABT a \u00e9t\u00e9 pr\u00e9sident de l\u2019ADEMA-Association et pr\u00e9sident de la Cour Constitutionnelle.<\/p>\n\n\n\n<p>Abdrahamane Baba Tour\u00e9 est un enseignant et homme politique malien n\u00e9 en 1928 \u00e0 Doukouria dans le cercle de Goundam au Mali et mort le 14 f\u00e9vrier 2003 dans le 12e arrondissement de Paris. Abderhamane Baba Tour\u00e9 a fait ses \u00e9tudes primaires \u00e0 Dir\u00e9 puis \u00e0 Goundam. Il poursuit ses \u00e9tudes \u00e0 Bamako, \u00e0 l\u2019\u00c9cole primaire sup\u00e9rieure Terrasson de Foug\u00e8res entre 1943 et 1946, puis \u00e0 l\u2019\u00c9cole technique sup\u00e9rieure de Bamako o\u00f9 il obtient sa premi\u00e8re partie du baccalaur\u00e9at. Il poursuit ensuite l\u2019\u00e9cole normale William Ponty \u00e0 Dakar (S\u00e9n\u00e9gal) o\u00f9 il obtient la seconde partie du bac, puis \u00e0 l\u2019Institut des hautes \u00e9tudes o\u00f9 il obtient le certificat d\u2019\u00e9tudes sup\u00e9rieures de math\u00e9matiques-physique-chimie. Il poursuit des \u00e9tudes sup\u00e9rieures en France \u00e0 Montpellier pour obtenir une licence d\u2019enseignement des sciences physiques puis un dipl\u00f4me d\u2019\u00e9tudes sup\u00e9rieures (DES) de Sciences physiques (selon wikipedia).<\/p>\n\n\n\n<p><strong>L\u2019enseignant<\/strong><\/p>\n\n\n\n<p>Il enseigne dans un premier temps \u00e0 B\u00e9ziers (France) et passe un certificat d\u2019aptitude professionnelle pour l\u2019enseignement secondaire. Nomm\u00e9 professeur certifi\u00e9 en 1956, il revient au Mali (alors colonie fran\u00e7aise d\u00e9nomm\u00e9 Soudan fran\u00e7ais) o\u00f9 il enseigne au lyc\u00e9e Terrasson de Foug\u00e8res (Bamako).<\/p>\n\n\n\n<p>En 1958, Abderhamane Baba Tour\u00e9 \u00e9migre en Guin\u00e9e Conakry o\u00f9 il enseigne au lyc\u00e9e de Donka Conakry. Il retourne au Mali lors de l\u2019ind\u00e9pendance en 1960 et rejoint le lyc\u00e9e Askia Mohamed \u00e0 Bamako, anciennement lyc\u00e9e Terrasson de Foug\u00e8res. En 1962, il est nomm\u00e9 directeur de l\u2019\u00c9cole des travaux publics de Bamako. Gr\u00e2ce \u00e0 une bourse de l\u2019Unesco, il passe un doctorat sp\u00e9cialit\u00e9 chimie min\u00e9rale \u00e0 l\u2019Universit\u00e9 de la Sorbonne \u00e0 Paris entre 1964 et 1972. En 1967, il est nomm\u00e9 directeur de l\u2019\u00c9cole normale sup\u00e9rieure de Bamako, fonction qu\u2019il occupe jusqu\u2019en 1969.<\/p>\n\n\n\n<p><strong>L\u2019engagement politique<\/strong><\/p>\n\n\n\n<p>En 1958, Abderhamane Baba Tour\u00e9 est membre fondateur de la branche malienne du Parti africain pour l\u2019ind\u00e9pendance (PAI-Soudan) devenu Parti malien du travail (PMT) en 1966. Il s\u2019engage pour l\u2019ind\u00e9pendance de la Guin\u00e9e et du Mali. Il s\u2019oppose au r\u00e9gime militaire \u00e0 la suite du coup d\u2019\u00c9tat de Moussa Traor\u00e9. Pr\u00e9sident du Parti malien du travail, il est arr\u00eat\u00e9 et incarc\u00e9r\u00e9 \u00e0 Y\u00e9liman\u00e9.<\/p>\n\n\n\n<p>Lib\u00e9r\u00e9 en 1971, il est nomm\u00e9 professeur de \u201cthermodynamique appliqu\u00e9e\u201d et inspecteur g\u00e9n\u00e9ral de l\u2019enseignement des sciences physiques dans les lyc\u00e9es du Mali, fonction qu\u2019il occupe jusqu\u2019\u00e0 sa retraite en 1987.<\/p>\n\n\n\n<p>Toujours opposant au r\u00e9gime de Moussa Traor\u00e9, Abderhamane Baba Tour\u00e9 fonde le Front national d\u00e9mocratique populaire (FNDP) en 1986 et l\u2019Alliance pour la d\u00e9mocratie au Mali (ADEMA) en 1990 qui devient en 1991 l\u2019Alliance pour la d\u00e9mocratie au Mali-Parti africain pour la solidarit\u00e9 et la justice dont il est le premier pr\u00e9sident d\u2019honneur. Il est \u00e9lu pr\u00e9sident de cette association qu\u2019il repr\u00e9sente apr\u00e8s la chute de Moussa Traor\u00e9, auquel il fera signer sa lettre de d\u00e9mission, au sein du Comit\u00e9 de transition pour le salut du peuple (CTSP) entre le 28 mars 1991 et juin 1992, selon Wikip\u00e9dia. Le pr\u00e9sident Alpha Oumar Konar\u00e9 le nomme conseiller \u00e0 la Cour constitutionnelle le 16 novembre 1993. Il est \u00e9lu par ses pairs pr\u00e9sident de la Cour constitutionnelle le 10 mars 2001.<\/p>\n\n\n\n<p><strong>Hommages<\/strong><\/p>\n\n\n\n<p>L\u2019\u00c9cole nationale d\u2019ing\u00e9nieurs de Bamako (ENI) a \u00e9t\u00e9 baptis\u00e9e \u00ab \u00c9cole nationale d\u2019ing\u00e9nieurs Abderhamane Baba Tour\u00e9 \u00bb en juillet 2006.<\/p>\n","protected":false},"excerpt":{"rendered":"<p>Aujourd\u2019hui 14 f\u00e9vrier, c\u2019est le 20\u00e8me anniversaire du d\u00e9c\u00e8s du Pr Abdramane Baba Tour\u00e9, (ABT) membre fondateur du Parti africain pour l\u2019ind\u00e9pendance (PAI-Soudan), Premier Secr\u00e9taire du Parti malien du travail&hellip;<\/p>\n","protected":false},"author":1,"featured_media":0,"comment_status":"open","ping_status":"closed","sticky":false,"template":"","format":"standard","meta":{"content-type":"","_lmt_disableupdate":"","_lmt_disable":"","_jetpack_memberships_contains_paid_content":false,"footnotes":"","jetpack_publicize_message":"","jetpack_publicize_feature_enabled":true,"jetpack_social_post_already_shared":true,"jetpack_social_options":{"image_generator_settings":{"template":"highway","default_image_id":0,"font":"","enabled":false},"version":2}},"categories":[69,23],"tags":[],"class_list":["post-11843","post","type-post","status-publish","format-standard","hentry","category-le-republicain-mali","category-politique"],"jetpack_publicize_connections":[],"featured_image_urls":{"full":"","thumbnail":"","medium":"","medium_large":"","large":"","1536x1536":"","2048x2048":"","penci-recipe-1200x1200":"","penci-recipe-1200x900":"","penci-recipe-1200x675":"","penci-single-full":"","penci-slider-full-thumb":"","penci-full-thumb":"","penci-slider-thumb":"","penci-magazine-slider":"","penci-thumb":"","penci-masonry-thumb":"","penci-thumb-square":"","penci-thumb-vertical":"","penci-thumb-small":""},"author_info":{"display_name":"Nandi","author_link":"https:\/\/nandi.info\/?author=1"},"category_info":"<a href=\"https:\/\/nandi.info\/?cat=69\" rel=\"category\">Le R\u00e9publicain Mali<\/a> <a href=\"https:\/\/nandi.info\/?cat=23\" rel=\"category\">Politique<\/a>","tag_info":"Politique","comment_count":"0","jetpack_featured_media_url":"","jetpack_sharing_enabled":true,"_links":{"self":[{"href":"https:\/\/nandi.info\/index.php?rest_route=\/wp\/v2\/posts\/11843","targetHints":{"allow":["GET"]}}],"collection":[{"href":"https:\/\/nandi.info\/index.php?rest_route=\/wp\/v2\/posts"}],"about":[{"href":"https:\/\/nandi.info\/index.php?rest_route=\/wp\/v2\/types\/post"}],"author":[{"embeddable":true,"href":"https:\/\/nandi.info\/index.php?rest_route=\/wp\/v2\/users\/1"}],"replies":[{"embeddable":true,"href":"https:\/\/nandi.info\/index.php?rest_route=%2Fwp%2Fv2%2Fcomments&post=11843"}],"version-history":[{"count":0,"href":"https:\/\/nandi.info\/index.php?rest_route=\/wp\/v2\/posts\/11843\/revisions"}],"wp:attachment":[{"href":"https:\/\/nandi.info\/index.php?rest_route=%2Fwp%2Fv2%2Fmedia&parent=11843"}],"wp:term":[{"taxonomy":"category","embeddable":true,"href":"https:\/\/nandi.info\/index.php?rest_route=%2Fwp%2Fv2%2Fcategories&post=11843"},{"taxonomy":"post_tag","embeddable":true,"href":"https:\/\/nandi.info\/index.php?rest_route=%2Fwp%2Fv2%2Ftags&post=11843"}],"curies":[{"name":"wp","href":"https:\/\/api.w.org\/{rel}","templated":true}]}}