{"id":11812,"date":"2023-02-14T12:57:23","date_gmt":"2023-02-14T11:57:23","guid":{"rendered":"https:\/\/nandi.info\/?p=11812"},"modified":"2024-01-18T11:38:24","modified_gmt":"2024-01-18T10:38:24","slug":"cooperation-mali-france-le-divorce-consomme-confirme-par-le-ministre-diop","status":"publish","type":"post","link":"https:\/\/nandi.info\/?p=11812","title":{"rendered":"Coop\u00e9ration Mali-France : Le divorce \u2018\u2019consomm\u00e9\u2019\u2019 confirm\u00e9 par le Ministre Diop !"},"content":{"rendered":"\n<p><strong><em>Cela fait plusieurs ann\u00e9es maintenant, soit depuis la chute de l\u2019ancien r\u00e9gime en Ao\u00fbt 2020 de Feu Ibrahim Boubacar Ke\u00efta, que notre pays et la France ne parlent plus du m\u00eame langage. Ainsi, le 7 f\u00e9vrier dernier, \u00e0 l\u2019occasion de la visite de travail et d\u2019amiti\u00e9 du Ministre des Affaires Etrang\u00e8res Russe, Sergue\u00ef Lavrov, le chef de la Diplomatie malienne, Abdoulaye Diop est revenu sur le partenariat Franco-malien o\u00f9 il dira que ladite coop\u00e9ration ne convenait pas aux attentes des Maliens. Une mani\u00e8re d\u2019affirmer que les deux Etats ne cheminent plus ensemble pour cause de divergence de principes.<\/em><\/strong><\/p>\n\n\n\n<p class=\"has-drop-cap\">Le courant ne passe plus entre notre pays et l\u2019Hexagone. Cela, depuis un bon moment et pour plusieurs raisons. En commen\u00e7ant par la d\u00e9claration de \u2018\u2019nous laisser en plein vol\u2019\u2019 du Premier de la Transition, Dr Choguel Kokalla Ma\u00efga \u00e0 la tribune des Nations-Unies, au retrait de l\u2019ensemble des troupes de l\u2019op\u00e9ration \u2018\u2019Barkhane\u2019\u2019, puis l\u2019expulsion de l\u2019Ambassadeur de France au Mali, Jo\u00ebl Meyer en 2022 et l\u2019interdiction des activit\u00e9s des ONG travaillant au Mali avec l\u2019appui de la France, en guise de r\u00e9ponse \u00e0 la suspension de son aide publique au d\u00e9veloppement \u00e0 destination du Mali. Le torchon a br\u00fbl\u00e9 jusqu\u2019au cendre entre les deux pays.<\/p>\n\n\n\n<p>En langage diplomatique \u00e0 la suite de tous ces \u00e9v\u00e8nements, on peut dire que la France a perdu sa place de partenaire privil\u00e9gi\u00e9 aupr\u00e8s du Mali. Et cette place n\u2019a pas tard\u00e9 \u00e0 \u00eatre combl\u00e9e par la Russie qui est d\u00e9sormais le partenaire favori du pays de Modibo K\u00e9ita. En atteste, cette visite du ministre des Affaires Etrang\u00e8res de la F\u00e9d\u00e9ration de Russie, Sergue\u00ef Lavrov \u00e0 Bamako. Qui vient, selon le ministre malien des Affaires Etrang\u00e8res et de la Coop\u00e9ration Internationale, solidifier ce partenariat gagnant-gagnant,.<\/p>\n\n\n\n<p>Au cours du point de presse accord\u00e9 aux Hommes de m\u00e9dia par les deux Ministres, le Ministre Diop s\u2019est prononc\u00e9 sur l\u2019actuelle relation entre notre pays et la France en r\u00e9ponse \u00e0 une question d\u2019un confr\u00e8re. Il a dit ceci&nbsp;: \u00ab&nbsp;\u2026 Notre souhait, c\u2019est de parler de notre relation avec la Russie, de ce que cela peut nous apporter\u2026&nbsp;\u00bb, et d\u2019ajouter qu\u2019avec la France, les conclusions sont d\u00e9j\u00e0 tir\u00e9es, notamment que ladite coop\u00e9ration ne r\u00e9pondait pas aux attentes des Maliens dans la mesure o\u00f9 l\u2019objectif \u00e9tait de d\u00e9velopper une capacit\u00e9 autonome de l\u2019Arm\u00e9e malienne pour qu\u2019elle puisse op\u00e9rer pour d\u00e9fendre l\u2019int\u00e9grit\u00e9 territoriale et assurer la s\u00e9curit\u00e9 du peuple malien. Que telle n\u2019a pas \u00e9t\u00e9 le cas, contrairement \u00e0 ce qui se passe aujourd\u2019hui, c\u2019est-\u00e0-dire depuis l\u2019alliance russo-malienne.<\/p>\n\n\n\n<p>Concernant toujours la France, il a pr\u00e9cis\u00e9 que tous les pays qui veulent travailler avec le Mali doivent respecter les principes \u00e9dict\u00e9s, notamment le respect de la souverainet\u00e9 du Mali, le respect de ses choix de partenaires et de ses choix strat\u00e9giques ainsi que la prise en compte des int\u00e9r\u00eats des Maliens. Tout cela, dans un partenariat sinc\u00e8re et respectueux sans diviser les Maliens, \u00ab&nbsp;Ceci vaut pour la France, ceci vaut pour tous les pays qui souhaitent travailler avec notre pays\u2026&nbsp;\u00bb a conclu le chef de la diplomatie malienne.<\/p>\n\n\n\n<p>Avec ces affirmations, on peut dire que le message est bien clair pour les Nations qui veulent acter un partenariat avec le Mali, y compris la France. Par rapport \u00e0 la M\u00e9tropole, le moins qu\u2019on puisse dire est que le divorce est maintenant consomm\u00e9 avec le Mali. Le mariage \u00e9tait vici\u00e9.<\/p>\n\n\n\n<p><strong>Par Mariam Sissoko<\/strong><\/p>\n\n\n\n<p><strong>Le Sursaut<\/strong><\/p>\n","protected":false},"excerpt":{"rendered":"<p>Cela fait plusieurs ann\u00e9es maintenant, soit depuis la chute de l\u2019ancien r\u00e9gime en Ao\u00fbt 2020 de Feu Ibrahim Boubacar Ke\u00efta, que notre pays et la France ne parlent plus du&hellip;<\/p>\n","protected":false},"author":1,"featured_media":9428,"comment_status":"open","ping_status":"closed","sticky":false,"template":"","format":"standard","meta":{"content-type":"","_lmt_disableupdate":"","_lmt_disable":"","_jetpack_memberships_contains_paid_content":false,"footnotes":"","jetpack_publicize_message":"","jetpack_publicize_feature_enabled":true,"jetpack_social_post_already_shared":true,"jetpack_social_options":{"image_generator_settings":{"template":"highway","default_image_id":0,"font":"","enabled":false},"version":2}},"categories":[31,67],"tags":[],"class_list":["post-11812","post","type-post","status-publish","format-standard","has-post-thumbnail","hentry","category-cooperation","category-le-sursaut"],"jetpack_publicize_connections":[],"featured_image_urls":{"full":"","thumbnail":"","medium":"","medium_large":"","large":"","1536x1536":"","2048x2048":"","penci-recipe-1200x1200":"","penci-recipe-1200x900":"","penci-recipe-1200x675":"","penci-single-full":"","penci-slider-full-thumb":"","penci-full-thumb":"","penci-slider-thumb":"","penci-magazine-slider":"","penci-thumb":"","penci-masonry-thumb":"","penci-thumb-square":"","penci-thumb-vertical":"","penci-thumb-small":""},"author_info":{"display_name":"Nandi","author_link":"https:\/\/nandi.info\/?author=1"},"category_info":"<a href=\"https:\/\/nandi.info\/?cat=31\" rel=\"category\">Coop\u00e9ration<\/a> <a href=\"https:\/\/nandi.info\/?cat=67\" rel=\"category\">Le Sursaut<\/a>","tag_info":"Le Sursaut","comment_count":"0","jetpack_featured_media_url":"","jetpack_sharing_enabled":true,"_links":{"self":[{"href":"https:\/\/nandi.info\/index.php?rest_route=\/wp\/v2\/posts\/11812","targetHints":{"allow":["GET"]}}],"collection":[{"href":"https:\/\/nandi.info\/index.php?rest_route=\/wp\/v2\/posts"}],"about":[{"href":"https:\/\/nandi.info\/index.php?rest_route=\/wp\/v2\/types\/post"}],"author":[{"embeddable":true,"href":"https:\/\/nandi.info\/index.php?rest_route=\/wp\/v2\/users\/1"}],"replies":[{"embeddable":true,"href":"https:\/\/nandi.info\/index.php?rest_route=%2Fwp%2Fv2%2Fcomments&post=11812"}],"version-history":[{"count":1,"href":"https:\/\/nandi.info\/index.php?rest_route=\/wp\/v2\/posts\/11812\/revisions"}],"predecessor-version":[{"id":15498,"href":"https:\/\/nandi.info\/index.php?rest_route=\/wp\/v2\/posts\/11812\/revisions\/15498"}],"wp:featuredmedia":[{"embeddable":true,"href":"https:\/\/nandi.info\/index.php?rest_route=\/"}],"wp:attachment":[{"href":"https:\/\/nandi.info\/index.php?rest_route=%2Fwp%2Fv2%2Fmedia&parent=11812"}],"wp:term":[{"taxonomy":"category","embeddable":true,"href":"https:\/\/nandi.info\/index.php?rest_route=%2Fwp%2Fv2%2Fcategories&post=11812"},{"taxonomy":"post_tag","embeddable":true,"href":"https:\/\/nandi.info\/index.php?rest_route=%2Fwp%2Fv2%2Ftags&post=11812"}],"curies":[{"name":"wp","href":"https:\/\/api.w.org\/{rel}","templated":true}]}}