{"id":11798,"date":"2023-02-14T11:14:46","date_gmt":"2023-02-14T10:14:46","guid":{"rendered":"https:\/\/nandi.info\/?p=11798"},"modified":"2023-02-14T11:14:46","modified_gmt":"2023-02-14T10:14:46","slug":"assimi-goita-et-sa-promesse-de-train-aux-bayesiens-a-quand-le-redemarrage-du-trafic-ferroviaire","status":"publish","type":"post","link":"https:\/\/nandi.info\/?p=11798","title":{"rendered":"Assimi Go\u00efta et sa promesse de train aux bay\u00e9siens : A quand le red\u00e9marrage du trafic ferroviaire ?"},"content":{"rendered":"\n<p><strong>Quelques mois seulement apr\u00e8s la chute du pr\u00e9sident IBK, ses successeurs &nbsp;ont promis \u00e0 la population malienne en g\u00e9n\u00e9ral et surtout celle de Kayes en particulier &nbsp;la relance des activit\u00e9s ferroviaires. Comptant inlassablement le nombre de jour et de mois dans l\u2019espoir de voir siffler le train au grand bonheur de tous&nbsp;<\/strong><strong>les maliens et pour pallier le d\u00e9ficit de moyens de transports pour personnes et marchandises.&nbsp; Le chemin de fer est vital pour les populations riveraines du rail et il est une n\u00e9cessit\u00e9 pour la relance de l\u2019\u00e9conomie. La promesse de sa r\u00e9habilitation par les autorit\u00e9s de la transition a \u00e9t\u00e9 &nbsp;une nouvelle qui a \u00e9t\u00e9 beaucoup appr\u00e9ci\u00e9e par les maliens, car le chemin de fer \u00e9tait l\u2019un des piliers de l\u2019\u00e9conomie malienne. Hors -mi<\/strong>&nbsp;<strong>le top d\u00e9part du premier essai blanc du train de transport-voyageurs entre Bamako et Kayes et &nbsp;maintenant des pi\u00e8ces de rechange exhib\u00e9es \u00e0 la t\u00e9l\u00e9 par Mme le Ministre des Transports et des infrastructures, il n y a rien de concret et cela &nbsp;commence \u00e0 agacer les usagers.<\/strong><\/p>\n\n\n\n<p class=\"has-drop-cap\">En effet, c\u2019\u00e9tait lors de la c\u00e9r\u00e9monie de remise de kits scolaires aux orphelins des cheminots dans la cit\u00e9 des rails que le ministre charg\u00e9 des transports Makan Fily Dabo, alors ministre de l\u2019ancien r\u00e9gime IBK avait &nbsp;promis \u00e0 la jeunesse de Kayes le red\u00e9marrage du chemin de fer.&nbsp; La nouvelle a \u00e9t\u00e9 accueillie avec joie dans tout le pays. Malgr\u00e9 le changement de gouvernement et le remplacement&nbsp; du ministre, l\u2019espoir des citoyens Kayesiens ne s\u2019est gu\u00e8re estomp\u00e9&nbsp; et Mme la ministre Demb\u00e9l\u00e9 Madina Sissoko, sous le leadership du Pr\u00e9sident de la transition s\u2019est engag\u00e9e pour honorer l\u2019engagement &nbsp;du Colonel Assimi Go\u00efta.<\/p>\n\n\n\n<p>Pour rappel beaucoup d\u2019efforts ont \u00e9t\u00e9 faits, \u00e0 commencer par la r\u00e9fection de la voie ferr\u00e9e et surtout la r\u00e9paration de &nbsp;la locomotive CC2205 au niveau des ateliers de Korofina. Et surtout le voyage d\u2019essai &nbsp;o\u00f9 un train a quitt\u00e9&nbsp; la gare ferroviaire de Bamako pour Kayes. Mais six mois apr\u00e8s beaucoup de questions se posent et les citoyens commencent \u00e0 perdre espoir. &nbsp;Car &nbsp;depuis juillet 2022, date de l\u2019essai rien de concret n\u2019est visible. A la surprise g\u00e9n\u00e9rale en klieu et place des trains ce sont des pi\u00e8ces de rechange qui ont \u00e9t\u00e9 montr\u00e9es \u00e0 l\u2019opinion. A quand le red\u00e9marrage du train&nbsp;? Aujourd\u2019hui, on peut dire sans risque de se tromper que &nbsp;le r\u00eave risque d\u2019\u00eatre bris\u00e9 pour les cheminots et la population.<\/p>\n\n\n\n<p>Il faut que les autorit\u00e9s comprennent que le chemin de fer est non seulement capital pour l\u2019\u00e9conomie, mais aussi et surtout&nbsp; il&nbsp; contribue largement \u00e0 r\u00e9duire le taux de ch\u00f4mage. Donc un vecteur de d\u00e9veloppement d\u2019un pays.<\/p>\n\n\n\n<p><strong>En d\u00e9finitive, La relance du trafic ferroviaire ne saurait \u00eatre r\u00e9elle sans de nouvelles locomotives, des rails renouvel\u00e9s et de bonnes qualit\u00e9s, alors que les ressources se font de plus en plus rares.<\/strong><\/p>\n\n\n\n<p><strong>Oumou SISSOKO<\/strong><\/p>\n\n\n\n<p><strong>L&rsquo;Alternance<\/strong><\/p>\n","protected":false},"excerpt":{"rendered":"<p>Quelques mois seulement apr\u00e8s la chute du pr\u00e9sident IBK, ses successeurs &nbsp;ont promis \u00e0 la population malienne en g\u00e9n\u00e9ral et surtout celle de Kayes en particulier &nbsp;la relance des activit\u00e9s&hellip;<\/p>\n","protected":false},"author":1,"featured_media":11799,"comment_status":"open","ping_status":"closed","sticky":false,"template":"","format":"standard","meta":{"content-type":"","_lmt_disableupdate":"","_lmt_disable":"","_jetpack_memberships_contains_paid_content":false,"footnotes":"","jetpack_publicize_message":"","jetpack_publicize_feature_enabled":true,"jetpack_social_post_already_shared":true,"jetpack_social_options":{"image_generator_settings":{"template":"highway","default_image_id":0,"font":"","enabled":false},"version":2}},"categories":[30,62],"tags":[],"class_list":["post-11798","post","type-post","status-publish","format-standard","has-post-thumbnail","hentry","category-economie","category-transport"],"jetpack_publicize_connections":[],"featured_image_urls":{"full":"","thumbnail":"","medium":"","medium_large":"","large":"","1536x1536":"","2048x2048":"","penci-recipe-1200x1200":"","penci-recipe-1200x900":"","penci-recipe-1200x675":"","penci-single-full":"","penci-slider-full-thumb":"","penci-full-thumb":"","penci-slider-thumb":"","penci-magazine-slider":"","penci-thumb":"","penci-masonry-thumb":"","penci-thumb-square":"","penci-thumb-vertical":"","penci-thumb-small":""},"author_info":{"display_name":"Nandi","author_link":"https:\/\/nandi.info\/?author=1"},"category_info":"<a href=\"https:\/\/nandi.info\/?cat=30\" rel=\"category\">Economie<\/a> <a href=\"https:\/\/nandi.info\/?cat=62\" rel=\"category\">Transport<\/a>","tag_info":"Transport","comment_count":"0","jetpack_featured_media_url":"","jetpack_sharing_enabled":true,"_links":{"self":[{"href":"https:\/\/nandi.info\/index.php?rest_route=\/wp\/v2\/posts\/11798","targetHints":{"allow":["GET"]}}],"collection":[{"href":"https:\/\/nandi.info\/index.php?rest_route=\/wp\/v2\/posts"}],"about":[{"href":"https:\/\/nandi.info\/index.php?rest_route=\/wp\/v2\/types\/post"}],"author":[{"embeddable":true,"href":"https:\/\/nandi.info\/index.php?rest_route=\/wp\/v2\/users\/1"}],"replies":[{"embeddable":true,"href":"https:\/\/nandi.info\/index.php?rest_route=%2Fwp%2Fv2%2Fcomments&post=11798"}],"version-history":[{"count":0,"href":"https:\/\/nandi.info\/index.php?rest_route=\/wp\/v2\/posts\/11798\/revisions"}],"wp:featuredmedia":[{"embeddable":true,"href":"https:\/\/nandi.info\/index.php?rest_route=\/"}],"wp:attachment":[{"href":"https:\/\/nandi.info\/index.php?rest_route=%2Fwp%2Fv2%2Fmedia&parent=11798"}],"wp:term":[{"taxonomy":"category","embeddable":true,"href":"https:\/\/nandi.info\/index.php?rest_route=%2Fwp%2Fv2%2Fcategories&post=11798"},{"taxonomy":"post_tag","embeddable":true,"href":"https:\/\/nandi.info\/index.php?rest_route=%2Fwp%2Fv2%2Ftags&post=11798"}],"curies":[{"name":"wp","href":"https:\/\/api.w.org\/{rel}","templated":true}]}}