{"id":11689,"date":"2023-02-07T09:41:07","date_gmt":"2023-02-07T08:41:07","guid":{"rendered":"https:\/\/nandi.info\/?p=11689"},"modified":"2023-02-07T09:41:07","modified_gmt":"2023-02-07T08:41:07","slug":"mali-une-jeunesse-mercenaire","status":"publish","type":"post","link":"https:\/\/nandi.info\/?p=11689","title":{"rendered":"Mali : une jeunesse mercenaire !"},"content":{"rendered":"\n<p><strong>La plaie du Mali, ayons le courage de le dire, c\u2019est aussi sa jeunesse. Elle est aujourd\u2019hui sans identit\u00e9 avec z\u00e9ro conviction, z\u00e9ro vision. Elle est toujours au service des autres, jamais \u00e0 son propre service.<\/strong><\/p>\n\n\n\n<p><strong>Elle joue toujours les seconds r\u00f4les et c\u2019est-elle qui fait le sale boulot (d\u00e9nigrement, diffamation, injures). Que sais-je encore ?<\/strong><\/p>\n\n\n\n<p>Elle est manipul\u00e9e, instrumentalis\u00e9e, bafou\u00e9e, humili\u00e9e. Elle a de son propre chef, choisi la compromission, les combines et les combinaisons, les man\u0153uvres et actes mafieux pour assumer son existence.<\/p>\n\n\n\n<p>Regrettable et bouleversant !<\/p>\n\n\n\n<p>Quand elle est aux affaires, elle brille par un giottisme grotesque honteux au lieu d\u2019un travail efficace.<\/p>\n\n\n\n<p>Oui, les mauvaises habitudes ont la vie dure. \u00ab Chassez le naturel, il revient au galop&nbsp;! \u00bb Tel est le triste tableau de la jeunesse malienne.<\/p>\n\n\n\n<p>Des m\u00e9diocres forment des cercles et entretiennent leur business. Ils s\u2019aiment et s\u2019embrassent et tirent \u00e0 boulets rouges sur l\u2019autre brillante jeunesse (avec conviction) pour saper ses efforts et contribuer \u00e0 sa chute. Quelle bassesse ! Quelle immoralit\u00e9 ! Quelle jeunesse !<\/p>\n\n\n\n<p>Loin de Moi l\u2019intention de donner des le\u00e7ons de morale car je ne me consid\u00e8re pas comme un mod\u00e8le. Encore moins une r\u00e9f\u00e9rence.<\/p>\n\n\n\n<p>Cette position est le r\u00e9sultat d\u2019un constat, constat d\u2019\u00e9chec de la jeunesse malienne qui refuse de combattre, mais qui joue au mercenaire.<\/p>\n\n\n\n<p>Le Mali m\u00e9rite mieux. Sa jeunesse aussi.<\/p>\n\n\n\n<p>Demain, c\u2019est d\u00e9j\u00e0 aujourd\u2019hui.<\/p>\n\n\n\n<p>Pardonnez mon impertinence !<\/p>\n\n\n\n<p><strong>Mohamed Attaher Halidou, Journaliste<\/strong><\/p>\n\n\n\n<p><strong>Le Matinal<\/strong><\/p>\n","protected":false},"excerpt":{"rendered":"<p>La plaie du Mali, ayons le courage de le dire, c\u2019est aussi sa jeunesse. Elle est aujourd\u2019hui sans identit\u00e9 avec z\u00e9ro conviction, z\u00e9ro vision. Elle est toujours au service des&hellip;<\/p>\n","protected":false},"author":1,"featured_media":11691,"comment_status":"open","ping_status":"closed","sticky":false,"template":"","format":"standard","meta":{"content-type":"","_lmt_disableupdate":"","_lmt_disable":"","_jetpack_memberships_contains_paid_content":false,"footnotes":"","jetpack_publicize_message":"","jetpack_publicize_feature_enabled":true,"jetpack_social_post_already_shared":true,"jetpack_social_options":{"image_generator_settings":{"template":"highway","default_image_id":0,"font":"","enabled":false},"version":2}},"categories":[34,114],"tags":[],"class_list":["post-11689","post","type-post","status-publish","format-standard","has-post-thumbnail","hentry","category-editorial","category-le-matinal"],"jetpack_publicize_connections":[],"featured_image_urls":{"full":"","thumbnail":"","medium":"","medium_large":"","large":"","1536x1536":"","2048x2048":"","penci-recipe-1200x1200":"","penci-recipe-1200x900":"","penci-recipe-1200x675":"","penci-single-full":"","penci-slider-full-thumb":"","penci-full-thumb":"","penci-slider-thumb":"","penci-magazine-slider":"","penci-thumb":"","penci-masonry-thumb":"","penci-thumb-square":"","penci-thumb-vertical":"","penci-thumb-small":""},"author_info":{"display_name":"Nandi","author_link":"https:\/\/nandi.info\/?author=1"},"category_info":"<a href=\"https:\/\/nandi.info\/?cat=34\" rel=\"category\">Editorial<\/a> <a href=\"https:\/\/nandi.info\/?cat=114\" rel=\"category\">Le Matinal<\/a>","tag_info":"Le Matinal","comment_count":"0","jetpack_featured_media_url":"","jetpack_sharing_enabled":true,"_links":{"self":[{"href":"https:\/\/nandi.info\/index.php?rest_route=\/wp\/v2\/posts\/11689","targetHints":{"allow":["GET"]}}],"collection":[{"href":"https:\/\/nandi.info\/index.php?rest_route=\/wp\/v2\/posts"}],"about":[{"href":"https:\/\/nandi.info\/index.php?rest_route=\/wp\/v2\/types\/post"}],"author":[{"embeddable":true,"href":"https:\/\/nandi.info\/index.php?rest_route=\/wp\/v2\/users\/1"}],"replies":[{"embeddable":true,"href":"https:\/\/nandi.info\/index.php?rest_route=%2Fwp%2Fv2%2Fcomments&post=11689"}],"version-history":[{"count":0,"href":"https:\/\/nandi.info\/index.php?rest_route=\/wp\/v2\/posts\/11689\/revisions"}],"wp:featuredmedia":[{"embeddable":true,"href":"https:\/\/nandi.info\/index.php?rest_route=\/"}],"wp:attachment":[{"href":"https:\/\/nandi.info\/index.php?rest_route=%2Fwp%2Fv2%2Fmedia&parent=11689"}],"wp:term":[{"taxonomy":"category","embeddable":true,"href":"https:\/\/nandi.info\/index.php?rest_route=%2Fwp%2Fv2%2Fcategories&post=11689"},{"taxonomy":"post_tag","embeddable":true,"href":"https:\/\/nandi.info\/index.php?rest_route=%2Fwp%2Fv2%2Ftags&post=11689"}],"curies":[{"name":"wp","href":"https:\/\/api.w.org\/{rel}","templated":true}]}}