{"id":11684,"date":"2023-02-07T09:33:24","date_gmt":"2023-02-07T08:33:24","guid":{"rendered":"https:\/\/nandi.info\/?p=11684"},"modified":"2023-02-07T09:33:24","modified_gmt":"2023-02-07T08:33:24","slug":"religions-au-mali-une-nouvelle-race-de-precheurs-menace-la-quietude-des-musulmans","status":"publish","type":"post","link":"https:\/\/nandi.info\/?p=11684","title":{"rendered":"Religions au Mali : Une nouvelle race de pr\u00eacheurs menace la qui\u00e9tude des musulmans"},"content":{"rendered":"\n<p><strong>L\u2019atmosph\u00e8re est tendue aujourd\u2019hui entre une nouvelle g\u00e9n\u00e9ration de pr\u00eacheurs au Mali, chacun voulant cr\u00e9er son propre \u00ab buzz \u00bb comme le font les influenceuses pour s\u2019attirer les faveurs des commentaires et partages. C\u2019est une perte \u00e9norme pour l\u2019islam dans notre pays. Finalement, la religion est de plus en plus discr\u00e9dit\u00e9e dans notre pays.<\/strong><\/p>\n\n\n\n<p class=\"has-drop-cap\">Ils s\u2019entred\u00e9chirent sur les r\u00e9seaux sociaux, ils s\u2019insultent et se provoquent comme si leurs r\u00e9compenses se limitent ici-bas. Que faut-il enseigner \u00e0 cette nouvelle g\u00e9n\u00e9ration de pr\u00eacheurs musulmans en cette p\u00e9riode de lutte contre le terrorisme ?<\/p>\n\n\n\n<p>Il est urgent que les autorit\u00e9s de la Transition prennent leur responsabilit\u00e9 pour recadrer les pr\u00eacheurs ind\u00e9licats. Les faits sont \u00e9vidents. Ainsi, dans une de ses nombreuses vid\u00e9os, un pr\u00eacheur musulman citait le nom du \u00ab Pont Fahd \u00bb comme une \u0153uvre humanitaire construit au Mali par un pays musulman. Un autre pr\u00eacheur le r\u00e9pond en le traitant de tous les noms d\u2019oiseaux. Pire il le traite de \u00ab niengo d\u00e9n \u00bb en langue Bamanankan, toute chose qui veut dire fils d\u2019\u00e9go\u00efste. Selon lui, au lieu de citer le seul \u00ab Pont Fahd \u00bb, il aurait d\u00fb citer le nom du troisi\u00e8me Pont aussi qui a \u00e9t\u00e9 offert par la Chine, un pays non musulman.<\/p>\n\n\n\n<p>Un tel \u00e9cart de langage vulgaire, vulgaire par nature, n\u2019est pas appropri\u00e9 pour un pr\u00eacheur qui a pour devoir de sensibiliser et cultiver l\u2019amour entre les citoyens. Ensuite, dans une autre vid\u00e9o r\u00e9cente, le m\u00eame pr\u00eacheur trait\u00e9 d\u2019\u00e9go\u00efste critique, \u00e0 son tour, avec virulence un leader religieux qui a dit publiquement qu\u2019il a achet\u00e9 des photos posters de \u00ab matiki \u00bb, J\u00e9sus, en France pour en faire cadeau aux leaders religieux Chr\u00e9tiens. Un musulman ne doit-il pas faire un cadeau \u00e0 son prochain quelle que soit sa religion ? Au lieu d\u2019enseigner l\u2019Islam pour attirer d\u2019autres personnes \u00e0 y adh\u00e9rer, ils font le contraire avec leurs discours haineux, racistes et m\u00e9chants.<\/p>\n\n\n\n<p>En cette p\u00e9riode de terrorisme, chaque Malien et Malienne a le devoir de cultiver l\u2019amour, le pardon et la sensibilisation afin que nous vivions dans la qui\u00e9tude. Et qu\u2019on se sente Malien \u00e0 part enti\u00e8re.<\/p>\n\n\n\n<p><strong>Djibril Elhassane TRAORE<\/strong><\/p>\n","protected":false},"excerpt":{"rendered":"<p>L\u2019atmosph\u00e8re est tendue aujourd\u2019hui entre une nouvelle g\u00e9n\u00e9ration de pr\u00eacheurs au Mali, chacun voulant cr\u00e9er son propre \u00ab buzz \u00bb comme le font les influenceuses pour s\u2019attirer les faveurs des&hellip;<\/p>\n","protected":false},"author":1,"featured_media":0,"comment_status":"open","ping_status":"closed","sticky":false,"template":"","format":"standard","meta":{"content-type":"","_lmt_disableupdate":"","_lmt_disable":"","_jetpack_memberships_contains_paid_content":false,"footnotes":"","jetpack_publicize_message":"","jetpack_publicize_feature_enabled":true,"jetpack_social_post_already_shared":true,"jetpack_social_options":{"image_generator_settings":{"template":"highway","default_image_id":0,"font":"","enabled":false},"version":2}},"categories":[114,21],"tags":[],"class_list":["post-11684","post","type-post","status-publish","format-standard","hentry","category-le-matinal","category-societe"],"jetpack_publicize_connections":[],"featured_image_urls":{"full":"","thumbnail":"","medium":"","medium_large":"","large":"","1536x1536":"","2048x2048":"","penci-recipe-1200x1200":"","penci-recipe-1200x900":"","penci-recipe-1200x675":"","penci-single-full":"","penci-slider-full-thumb":"","penci-full-thumb":"","penci-slider-thumb":"","penci-magazine-slider":"","penci-thumb":"","penci-masonry-thumb":"","penci-thumb-square":"","penci-thumb-vertical":"","penci-thumb-small":""},"author_info":{"display_name":"Nandi","author_link":"https:\/\/nandi.info\/?author=1"},"category_info":"<a href=\"https:\/\/nandi.info\/?cat=114\" rel=\"category\">Le Matinal<\/a> <a href=\"https:\/\/nandi.info\/?cat=21\" rel=\"category\">Soci\u00e9t\u00e9<\/a>","tag_info":"Soci\u00e9t\u00e9","comment_count":"0","jetpack_featured_media_url":"","jetpack_sharing_enabled":true,"_links":{"self":[{"href":"https:\/\/nandi.info\/index.php?rest_route=\/wp\/v2\/posts\/11684","targetHints":{"allow":["GET"]}}],"collection":[{"href":"https:\/\/nandi.info\/index.php?rest_route=\/wp\/v2\/posts"}],"about":[{"href":"https:\/\/nandi.info\/index.php?rest_route=\/wp\/v2\/types\/post"}],"author":[{"embeddable":true,"href":"https:\/\/nandi.info\/index.php?rest_route=\/wp\/v2\/users\/1"}],"replies":[{"embeddable":true,"href":"https:\/\/nandi.info\/index.php?rest_route=%2Fwp%2Fv2%2Fcomments&post=11684"}],"version-history":[{"count":0,"href":"https:\/\/nandi.info\/index.php?rest_route=\/wp\/v2\/posts\/11684\/revisions"}],"wp:attachment":[{"href":"https:\/\/nandi.info\/index.php?rest_route=%2Fwp%2Fv2%2Fmedia&parent=11684"}],"wp:term":[{"taxonomy":"category","embeddable":true,"href":"https:\/\/nandi.info\/index.php?rest_route=%2Fwp%2Fv2%2Fcategories&post=11684"},{"taxonomy":"post_tag","embeddable":true,"href":"https:\/\/nandi.info\/index.php?rest_route=%2Fwp%2Fv2%2Ftags&post=11684"}],"curies":[{"name":"wp","href":"https:\/\/api.w.org\/{rel}","templated":true}]}}