{"id":11678,"date":"2023-02-07T09:27:35","date_gmt":"2023-02-07T08:27:35","guid":{"rendered":"https:\/\/nandi.info\/?p=11678"},"modified":"2023-02-07T09:27:35","modified_gmt":"2023-02-07T08:27:35","slug":"le-chef-des-droits-de-lhomme-de-lonu-volker-turk-deplore-lexpulsion-de-son-representant-au-mali","status":"publish","type":"post","link":"https:\/\/nandi.info\/?p=11678","title":{"rendered":"Le chef des droits de l\u2019homme de l\u2019ONU, Volker T\u00fcrk, d\u00e9plore l\u2019expulsion de son repr\u00e9sentant au Mali"},"content":{"rendered":"\n<p><strong>Le Haut-Commissaire des Nations Unies aux droits de l\u2019homme, Volker T\u00fcrk, s\u2019est dit profond\u00e9ment troubl\u00e9 ce lundi par la d\u00e9cision des autorit\u00e9s maliennes de d\u00e9clarer le principal repr\u00e9sentant des droits de l\u2019homme des Nations Unies dans le pays comme persona non grata.<\/strong><\/p>\n\n\n\n<p>\u201cJe regrette profond\u00e9ment la d\u00e9cision des autorit\u00e9s maliennes de d\u00e9clarer mon repr\u00e9sentant, Guillaume Ngefa, persona non grata et de lui ordonner de quitter le pays dans les 48 heures. J\u2019ai \u00e9t\u00e9 tr\u00e8s troubl\u00e9 par les intimidations et le harc\u00e8lement dont il a fait l\u2019objet dans les m\u00e9dias sociaux ces derniers mois\u201d, a d\u00e9clar\u00e9 T\u00fcrk. \u201cJe rappelle que le personnel des Nations unies ne doit jamais \u00eatre menac\u00e9 ou sanctionn\u00e9 pour avoir fait son travail, qui est bas\u00e9 sur la Charte des Nations unies.\u201d<\/p>\n\n\n\n<p>\u201cJ\u2019ai pleinement confiance en son professionnalisme et son d\u00e9vouement \u00e0 la promotion et \u00e0 la protection des droits de l\u2019homme au Mali. J\u2019appelle les autorit\u00e9s int\u00e9rimaires maliennes \u00e0 annuler sans d\u00e9lai cette d\u00e9cision regrettable.\u201d<\/p>\n\n\n\n<p>La mesure a \u00e9t\u00e9 annonc\u00e9e dans un communiqu\u00e9 du gouvernement dat\u00e9 du 5 f\u00e9vrier, affirmant que Ngefa, directeur de la division des droits de l\u2019homme de la Mission multidimensionnelle de stabilisation des Nations Unies au Mali (MINUSMA) et repr\u00e9sentant du Haut-Commissaire, avait \u00e9t\u00e9 d\u00e9clar\u00e9 persona non grata. Ngefa se trouvait d\u00e9j\u00e0 hors du pays lorsque la d\u00e9cision a \u00e9t\u00e9 communiqu\u00e9e.<\/p>\n\n\n\n<p>Les Nations Unies ont longtemps maintenu que la doctrine de persona non grata ne s\u2019applique pas au personnel de l\u2019ONU. Elle est contraire aux obligations des \u00c9tats membres en vertu de la Charte des Nations Unies, notamment celles concernant les privil\u00e8ges et immunit\u00e9s de l\u2019ONU et de son personnel.<\/p>\n\n\n\n<p>\u201cLes droits de l\u2019homme font partie int\u00e9grante du maintien de la paix\u201d, a soulign\u00e9 M. T\u00fcrk.<\/p>\n\n\n\n<p>\u201cJ\u2019exhorte les autorit\u00e9s \u00e0 cr\u00e9er un environnement respectueux, s\u00fbr et propice au travail sur les droits de l\u2019homme au Mali, ce qui est plus crucial que jamais dans le contexte actuel. J\u2019exhorte les autorit\u00e9s maliennes \u00e0 assurer un meilleur respect et une meilleure protection des d\u00e9fenseurs des droits de l\u2019homme. Personne ne devrait subir de repr\u00e9sailles pour s\u2019\u00eatre exprim\u00e9 sur des questions de droits de l\u2019homme.\u201d<\/p>\n\n\n\n<p><strong>GEN\u00c8VE (6 f\u00e9vrier 2023) <\/strong><\/p>\n\n\n\n<p><strong>Le R\u00e9publicain Mali<\/strong><\/p>\n","protected":false},"excerpt":{"rendered":"<p>Le Haut-Commissaire des Nations Unies aux droits de l\u2019homme, Volker T\u00fcrk, s\u2019est dit profond\u00e9ment troubl\u00e9 ce lundi par la d\u00e9cision des autorit\u00e9s maliennes de d\u00e9clarer le principal repr\u00e9sentant des droits&hellip;<\/p>\n","protected":false},"author":1,"featured_media":11683,"comment_status":"open","ping_status":"closed","sticky":false,"template":"","format":"standard","meta":{"content-type":"","_lmt_disableupdate":"","_lmt_disable":"","_jetpack_memberships_contains_paid_content":false,"footnotes":"","jetpack_publicize_message":"","jetpack_publicize_feature_enabled":true,"jetpack_social_post_already_shared":true,"jetpack_social_options":{"image_generator_settings":{"template":"highway","default_image_id":0,"font":"","enabled":false},"version":2}},"categories":[35,69,21],"tags":[],"class_list":["post-11678","post","type-post","status-publish","format-standard","has-post-thumbnail","hentry","category-communique","category-le-republicain-mali","category-societe"],"jetpack_publicize_connections":[],"featured_image_urls":{"full":"","thumbnail":"","medium":"","medium_large":"","large":"","1536x1536":"","2048x2048":"","penci-recipe-1200x1200":"","penci-recipe-1200x900":"","penci-recipe-1200x675":"","penci-single-full":"","penci-slider-full-thumb":"","penci-full-thumb":"","penci-slider-thumb":"","penci-magazine-slider":"","penci-thumb":"","penci-masonry-thumb":"","penci-thumb-square":"","penci-thumb-vertical":"","penci-thumb-small":""},"author_info":{"display_name":"Nandi","author_link":"https:\/\/nandi.info\/?author=1"},"category_info":"<a href=\"https:\/\/nandi.info\/?cat=35\" rel=\"category\">Communiqu\u00e9<\/a> <a href=\"https:\/\/nandi.info\/?cat=69\" rel=\"category\">Le R\u00e9publicain Mali<\/a> <a href=\"https:\/\/nandi.info\/?cat=21\" rel=\"category\">Soci\u00e9t\u00e9<\/a>","tag_info":"Soci\u00e9t\u00e9","comment_count":"0","jetpack_featured_media_url":"","jetpack_sharing_enabled":true,"_links":{"self":[{"href":"https:\/\/nandi.info\/index.php?rest_route=\/wp\/v2\/posts\/11678","targetHints":{"allow":["GET"]}}],"collection":[{"href":"https:\/\/nandi.info\/index.php?rest_route=\/wp\/v2\/posts"}],"about":[{"href":"https:\/\/nandi.info\/index.php?rest_route=\/wp\/v2\/types\/post"}],"author":[{"embeddable":true,"href":"https:\/\/nandi.info\/index.php?rest_route=\/wp\/v2\/users\/1"}],"replies":[{"embeddable":true,"href":"https:\/\/nandi.info\/index.php?rest_route=%2Fwp%2Fv2%2Fcomments&post=11678"}],"version-history":[{"count":0,"href":"https:\/\/nandi.info\/index.php?rest_route=\/wp\/v2\/posts\/11678\/revisions"}],"wp:featuredmedia":[{"embeddable":true,"href":"https:\/\/nandi.info\/index.php?rest_route=\/"}],"wp:attachment":[{"href":"https:\/\/nandi.info\/index.php?rest_route=%2Fwp%2Fv2%2Fmedia&parent=11678"}],"wp:term":[{"taxonomy":"category","embeddable":true,"href":"https:\/\/nandi.info\/index.php?rest_route=%2Fwp%2Fv2%2Fcategories&post=11678"},{"taxonomy":"post_tag","embeddable":true,"href":"https:\/\/nandi.info\/index.php?rest_route=%2Fwp%2Fv2%2Ftags&post=11678"}],"curies":[{"name":"wp","href":"https:\/\/api.w.org\/{rel}","templated":true}]}}