{"id":11673,"date":"2023-02-07T09:13:42","date_gmt":"2023-02-07T08:13:42","guid":{"rendered":"https:\/\/nandi.info\/?p=11673"},"modified":"2023-02-07T09:13:42","modified_gmt":"2023-02-07T08:13:42","slug":"le-chef-de-la-diplomatie-russe-serguei-lavrov-attendu-a-bamako-ce-lundi-nous-sollicitons-une-cooperation-mali-russe-dans-les-domaines-agro-alimentaires-energetiques-militaires-et-sanitaire","status":"publish","type":"post","link":"https:\/\/nandi.info\/?p=11673","title":{"rendered":"Le chef de la diplomatie russe, Serguei Lavrov, attendu \u00e0 Bamako ce lundi : \u00abNous sollicitons une coop\u00e9ration Mali-Russe dans les domaines agro-alimentaires, \u00e9nerg\u00e9tiques, militaires et sanitaires \u00bb, dixit YEREWOLO"},"content":{"rendered":"\n<p class=\"has-drop-cap\">Le ministre des affaires \u00e9trang\u00e8res de la Russie, Serguei Lavrov, est attendu ce lundi 6 f\u00e9vrier 2023 \u00e0 Bamako au Mali pour une visite de travail de 48 heures. Cette information a \u00e9t\u00e9 donn\u00e9e par les responsables du Mouvement \u00abY\u00e8r\u00e8wolo d\u00e9bout sur les remparts \u00bb lors d\u2019un point de presse \u00e0 l\u2019allure d\u2019un meeting tenu, le samedi 04 f\u00e9vrier 2023, \u00e0 leur si\u00e8ge \u00e0 Bamako. Le Mouvement Y\u00e8r\u00e8wolo s\u2019est r\u00e9joui de l\u2019annonce de cette visite et souhaite la bienvenue \u00e0 Serguei Lavrov. \u00ab La visite annonc\u00e9e du chef de la diplomatie russe, Serguei Lavrov, pour ce lundi 6 f\u00e9vrier 2023, ne peut nous laisser indiff\u00e9rents. Il quitte chez lui, il vient chez lui. Pour renforcer les murailles de l\u2019arsenal diplomatique du pays, nous avons sollicit\u00e9 le partenariat Mali-Russe. Nous sollicitons une coop\u00e9ration Mali-Russe dans les domaines agro-alimentaires, \u00e9nerg\u00e9tiques, militaires et sanitaires \u00bb, soulignent les responsables du Mouvement \u00abY\u00e8r\u00e8wolo d\u00e9bout sur les remparts \u00bb.<\/p>\n\n\n\n<p>Plusieurs responsables, militants et sympathisants du Mouvement Y\u00e8r\u00e8wolo d\u00e9bout sur les remparts ont pris part \u00e0 ce point de presse. Parmi les leaders du Mouvement, on peut citer entre autres : Adama Diarra dit Ben le Cerveau, Siriki Kouyat\u00e9, Moussa Diarra, Mama Safiatou, Bassaro Sylla.<\/p>\n\n\n\n<p>Dans ses mots de bienvenue, l\u2019ancien d\u00e9put\u00e9 Moussa Diarra, membre du Mouvement, a fait savoir que le partenariat entre le Mali et la Russie qui est fiable doit \u00eatre renforc\u00e9. \u00ab En plus de Serguei, nous voulons l\u2019arriv\u00e9e de Poutine. La Russie est une grande puissance \u00bb, a-t-il dit. Tous les autres intervenants comme le repr\u00e9sentant du Groupe des patriotes du Mali (GPM), Souleymane Traor\u00e9, abondent dans le m\u00eame sens.<\/p>\n\n\n\n<p>Dans une d\u00e9claration lue par le porte-parole du Mouvement Y\u00e8r\u00e8wolo d\u00e9bout sur les remparts, Siriki Kouyat\u00e9 a fait savoir que la visite annonc\u00e9e du chef de la diplomatie russe, M. Serguei Lavrov pour ce lundi 6 f\u00e9vrier 2023, ne peut les laisser indiff\u00e9rents. \u00ab Car cette visite qui traduit \u00e9loquemment l\u2019\u00e9lan d\u2019un parcours diplomatique et qui \u00e9tait tant attendue, m\u00e9rite toute notre attention. Pour renforcer les murailles de l\u2019arsenal diplomatique du pays, nous avons sollicit\u00e9 le \u201dpartenariat Mali-Russe\u201d une initiative du Groupe des Patriotes (GPM), fortement appuy\u00e9e par les signatures de plus huit millions de Maliens, un chiffre qui d\u00e9passe le nombre d\u2019\u00e9lecteurs inscrits. \u00c0 pr\u00e9sent, Y\u00e8r\u00e8wolo debout sur les remparts r\u00e9it\u00e8re sa demande de renforcement de coop\u00e9ration Mali-Russe, tout d\u2019abord sur le plan militaire en installant une base mixte russo-malienne \u00e0 Gao, juste pour le reste de temps d\u2019endiguer cette guerre. Nous YEREWOLO, sollicitons une coop\u00e9ration Mali-Russe dans les domaines agro-alimentaires, \u00e9nerg\u00e9tique et sanitaires \u00bb, a soulign\u00e9 Siriki Kouyat\u00e9. Par ailleurs, il dira que les Accords d\u2019Alger ont \u00e9t\u00e9 une source de motivation de plusieurs groupes arm\u00e9s qui rivalisent autour des territoires qu\u2019ils veulent dominer au moyen de la violence. \u00ab Dans un futur proche, nous allons annoncer un grand rassemblement patriotique, une sortie gigantesque pour exiger la paix par le d\u00e9sarmement de la CMA (Coordination des mouvements de l\u2019Azawad). C\u2019est la seule alternative pour lib\u00e9rer la population et la ville de Kidal des mains de terroristes \u00bb, a-t-il conclu.<\/p>\n\n\n\n<p>Quant au patron du Mouvement Y\u00e8r\u00e8wolo d\u00e9bout sur les remparts, Adama Diarra dit Ben le Cerveau, il a fait savoir que le chef de la diplomatie russe, Serguei Lavrov, sera la bienvenue au Mali. \u00ab Il quitte chez lui, il vient chez lui \u00bb, a-t-il dit. A cet effet, Adama Ben le Cerveau demande au pr\u00e9sident Assimi GO\u00cfTA d\u2019exposer les besoins du Mali au chef de la diplomatie russe, Serguei Lavrov, durant sa visite au Mali. Selon lui, le d\u00e9veloppement du Mali et de toute l\u2019Afrique passe par un partenariat gagnant-gagnant avec la Russie. Y\u00e8r\u00e8wolo debout sur les remparts, par la voix de Adama Ben le Cerveau, r\u00e9it\u00e8re sa demande de retrait pur et simple de la MINUSMA (Mission multidimensionnelle int\u00e9gr\u00e9e des Nations Unies pour la stabilisation au Mali).<\/p>\n\n\n\n<p><strong>Aguibou Sogodogo<\/strong><\/p>\n\n\n\n<p><strong>R\u00e9publicain Mali<\/strong><\/p>\n","protected":false},"excerpt":{"rendered":"<p>Le ministre des affaires \u00e9trang\u00e8res de la Russie, Serguei Lavrov, est attendu ce lundi 6 f\u00e9vrier 2023 \u00e0 Bamako au Mali pour une visite de travail de 48 heures. Cette&hellip;<\/p>\n","protected":false},"author":1,"featured_media":11674,"comment_status":"open","ping_status":"closed","sticky":false,"template":"","format":"standard","meta":{"content-type":"","_lmt_disableupdate":"","_lmt_disable":"","_jetpack_memberships_contains_paid_content":false,"footnotes":"","jetpack_publicize_message":"","jetpack_publicize_feature_enabled":true,"jetpack_social_post_already_shared":true,"jetpack_social_options":{"image_generator_settings":{"template":"highway","default_image_id":0,"font":"","enabled":false},"version":2}},"categories":[57,69,92],"tags":[],"class_list":["post-11673","post","type-post","status-publish","format-standard","has-post-thumbnail","hentry","category-international","category-le-republicain-mali","category-slider"],"jetpack_publicize_connections":[],"featured_image_urls":{"full":"","thumbnail":"","medium":"","medium_large":"","large":"","1536x1536":"","2048x2048":"","penci-recipe-1200x1200":"","penci-recipe-1200x900":"","penci-recipe-1200x675":"","penci-single-full":"","penci-slider-full-thumb":"","penci-full-thumb":"","penci-slider-thumb":"","penci-magazine-slider":"","penci-thumb":"","penci-masonry-thumb":"","penci-thumb-square":"","penci-thumb-vertical":"","penci-thumb-small":""},"author_info":{"display_name":"Nandi","author_link":"https:\/\/nandi.info\/?author=1"},"category_info":"<a href=\"https:\/\/nandi.info\/?cat=57\" rel=\"category\">International<\/a> <a href=\"https:\/\/nandi.info\/?cat=69\" rel=\"category\">Le R\u00e9publicain Mali<\/a> <a href=\"https:\/\/nandi.info\/?cat=92\" rel=\"category\">Slider<\/a>","tag_info":"Slider","comment_count":"0","jetpack_featured_media_url":"","jetpack_sharing_enabled":true,"_links":{"self":[{"href":"https:\/\/nandi.info\/index.php?rest_route=\/wp\/v2\/posts\/11673","targetHints":{"allow":["GET"]}}],"collection":[{"href":"https:\/\/nandi.info\/index.php?rest_route=\/wp\/v2\/posts"}],"about":[{"href":"https:\/\/nandi.info\/index.php?rest_route=\/wp\/v2\/types\/post"}],"author":[{"embeddable":true,"href":"https:\/\/nandi.info\/index.php?rest_route=\/wp\/v2\/users\/1"}],"replies":[{"embeddable":true,"href":"https:\/\/nandi.info\/index.php?rest_route=%2Fwp%2Fv2%2Fcomments&post=11673"}],"version-history":[{"count":0,"href":"https:\/\/nandi.info\/index.php?rest_route=\/wp\/v2\/posts\/11673\/revisions"}],"wp:featuredmedia":[{"embeddable":true,"href":"https:\/\/nandi.info\/index.php?rest_route=\/"}],"wp:attachment":[{"href":"https:\/\/nandi.info\/index.php?rest_route=%2Fwp%2Fv2%2Fmedia&parent=11673"}],"wp:term":[{"taxonomy":"category","embeddable":true,"href":"https:\/\/nandi.info\/index.php?rest_route=%2Fwp%2Fv2%2Fcategories&post=11673"},{"taxonomy":"post_tag","embeddable":true,"href":"https:\/\/nandi.info\/index.php?rest_route=%2Fwp%2Fv2%2Ftags&post=11673"}],"curies":[{"name":"wp","href":"https:\/\/api.w.org\/{rel}","templated":true}]}}