{"id":11542,"date":"2023-01-31T11:21:37","date_gmt":"2023-01-31T10:21:37","guid":{"rendered":"https:\/\/nandi.info\/?p=11542"},"modified":"2023-01-31T11:21:37","modified_gmt":"2023-01-31T10:21:37","slug":"souleymane-dembele-directeur-de-la-dirpa-larmee-malienne-sequipe-et-se-renforce-uniquement-contre-les-groupes-terroristes","status":"publish","type":"post","link":"https:\/\/nandi.info\/?p=11542","title":{"rendered":"Souleymane Demb\u00e9l\u00e9, directeur de la DIRPA : l\u2019arm\u00e9e malienne s\u2019\u00e9quipe et se renforce uniquement contre les groupes terroristes"},"content":{"rendered":"\n<p class=\"has-drop-cap\">Dans sa tradition d\u2019\u00e9difier la presse, et par ricochet la population sur l\u2018\u00e9tat des op\u00e9rations contre le terrorisme, la direction de l\u2019Information et des Relations Publiques des Arm\u00e9es (DIRPA) a tenu une conf\u00e9rence de presse \u00e0 son si\u00e8ge hier, 30 janvier 2023. Tout en donnant le bilan des op\u00e9rations FAMA durant le mois de d\u00e9cembre \u00e0 janvier 2023, le Directeur de la DIRPA, le Col. Souleymane Demb\u00e9l\u00e9 s\u2019est port\u00e9 en faux contre certaines interpr\u00e9tations par rapport \u00e0 la course actuelle aux armements des hautes autorit\u00e9s de la transition. A ses dires, ces achats d\u2019\u00e9quipements militaires actuels ne cachent aucun autre agenda si ce n\u2019est de combattre les terroristes et faire face l\u2019extr\u00e9misme violent.<\/p>\n\n\n\n<p>Le patron de la Direction de l\u2019Information et des Relations Publiques des Arm\u00e9es, le Col. Souleymane Demb\u00e9l\u00e9 \u00e9tait face \u00e0 la presse, hier lundi 30 janvier 2023, pour r\u00e9pondre aux questions relatives \u00e0 l\u2019actualit\u00e9 concernant les Forces Arm\u00e9es de d\u00e9fense et de s\u00e9curit\u00e9 y compris les op\u00e9rations sur le th\u00e9\u00e2tre des op\u00e9rations. En effet, il a pr\u00e9sent\u00e9 le bilan des op\u00e9rations militaires durant les deux mois. 62 missions offensives effectu\u00e9es au total, soit respectivement 22 op\u00e9rations a\u00e9roport\u00e9es, 20 missions de reconnaissances offensives, 17 missions de frappes a\u00e9riennes dont 03 avec les drones TB2, et 03 op\u00e9rations de frappes d\u2019artillerie (Grad-2M). Selon un communiqu\u00e9 publi\u00e9 la semaine derni\u00e8re, ces op\u00e9ration men\u00e9es respectivement dans les localit\u00e9s de Sar\u00e9-lb\u00e9, Borre (Koro), Kara (Macina), Balaguina, Simi-kanda (Bandiagara), Nadani (Niono), Sossob\u00e9 (Tenenkou), Ganguel (Tenenkou), Sinzana (Niono), Singo, les localit\u00e9s de Douentza, Boni, boucle du Baoul\u00e9 (Kita), Mourdiah (Nara), Korondoli (Sofara), secteur de Djenn\u00e9, S\u00e9gou, Bandiagara, Konna, Douentza, Boni, Ansongo, M\u00e9naka entre autres ont fait un bilan de 65 terroristes neutralis\u00e9s, 42 autres interpell\u00e9s, 22 bases logistiques, 05 v\u00e9hicules, 34 motos d\u00e9truits, 77 Sacs de 100 Kg de riz et 820 t\u00eates d\u2019animaux r\u00e9cup\u00e9r\u00e9es et remises aux autorit\u00e9s locales au profit de la population.<\/p>\n\n\n\n<p>Aussi souligne le Col. Souleymane Demb\u00e9l\u00e9 que \u00ab ces op\u00e9rations ont maintenu la pression sur les Groupes Arm\u00e9s Terroristes (GAT) permettant ainsi les c\u00e9l\u00e9brations des festivit\u00e9s de fin d\u2019ann\u00e9e 2023 et du 20 janvier 2023 sans incidents majeurs malgr\u00e9 les menaces \u00bb. En outre, il faut signaler la perte de 14 \u00e9l\u00e9ments amis ainsi 11 autres bless\u00e9s.<\/p>\n\n\n\n<p>Sur d\u2019autres questions relatives \u00e0 l\u2019actualit\u00e9 des Forces Arm\u00e9es de d\u00e9fense et de s\u00e9curit\u00e9, la DIRPA s\u2019est r\u00e9joui de l\u2019acquisition de nouveaux mat\u00e9riels militaires essentiellement de vecteurs a\u00e9riens dont les cl\u00e9s ont \u00e9t\u00e9 remis au chef d\u2019\u00e9tat-major g\u00e9n\u00e9ral des arm\u00e9es par le chef de l\u2019\u00e9tat, le Col. Assimi Go\u00efta, la veille de la f\u00eate du 62<sup>e<\/sup>&nbsp;anniversaire de la cr\u00e9ation de l\u2019arm\u00e9e malienne.<\/p>\n\n\n\n<p>Compos\u00e9s essentiellement des avions de chasse de type \u201cSukhol-25\u201d, d\u2019attaque, d\u2019entrainement avanc\u00e9 de type \u201cAlbatros L-39\u201d et d\u2019h\u00e9licopt\u00e8res de man\u0153uvre de type \u201cMi-8\u201d de derni\u00e8re g\u00e9n\u00e9ration ces nouveaux a\u00e9ronefs viennent s\u2019ajouter \u00e0 plusieurs lots acquisitions de mat\u00e9riels de guerre par les forces arm\u00e9es maliennes depuis le d\u00e9but de la rectification de la transition.<\/p>\n\n\n\n<p>Surpris de cette mont\u00e9e spectaculaire de l\u2019arm\u00e9e malienne, \u00e0 travers l\u2019\u00e9quipement, le recrutement et la formation des hommes, les adversaires n\u2019ont eu d\u2019autres choix que de v\u00e9hiculer des all\u00e9gations tendant \u00e0 casser cette dynamique de restructuration d\u2019une arm\u00e9e qui, en un si peu de temps, \u00e9tait consid\u00e9r\u00e9e incapable sur tous les plans.<\/p>\n\n\n\n<p>C\u2019est pourquoi, lors de cette conf\u00e9rence de presse, le Col. Souleymane Demb\u00e9l\u00e9, tout en se portant faux contre une volont\u00e9 de reconqu\u00eate sous le contr\u00f4le des groupes arm\u00e9s signaleurs, a invit\u00e9 l\u2019ensemble des acteurs engag\u00e9s pour la paix et la r\u00e9conciliation, \u00e0 ne pas se laisser instrumentaliser par ceux qui ont d\u2019autres agendas qui ne servent pas le Mali. \u00ab&nbsp;Ces achats d\u2019\u00e9quipements militaires actuels ne cachent aucun autre agenda si ce n\u2019est de combattre les terroristes et faire face l\u2019extr\u00e9misme violent&nbsp;\u00bb, a-t-il indiqu\u00e9 avant de r\u00e9affirmer encore une fois que les FAMa demeureront impitoyables face \u00e0 toute action de violence contre populations civiles.<\/p>\n\n\n\n<p>Il estime que estime les all\u00e9gations d\u2019exactions de l\u2019arm\u00e9e contre certaines communaut\u00e9s sp\u00e9cifiques entrent \u00e9galement dans ce cadre de saper le moral des troupes. En outre il a rassur\u00e9 que l\u2019arm\u00e9e malienne reste respectueux des principes des droits de l\u2019homme et du droit international humanitaire.<\/p>\n\n\n\n<p><strong>Issa Djiguiba<\/strong><\/p>\n\n\n\n<p><strong>Le Pays<\/strong><\/p>\n","protected":false},"excerpt":{"rendered":"<p>Dans sa tradition d\u2019\u00e9difier la presse, et par ricochet la population sur l\u2018\u00e9tat des op\u00e9rations contre le terrorisme, la direction de l\u2019Information et des Relations Publiques des Arm\u00e9es (DIRPA) a&hellip;<\/p>\n","protected":false},"author":1,"featured_media":11543,"comment_status":"open","ping_status":"closed","sticky":false,"template":"","format":"standard","meta":{"content-type":"","_lmt_disableupdate":"","_lmt_disable":"","_jetpack_memberships_contains_paid_content":false,"footnotes":"","jetpack_publicize_message":"","jetpack_publicize_feature_enabled":true,"jetpack_social_post_already_shared":true,"jetpack_social_options":{"image_generator_settings":{"template":"highway","default_image_id":0,"font":"","enabled":false},"version":2}},"categories":[65,71,21],"tags":[],"class_list":["post-11542","post","type-post","status-publish","format-standard","has-post-thumbnail","hentry","category-armee","category-le-pays","category-societe"],"jetpack_publicize_connections":[],"featured_image_urls":{"full":"","thumbnail":"","medium":"","medium_large":"","large":"","1536x1536":"","2048x2048":"","penci-recipe-1200x1200":"","penci-recipe-1200x900":"","penci-recipe-1200x675":"","penci-single-full":"","penci-slider-full-thumb":"","penci-full-thumb":"","penci-slider-thumb":"","penci-magazine-slider":"","penci-thumb":"","penci-masonry-thumb":"","penci-thumb-square":"","penci-thumb-vertical":"","penci-thumb-small":""},"author_info":{"display_name":"Nandi","author_link":"https:\/\/nandi.info\/?author=1"},"category_info":"<a href=\"https:\/\/nandi.info\/?cat=65\" rel=\"category\">Arm\u00e9e<\/a> <a href=\"https:\/\/nandi.info\/?cat=71\" rel=\"category\">Le Pays<\/a> <a href=\"https:\/\/nandi.info\/?cat=21\" rel=\"category\">Soci\u00e9t\u00e9<\/a>","tag_info":"Soci\u00e9t\u00e9","comment_count":"0","jetpack_featured_media_url":"","jetpack_sharing_enabled":true,"_links":{"self":[{"href":"https:\/\/nandi.info\/index.php?rest_route=\/wp\/v2\/posts\/11542","targetHints":{"allow":["GET"]}}],"collection":[{"href":"https:\/\/nandi.info\/index.php?rest_route=\/wp\/v2\/posts"}],"about":[{"href":"https:\/\/nandi.info\/index.php?rest_route=\/wp\/v2\/types\/post"}],"author":[{"embeddable":true,"href":"https:\/\/nandi.info\/index.php?rest_route=\/wp\/v2\/users\/1"}],"replies":[{"embeddable":true,"href":"https:\/\/nandi.info\/index.php?rest_route=%2Fwp%2Fv2%2Fcomments&post=11542"}],"version-history":[{"count":0,"href":"https:\/\/nandi.info\/index.php?rest_route=\/wp\/v2\/posts\/11542\/revisions"}],"wp:featuredmedia":[{"embeddable":true,"href":"https:\/\/nandi.info\/index.php?rest_route=\/"}],"wp:attachment":[{"href":"https:\/\/nandi.info\/index.php?rest_route=%2Fwp%2Fv2%2Fmedia&parent=11542"}],"wp:term":[{"taxonomy":"category","embeddable":true,"href":"https:\/\/nandi.info\/index.php?rest_route=%2Fwp%2Fv2%2Fcategories&post=11542"},{"taxonomy":"post_tag","embeddable":true,"href":"https:\/\/nandi.info\/index.php?rest_route=%2Fwp%2Fv2%2Ftags&post=11542"}],"curies":[{"name":"wp","href":"https:\/\/api.w.org\/{rel}","templated":true}]}}