{"id":11539,"date":"2023-01-30T15:44:35","date_gmt":"2023-01-30T14:44:35","guid":{"rendered":"https:\/\/nandi.info\/?p=11539"},"modified":"2023-01-30T15:44:35","modified_gmt":"2023-01-30T14:44:35","slug":"editorial-la-valorisation-de-la-puissance-culturelle-du-mali-en-marche","status":"publish","type":"post","link":"https:\/\/nandi.info\/?p=11539","title":{"rendered":"Editorial : La valorisation de la puissance culturelle du Mali en marche"},"content":{"rendered":"\n<p><strong><em>En d\u00e9cidant&nbsp; de \u00ab&nbsp;Faire de la culture un outil d\u2019influence au service de l\u2019action ext\u00e9rieure du Mali&nbsp;\u00bb, les autorit\u00e9s de la Transition, \u00e0 travers le Minist\u00e8re des Affaires \u00e9trang\u00e8res et de la Coop\u00e9ration Internationale, s\u2019engagent \u00e0 r\u00e9unir toutes les conditions pour que la culture malienne d\u00e9ploie son immense potentiel dans le d\u00e9veloppement socio-\u00e9conomique du pays.<\/em><\/strong><\/p>\n\n\n\n<p class=\"has-drop-cap\">En plus d\u2019\u00eatre depuis bient\u00f4t 20 ans, la capitale de la culture malienne, gr\u00e2ce \u00e0 l\u2019effort de structuration de la Fondation du Festival sur le Niger et son \u00e9cosyst\u00e8me, S\u00e9gou, la capitale des 4444 balazans, a \u00e9t\u00e9 le 21 janvier 2023, la capitale de la diplomatie malienne, \u00e0 la faveur de la 1<sup>\u00e8re<\/sup>&nbsp;\u00e9dition de la Rentr\u00e9e diplomatique, organis\u00e9e par le Minist\u00e8re des Affaires Etrang\u00e8res et de la Coop\u00e9ration Internationale, en collaboration avec le Minist\u00e8re de l\u2019Artisanat, de la Culture, de l\u2019Industrie H\u00f4teli\u00e8re et du Tourisme.<\/p>\n\n\n\n<p>Pour cette premi\u00e8re \u00e9dition de la Rentr\u00e9e&nbsp; Diplomatique, Abdoulaye Diop, Ministre des Affaires \u00e9trang\u00e8res et de la Coop\u00e9ration Internationale, soutenu par le Colonel Assimi Go\u00efta, Pr\u00e9sident de la Transition et Chef de l\u2019Etat, a d\u00e9cid\u00e9 de sortir des sentiers battus. Il a regroup\u00e9 \u00e0 S\u00e9gou, capitale du Royaume historique Bambara, les Cadres des Affaires \u00e9trang\u00e8res, les Ambassadeurs accr\u00e9dit\u00e9s au Mali, les repr\u00e9sentations consulaires et les organismes onusiens, pour la bonne cause&nbsp;: C\u00e9l\u00e9brer le mariage entre la Culture et la Diplomatie maliennes, devant t\u00e9moins (\u2026) et&nbsp; dans un temple culturel de r\u00e9f\u00e9rence (Centre culturel K\u00f4r\u00e8 de S\u00e9gou).<\/p>\n\n\n\n<p>Il n\u2019est jamais tard pour bien faire. Et, dans le contexte de la refondation de l\u2019Etat du Mali, les plus hautes autorit\u00e9s maliennes ont enfin d\u00e9cid\u00e9 de prendre le taureau par les cornes. Elles se sont d\u00e9cid\u00e9es \u00e0 mettre \u00e0 contribution la culture, secteur o\u00f9 le Mali, depuis des temps imm\u00e9moriaux, gr\u00e2ce au g\u00e9nie des hommes et des femmes qui s\u2019y sont succ\u00e9d\u00e9s,&nbsp; a su engranger un v\u00e9ritable avantage comparatif, salu\u00e9 de par le monde, mais extr\u00eamement m\u00e9connu par les maliens eux-m\u00eames.<\/p>\n\n\n\n<p>\u00ab&nbsp;Faire de la culture un outil d\u2019influence au service de l\u2019action ext\u00e9rieure du Mali&nbsp;\u00bb, est le d\u00e9fi qu\u2019Abdoulaye Diop, Ministre des Affaires Etrang\u00e8res et de la Coop\u00e9ration Internationale, aid\u00e9 en cela par le Colonel Assimi Go\u00efta, Pr\u00e9sident de la Transition, vient de se fixer.&nbsp; Si cette initiative venait \u00e0 \u00eatre concr\u00e9tiser, il n\u2019y a aucun doute, le Mali aura enfin d\u00e9cid\u00e9 de ramener la charrue derri\u00e8re les b\u0153ufs, comme l\u2019avait fait les p\u00e8res de l\u2019Ind\u00e9pendance. Vouloir d\u00e9velopper un pays comme le Mali sans valoriser sa culture, c\u2019est&nbsp; faire comme un paysan qui va prendre la grave d\u00e9cision pendant l\u2019hivernage de mettre sa charrue avant les b\u0153ufs.&nbsp; Vous convenez avec nous que la traction sera impossible.<\/p>\n\n\n\n<p>En d\u00e9cidant de sceller un mariage entre la Culture et la Diplomatie maliennes pour aller \u00e0 la conqu\u00eate du monde, les autorit\u00e9s maliennes ne veulent plus y aller les mains vides ou pas suffisamment pleines. Elles veulent d\u00e9sormais&nbsp; arriver \u00e0 ce rendez-vous du donner et du recevoir avec des gibeci\u00e8res pleines de propositions et de contre-propositions \u00e0 hauteur de souhait.<\/p>\n\n\n\n<p>Et, pour \u00eatre en conformit\u00e9 avec sa d\u00e9marche, le fait d\u2019organiser la premi\u00e8re rentr\u00e9e diplomatique \u00e0 S\u00e9gou et au Centre K\u00f4r\u00e8 de S\u00e9gou n\u2019est pas un choix fortuit.&nbsp; Fruit des diff\u00e9rentes \u00e9ditions du Festival Sur le Niger, devenu S\u00e9gou \u2019Art\/Festival sur le Niger, gr\u00e2ce \u00e0 l\u2019ing\u00e9niosit\u00e9 de la Fondation du Festival sur le Niger, forme achev\u00e9e d\u2019une industrie culturelle et cr\u00e9ative au Mali, dirig\u00e9e de main de ma\u00eetre par Mamou Daff\u00e9, s\u2019imposait naturellement.&nbsp; Et, malgr\u00e9 les 240 kms qui s\u00e9parent Bamako de S\u00e9gou,&nbsp; Abdoulaye Diop et ses invit\u00e9s ont appr\u00e9ci\u00e9 le rendez-vous entre l\u2019ing\u00e9niosit\u00e9, le talent et la passion qui a donn\u00e9 naissance au Centre Culturel de S\u00e9gou, ce temple de la promotion de la culture au Mali. \u00ab&nbsp;Ce magnifique Centre Culturel est la mat\u00e9rialisation de tout ce qu\u2019on peut r\u00e9ussir avec notre culture&nbsp;\u00bb, nous a indiqu\u00e9 satisfait un diplomate africain en poste \u00e0 Bamako.<\/p>\n\n\n\n<p>Et, c\u2019est dans ce temple d\u00e9di\u00e9 \u00e0 la culture,&nbsp; une fiert\u00e9 malienne, que Abdoulaye Diop, Ministre des Affaires \u00e9trang\u00e8res et de la Coop\u00e9ration Internationale, a regroup\u00e9&nbsp; le monde diplomatique&nbsp; au Mali, \u00e0 240 kms de Bamako, pour jeter les bases de la Diplomatie culturelle malienne en construction.<\/p>\n\n\n\n<p><strong>Assane Kon\u00e9<\/strong><\/p>\n\n\n\n<p><\/p>\n","protected":false},"excerpt":{"rendered":"<p>En d\u00e9cidant&nbsp; de \u00ab&nbsp;Faire de la culture un outil d\u2019influence au service de l\u2019action ext\u00e9rieure du Mali&nbsp;\u00bb, les autorit\u00e9s de la Transition, \u00e0 travers le Minist\u00e8re des Affaires \u00e9trang\u00e8res et&hellip;<\/p>\n","protected":false},"author":1,"featured_media":0,"comment_status":"open","ping_status":"closed","sticky":false,"template":"","format":"standard","meta":{"content-type":"","_lmt_disableupdate":"","_lmt_disable":"","_jetpack_memberships_contains_paid_content":false,"footnotes":"","jetpack_publicize_message":"","jetpack_publicize_feature_enabled":true,"jetpack_social_post_already_shared":true,"jetpack_social_options":{"image_generator_settings":{"template":"highway","default_image_id":0,"font":"","enabled":false},"version":2}},"categories":[61,34],"tags":[],"class_list":["post-11539","post","type-post","status-publish","format-standard","hentry","category-arc-en-ciel","category-editorial"],"jetpack_publicize_connections":[],"featured_image_urls":{"full":"","thumbnail":"","medium":"","medium_large":"","large":"","1536x1536":"","2048x2048":"","penci-recipe-1200x1200":"","penci-recipe-1200x900":"","penci-recipe-1200x675":"","penci-single-full":"","penci-slider-full-thumb":"","penci-full-thumb":"","penci-slider-thumb":"","penci-magazine-slider":"","penci-thumb":"","penci-masonry-thumb":"","penci-thumb-square":"","penci-thumb-vertical":"","penci-thumb-small":""},"author_info":{"display_name":"Nandi","author_link":"https:\/\/nandi.info\/?author=1"},"category_info":"<a href=\"https:\/\/nandi.info\/?cat=61\" rel=\"category\">Arc en Ciel<\/a> <a href=\"https:\/\/nandi.info\/?cat=34\" rel=\"category\">Editorial<\/a>","tag_info":"Editorial","comment_count":"0","jetpack_featured_media_url":"","jetpack_sharing_enabled":true,"_links":{"self":[{"href":"https:\/\/nandi.info\/index.php?rest_route=\/wp\/v2\/posts\/11539","targetHints":{"allow":["GET"]}}],"collection":[{"href":"https:\/\/nandi.info\/index.php?rest_route=\/wp\/v2\/posts"}],"about":[{"href":"https:\/\/nandi.info\/index.php?rest_route=\/wp\/v2\/types\/post"}],"author":[{"embeddable":true,"href":"https:\/\/nandi.info\/index.php?rest_route=\/wp\/v2\/users\/1"}],"replies":[{"embeddable":true,"href":"https:\/\/nandi.info\/index.php?rest_route=%2Fwp%2Fv2%2Fcomments&post=11539"}],"version-history":[{"count":0,"href":"https:\/\/nandi.info\/index.php?rest_route=\/wp\/v2\/posts\/11539\/revisions"}],"wp:attachment":[{"href":"https:\/\/nandi.info\/index.php?rest_route=%2Fwp%2Fv2%2Fmedia&parent=11539"}],"wp:term":[{"taxonomy":"category","embeddable":true,"href":"https:\/\/nandi.info\/index.php?rest_route=%2Fwp%2Fv2%2Fcategories&post=11539"},{"taxonomy":"post_tag","embeddable":true,"href":"https:\/\/nandi.info\/index.php?rest_route=%2Fwp%2Fv2%2Ftags&post=11539"}],"curies":[{"name":"wp","href":"https:\/\/api.w.org\/{rel}","templated":true}]}}