{"id":11534,"date":"2023-01-30T15:27:32","date_gmt":"2023-01-30T14:27:32","guid":{"rendered":"https:\/\/nandi.info\/?p=11534"},"modified":"2023-01-30T15:27:32","modified_gmt":"2023-01-30T14:27:32","slug":"1ere-session-de-la-rentree-diplomatique-a-segou-les-bons-points-du-ministre-abdoulaye-diop","status":"publish","type":"post","link":"https:\/\/nandi.info\/?p=11534","title":{"rendered":"1ere session de la rentr\u00e9e diplomatique \u00e0 S\u00e9gou : Les bons points du ministre Abdoulaye Diop"},"content":{"rendered":"\n<p><strong><em>Le ministre des Affaires Etrang\u00e8res et de la Coop\u00e9ration internationale du Mali, Abdoulaye Diop a r\u00e9ussit un coup de ma\u00eetre en organisant la premi\u00e8re session de la Rentr\u00e9e diplomatique.<\/em><\/strong><\/p>\n\n\n\n<p class=\"has-drop-cap\">Longtemps, l\u2019\u00e9ducation et la formation occidentale passaient par la strat\u00e9gie de la table race et nous a inculqu\u00e9 l\u2019histoire des autres tout en nous faisant oublier la n\u00f4tre ou \u00e0 nous y montrer que les aspects n\u00e9gatifs nous faisant ha\u00efr notre pass\u00e9, notre histoire, notre culture. L\u2019Ambassadeur Amadou Hampat\u00e9 Ba ne disait-il pas que \u00ab la beaut\u00e9 du tapis r\u00e9side dans la diversit\u00e9 de ses couleurs \u00bb.<\/p>\n\n\n\n<p>Conscient que le \u00ab&nbsp;Salut&nbsp;\u00bb du Mali passe par son appropriation de sa culture, le ministre des Affaires Etrang\u00e8res, M. Diop veut changer cette donne en insufflant une nouvelle \u00e2me \u00e0 travers la diplomatie culturelle qui, il faut le dire, a pris un sacr\u00e9 coup avec la crise multidimensionnelle.<\/p>\n\n\n\n<p>Pour le ministre des Affaires Etrang\u00e8res, avec le riche potentiel culturel, le Mali veut dor\u00e9navant prendre toute sa place dans le concert des nations et \u00eatre pr\u00e9sent au &nbsp;rendez-vous du donner et du recevoir o\u00f9 seuls ceux qui connaissent et vivent leurs civilisations r\u00e9ussissent.<\/p>\n\n\n\n<p>La Rentr\u00e9e diplomatique tenue \u00e0 S\u00e9gou sous le prisme de la diplomatie culturelle, autour du th\u00e8me&nbsp;: \u00ab Faire de la culture un outil d\u2019influence au service de l\u2019action ext\u00e9rieure du Mali&nbsp;\u00bb, n\u2019ouvre-t-elle pas ainsi les portes d\u2019une s\u00e9duction qui va permettre au pays de l\u00e9gitimer sa domination, sa propre vision du monde&nbsp;?<\/p>\n\n\n\n<p>Ce faisant, le Mali a voulu cette Rentr\u00e9e diplomatique, pour dit-il \u00ab&nbsp;renforcer le cadre d\u2019\u00e9changes avec ses partenaires et ouvrir un nouveau canal d\u2019interaction&nbsp;\u00bb.<\/p>\n\n\n\n<p>Pour le chef de la diplomatie malienne, il s\u2019agit pour l\u2019outil diplomatique du Mali de mettre en \u0153uvre la vision du Chef de l\u2019Etat, particuli\u00e8rement dans sa dimension relative \u00e0 l\u2019encadrement des partenariats nou\u00e9s par notre pays, et d\u00e9sormais ax\u00e9s sur les priorit\u00e9s nationales et le respect des trois principes cl\u00e9s qui guident l\u2019action publique au Mali et notre relation avec le monde ext\u00e9rieur \u00e0 savoir, le respect de la souverainet\u00e9 du Mali.<\/p>\n\n\n\n<p>Pour de nombreux Maliens, c\u2019est le r\u00e9veil a sonn\u00e9 et M. Diop veut concr\u00e9tiser le dicton selon lequel en politique \u00e9trang\u00e8re, le succ\u00e8s des actions men\u00e9es par un pays d\u00e9pend en partie de sa capacit\u00e9 \u00e0 persuader des alli\u00e9s de le suivre.<\/p>\n\n\n\n<p><strong>H.B.T.<\/strong><\/p>\n","protected":false},"excerpt":{"rendered":"<p>Le ministre des Affaires Etrang\u00e8res et de la Coop\u00e9ration internationale du Mali, Abdoulaye Diop a r\u00e9ussit un coup de ma\u00eetre en organisant la premi\u00e8re session de la Rentr\u00e9e diplomatique. Longtemps,&hellip;<\/p>\n","protected":false},"author":1,"featured_media":9428,"comment_status":"open","ping_status":"closed","sticky":false,"template":"","format":"standard","meta":{"content-type":"","_lmt_disableupdate":"","_lmt_disable":"","_jetpack_memberships_contains_paid_content":false,"footnotes":"","jetpack_publicize_message":"","jetpack_publicize_feature_enabled":true,"jetpack_social_post_already_shared":true,"jetpack_social_options":{"image_generator_settings":{"template":"highway","default_image_id":0,"font":"","enabled":false},"version":2}},"categories":[61,21],"tags":[],"class_list":["post-11534","post","type-post","status-publish","format-standard","has-post-thumbnail","hentry","category-arc-en-ciel","category-societe"],"jetpack_publicize_connections":[],"featured_image_urls":{"full":"","thumbnail":"","medium":"","medium_large":"","large":"","1536x1536":"","2048x2048":"","penci-recipe-1200x1200":"","penci-recipe-1200x900":"","penci-recipe-1200x675":"","penci-single-full":"","penci-slider-full-thumb":"","penci-full-thumb":"","penci-slider-thumb":"","penci-magazine-slider":"","penci-thumb":"","penci-masonry-thumb":"","penci-thumb-square":"","penci-thumb-vertical":"","penci-thumb-small":""},"author_info":{"display_name":"Nandi","author_link":"https:\/\/nandi.info\/?author=1"},"category_info":"<a href=\"https:\/\/nandi.info\/?cat=61\" rel=\"category\">Arc en Ciel<\/a> <a href=\"https:\/\/nandi.info\/?cat=21\" rel=\"category\">Soci\u00e9t\u00e9<\/a>","tag_info":"Soci\u00e9t\u00e9","comment_count":"0","jetpack_featured_media_url":"","jetpack_sharing_enabled":true,"_links":{"self":[{"href":"https:\/\/nandi.info\/index.php?rest_route=\/wp\/v2\/posts\/11534","targetHints":{"allow":["GET"]}}],"collection":[{"href":"https:\/\/nandi.info\/index.php?rest_route=\/wp\/v2\/posts"}],"about":[{"href":"https:\/\/nandi.info\/index.php?rest_route=\/wp\/v2\/types\/post"}],"author":[{"embeddable":true,"href":"https:\/\/nandi.info\/index.php?rest_route=\/wp\/v2\/users\/1"}],"replies":[{"embeddable":true,"href":"https:\/\/nandi.info\/index.php?rest_route=%2Fwp%2Fv2%2Fcomments&post=11534"}],"version-history":[{"count":0,"href":"https:\/\/nandi.info\/index.php?rest_route=\/wp\/v2\/posts\/11534\/revisions"}],"wp:featuredmedia":[{"embeddable":true,"href":"https:\/\/nandi.info\/index.php?rest_route=\/"}],"wp:attachment":[{"href":"https:\/\/nandi.info\/index.php?rest_route=%2Fwp%2Fv2%2Fmedia&parent=11534"}],"wp:term":[{"taxonomy":"category","embeddable":true,"href":"https:\/\/nandi.info\/index.php?rest_route=%2Fwp%2Fv2%2Fcategories&post=11534"},{"taxonomy":"post_tag","embeddable":true,"href":"https:\/\/nandi.info\/index.php?rest_route=%2Fwp%2Fv2%2Ftags&post=11534"}],"curies":[{"name":"wp","href":"https:\/\/api.w.org\/{rel}","templated":true}]}}