{"id":11491,"date":"2023-01-30T11:55:24","date_gmt":"2023-01-30T10:55:24","guid":{"rendered":"https:\/\/nandi.info\/?p=11491"},"modified":"2023-01-30T11:55:24","modified_gmt":"2023-01-30T10:55:24","slug":"le-chronogramme-electoral-tombe-quasiment-dans-la-caducite","status":"publish","type":"post","link":"https:\/\/nandi.info\/?p=11491","title":{"rendered":"<strong>Le &nbsp;chronogramme \u00e9lectoral tombe quasiment dans la caducit\u00e9&nbsp;<\/strong>"},"content":{"rendered":"\n<p><strong>Quelles sont les cons\u00e9quences d\u2019une probable prolongation de la transition&nbsp;<\/strong><strong>?<\/strong><\/p>\n\n\n\n<p><strong><em>Lentement, mais surement l\u2019on s\u2019achemine vers une prolongation du d\u00e9lai de la transition ou du moins vers l\u2019adoption d\u2019un nouveau chronogramme. Celui &nbsp;qui est en vigueur \u00e9tant d\u00e9sormais d\u00e9suet, il est d\u00e9sormais impossible de tenir le referendum. Pour preuve les d\u00e9membrements de l\u2019Autorit\u00e9 Ind\u00e9pendante de Gestion des Elections, AIGE qui aurait d\u00fb \u00eatre termin\u00e9 six mois avant les scrutins, ne sont pas mis en place, l\u2019avant-projet de la nouvelle Constitution n\u2019est toujours pas devenu un projet avant d\u2019\u00eatre soumis au peuple par un referendum qui serait organis\u00e9 au mois de mars, l\u2019ins\u00e9curit\u00e9 galope et l\u2019argent le nerf de la guerre se fait rare. Au regard de ce qui pr\u00e9c\u00e8de on pourrait affirmer sans risque de se tromper que &nbsp;tous les ingr\u00e9dients sont r\u00e9unis pour la non- tenue des \u00e9lections au Mali d\u2019ici f\u00e9vrier 2024. Dans ce cas de figure quelles pourraient \u00eatre les cons\u00e9quences&nbsp;?<\/em><\/strong><\/p>\n\n\n\n<p class=\"has-drop-cap\">La tenue du referendum autour de la nouvelle Constitution &nbsp;est pr\u00e9vue pour le 19 mars 2023, selon le chronogramme \u00e9tabli par le gouvernement. Ce premier test \u00e9lectoral du Gouvernement Assimi Go\u00efta devrait \u00eatre pr\u00e9c\u00e9d\u00e9 par la r\u00e9union des conditions mat\u00e9rielles, financi\u00e8res, techniques et humaines pour la r\u00e9ussite du premier scrutin sous la transition. Mais jusque-l\u00e0 le progr\u00e8s constat\u00e9 est en de\u00e7\u00e0 de ce esp\u00e9r\u00e9, malgr\u00e9 la mise en place de la commission charg\u00e9e de peaufiner l\u2019avant-projet de la nouvelle constitution. &nbsp;Donc on tend vers un glissement pour ne pas dire une quasi impossibilit\u00e9 de tenir toutes &nbsp;les \u00e9lections d\u2019ici f\u00e9vrier 2024. En arrivant au mois de mars 2024 sans un nouveau pr\u00e9sident d\u00e9mocratiquement \u00e9lu, les autorit\u00e9s de la transition plongeraient le Mali dans une impasse et l\u2019\u00e9quation \u00e0 r\u00e9soudre serait \u00e0 mille inconnues que ni ce gouvernement incomp\u00e9tent, ni les soutiens factices, encore moins les partisans d\u2019une transition prolong\u00e9e ne pourraient r\u00e9soudre. Le Mali subirait du coup trois grandes cons\u00e9quences.<\/p>\n\n\n\n<p><strong><em>Les premi\u00e8res cons\u00e9quences seraient celles relatives aux sanctions de la communaut\u00e9 internationale y compris la CEDEAO<\/em><\/strong><\/p>\n\n\n\n<p>Apr\u00e8s s\u2019\u00eatre engag\u00e9 \u00e0 respecter un d\u00e9lai de 24 mois de transition, les autorit\u00e9s maliennes n\u2019auront aucune excuse en remettant en cause ce temps pour quelque raison que ce soit. Donc par cons\u00e9quent elles s\u2019exposent \u00e0 des nouvelles sanctions, qui peuvent \u00eatre le gel des avoirs du Mali, la fermeture des fronti\u00e8res a\u00e9riennes et terrestres, l\u2019interdiction de voyager pour les autorit\u00e9s de la transition. Ces mesures pourraient avoir comme cons\u00e9quences le rench\u00e9rissement des prix des denr\u00e9es de premi\u00e8re n\u00e9cessit\u00e9, l\u2019exacerbation de la crise sociale, l\u2019isolement diplomatique dans la sous-r\u00e9gion, et m\u00eame pour le reste du monde, la tension sociopolitique.<\/p>\n\n\n\n<p><strong><em>La deuxi\u00e8me cons\u00e9quence serait cons\u00e9cutive au jugement de l\u2019opinion nationale<\/em><\/strong><strong> &nbsp;&nbsp;&nbsp;&nbsp;&nbsp;&nbsp;&nbsp;&nbsp;&nbsp;&nbsp;&nbsp;&nbsp;&nbsp;&nbsp;<\/strong><\/p>\n\n\n\n<p>&nbsp;L\u2019opinion nationale ne comprendra pas une \u00e9ni\u00e8me prolongation de la transition,&nbsp; elle qui a pourtant soutenu sans ambages les autorit\u00e9s et avait fait sienne toutes les d\u00e9cisions prises par les gouvernants de la transition. Elle aurait du mal \u00e0 comprendre que les autorit\u00e9s ne respecteraient pas encore leurs engagements vis-\u00e0-vis de la communaut\u00e9 internationale et nationale, concernant le d\u00e9lai de la transition.&nbsp; Par cons\u00e9quent elle pourrait d\u00e9sob\u00e9ir, voir organiser la r\u00e9sistance pour demander le d\u00e9part sans d\u00e9lai des autorit\u00e9s pour incomp\u00e9tence notoire \u00e0 r\u00e9pondre aux attentes du peuple qui souffre le martyre \u00e0 cause de l\u2019inflation, de l\u2019isolement diplomatique et \u00e9conomique et surtout de mesures prises par la CEDEAO quin pourraient impacter n\u00e9gativement sur les populations.<\/p>\n\n\n\n<p><strong><em>La troisi\u00e8me cons\u00e9quence du non-respect du d\u00e9lai de la transition serait le conflit d\u2019int\u00e9r\u00eats&nbsp; entre les tenants actuels &nbsp;du pouvoir &nbsp;<\/em><\/strong><strong><\/strong><\/p>\n\n\n\n<p>Il n\u2019est nullement \u00e0 exclure que plus la transition dure et que plus les probl\u00e8mes se multiplient sans solution que les tenants actuels du pouvoir se jettent la responsabilit\u00e9 et s\u2019accusent mutuellement. Une telle situation pourrait engendrer une sorte de front comme nous l\u2019avions vu sous IBK, lequel front pourrait r\u00e9unir tous les blas\u00e9s de la R\u00e9publique. Donc l\u2019unit\u00e9 de fa\u00e7ade que l\u2019on voit au sommet de l\u2019Etat risque de voler en \u00e9clats pour laisser place \u00e0 une lutte fratricide surtout quand les int\u00e9r\u00eats sont menac\u00e9s, voire divergents. Le Mali ne serait pas \u00e0 l\u2019abri du sc\u00e9nario du 18 Ao\u00fbt 2020, car les m\u00eames causes pourraient produire les m\u00eames effets. Une insurrection populaire pourrait donner des id\u00e9es \u00e0 un autre groupe des militaires, la suite est \u00e0 deviner.<\/p>\n\n\n\n<p>En somme, les autorit\u00e9s de la transition ont tout \u00e0 gagner en respectant le d\u00e9lai imparti pour la fin de la transition. Elles pourront revoir le chronogramme en se limitant \u00e0 l\u2019organisation de deux \u00e9lections, la pr\u00e9sidentielle et les l\u00e9gislatives.<\/p>\n\n\n\n<p><strong>Youssouf Sissoko<\/strong><\/p>\n\n\n\n<p><strong>L&rsquo;Alternance<\/strong><\/p>\n","protected":false},"excerpt":{"rendered":"<p>Quelles sont les cons\u00e9quences d\u2019une probable prolongation de la transition&nbsp;? Lentement, mais surement l\u2019on s\u2019achemine vers une prolongation du d\u00e9lai de la transition ou du moins vers l\u2019adoption d\u2019un nouveau&hellip;<\/p>\n","protected":false},"author":1,"featured_media":11386,"comment_status":"open","ping_status":"closed","sticky":false,"template":"","format":"standard","meta":{"content-type":"","_lmt_disableupdate":"","_lmt_disable":"","_jetpack_memberships_contains_paid_content":false,"footnotes":"","jetpack_publicize_message":"","jetpack_publicize_feature_enabled":true,"jetpack_social_post_already_shared":true,"jetpack_social_options":{"image_generator_settings":{"template":"highway","default_image_id":0,"font":"","enabled":false},"version":2}},"categories":[89,68,23],"tags":[],"class_list":["post-11491","post","type-post","status-publish","format-standard","has-post-thumbnail","hentry","category-elections-ceni","category-lalternance","category-politique"],"jetpack_publicize_connections":[],"featured_image_urls":{"full":"","thumbnail":"","medium":"","medium_large":"","large":"","1536x1536":"","2048x2048":"","penci-recipe-1200x1200":"","penci-recipe-1200x900":"","penci-recipe-1200x675":"","penci-single-full":"","penci-slider-full-thumb":"","penci-full-thumb":"","penci-slider-thumb":"","penci-magazine-slider":"","penci-thumb":"","penci-masonry-thumb":"","penci-thumb-square":"","penci-thumb-vertical":"","penci-thumb-small":""},"author_info":{"display_name":"Nandi","author_link":"https:\/\/nandi.info\/?author=1"},"category_info":"<a href=\"https:\/\/nandi.info\/?cat=89\" rel=\"category\">Elections \/ CENI<\/a> <a href=\"https:\/\/nandi.info\/?cat=68\" rel=\"category\">L'alternance<\/a> <a href=\"https:\/\/nandi.info\/?cat=23\" rel=\"category\">Politique<\/a>","tag_info":"Politique","comment_count":"0","jetpack_featured_media_url":"","jetpack_sharing_enabled":true,"_links":{"self":[{"href":"https:\/\/nandi.info\/index.php?rest_route=\/wp\/v2\/posts\/11491","targetHints":{"allow":["GET"]}}],"collection":[{"href":"https:\/\/nandi.info\/index.php?rest_route=\/wp\/v2\/posts"}],"about":[{"href":"https:\/\/nandi.info\/index.php?rest_route=\/wp\/v2\/types\/post"}],"author":[{"embeddable":true,"href":"https:\/\/nandi.info\/index.php?rest_route=\/wp\/v2\/users\/1"}],"replies":[{"embeddable":true,"href":"https:\/\/nandi.info\/index.php?rest_route=%2Fwp%2Fv2%2Fcomments&post=11491"}],"version-history":[{"count":0,"href":"https:\/\/nandi.info\/index.php?rest_route=\/wp\/v2\/posts\/11491\/revisions"}],"wp:featuredmedia":[{"embeddable":true,"href":"https:\/\/nandi.info\/index.php?rest_route=\/"}],"wp:attachment":[{"href":"https:\/\/nandi.info\/index.php?rest_route=%2Fwp%2Fv2%2Fmedia&parent=11491"}],"wp:term":[{"taxonomy":"category","embeddable":true,"href":"https:\/\/nandi.info\/index.php?rest_route=%2Fwp%2Fv2%2Fcategories&post=11491"},{"taxonomy":"post_tag","embeddable":true,"href":"https:\/\/nandi.info\/index.php?rest_route=%2Fwp%2Fv2%2Ftags&post=11491"}],"curies":[{"name":"wp","href":"https:\/\/api.w.org\/{rel}","templated":true}]}}