{"id":11366,"date":"2023-01-23T10:48:00","date_gmt":"2023-01-23T09:48:00","guid":{"rendered":"https:\/\/nandi.info\/?p=11366"},"modified":"2023-01-23T10:48:00","modified_gmt":"2023-01-23T09:48:00","slug":"nouveaux-avions-et-helicopteres-de-combat-des-fama-les-autorites-de-la-transition-forcent-le-respect","status":"publish","type":"post","link":"https:\/\/nandi.info\/?p=11366","title":{"rendered":"<strong>Nouveaux avions et h\u00e9licopt\u00e8res de combat des FAMa&nbsp;: Les Autorit\u00e9s de la Transition forcent le respect&nbsp;!<\/strong>"},"content":{"rendered":"\n<p><strong><em>Accompagn\u00e9 du Premier Ministre, Dr Choguel Kokalla Ma\u00efga,&nbsp; du Ministre de la D\u00e9fense et des Anciens Combattants, Colonel Sadio Camara et d\u2019autres membres du Gouvernement, de l\u2019Ambassadeur de la Russie au Mali, Igor Gromyko, le Pr\u00e9sident de la Transition, le Colonel Assimi Go\u00efta a pr\u00e9sid\u00e9 la c\u00e9r\u00e9monie de r\u00e9ception des nouveaux armements des FAMa.&nbsp; C\u2019\u00e9tait dans la matin\u00e9e du jeudi \u00e0 l\u2019A\u00e9roport International Pr\u00e9sident Modibo Ke\u00efta de Bamako-Senou.<\/em><\/strong><\/p>\n\n\n\n<p class=\"has-drop-cap\">A la veille du&nbsp; 62<sup>\u00e8me<\/sup> anniversaire de l\u2019arm\u00e9e malienne, les Autorit\u00e9s de la Transition en sa t\u00eate, le Pr\u00e9sident de la Transition, le Colonel Assimi Go\u00efta ont dot\u00e9 l\u2019outil de d\u00e9fense du Mali de nouveaux \u00e9quipements militaires, des A\u00e9ronefs. Il s\u2019agit des Avions de chasse et d\u2019appui feu de type Souko\u00ef 25, des Avions d\u2019attaque et d\u2019entrainement avanc\u00e9 de type Albatros L39 et d\u2019H\u00e9licopt\u00e8res de man\u0153uvre MI8.<\/p>\n\n\n\n<p>Aux dires du G\u00e9n\u00e9ral de Brigade Alou Bo\u00ef Diarra, Chef d\u2019Etat-major de l\u2019Arm\u00e9e de l\u2019Air, ces A\u00e9ronefs tr\u00e8s efficaces&nbsp; sont reconnus pour leur robustesse, adapt\u00e9s \u00e9galement aux r\u00e9alit\u00e9s g\u00e9ographiques et au rigueur climatique de notre pays. En un mot, qu\u2019ils viennent soulager l\u2019utilisation intensive de l\u2019\u00e9quipement existant et permettront d\u2019\u00e9toffer davantage le maillage territorial de l\u2019Arm\u00e9e de l\u2019Air. Aussi, que durant les deux derni\u00e8res ann\u00e9es, les Forces arm\u00e9es maliennes ont connu une dynamique de renforcement, de modernisation et d\u2019\u00e9quipements, cela, gr\u00e2ce aux efforts de reconstruction des Autorit\u00e9s maliennes, qui en ont fait une priorit\u00e9 nationale.<\/p>\n\n\n\n<p><strong>Une image positive du Mali \u00e0 tous les partenaires&nbsp;!<\/strong><\/p>\n\n\n\n<p>Selon le Ministre de la D\u00e9fense et des Anciens Combattants, Colonel Sadio Camara, l\u2019Arm\u00e9e est un corps de m\u00e9tier, d\u2019importance capitale. Outre la mission principale de la D\u00e9fense du territoire et de la population, ajoute-t-il, elle est un symbole&nbsp; qui permet \u00e0 un&nbsp; Etat de s\u2019affirmer sur la sc\u00e8ne r\u00e9gionale et internationale. \u00ab&nbsp;Une Arm\u00e9e forte et moderne, continue d\u2019assurer la s\u00e9curit\u00e9 des citoyens et des int\u00e9r\u00eats de l\u2019Etat, m\u00eame au-del\u00e0 du territoire. C\u2019est un outil de diplomatie incontestable dont le professionnalisme permet \u00e0 l\u2019Etat de prendre part \u00e0 des accords de D\u00e9fense et \u00e0 des engagements multinationaux dans le cadre du Droit international&nbsp;\u00bb a indiqu\u00e9 le Colonel Camara.<\/p>\n\n\n\n<p>Il poursuit qu\u2019en restant fid\u00e8le \u00e0 la doctrine d\u2019emploi de l\u2019Arm\u00e9e malienne qui renonce volontairement \u00e0 toute forme d\u2019intervention militaire expansionniste, qu\u2019ils doivent renforcer et \u00e9quiper cet attribut de l\u2019Etat (l\u2019Arm\u00e9e Nationale) face aux nouvelles formes de menace qui sont sources d\u2019ins\u00e9curit\u00e9 de notre \u00e9poque . \u00ab&nbsp;Ces diff\u00e9rents aspects justifient pleinement les \u00e9normes efforts consentis dans l\u2019acquisition de nouvelles capacit\u00e9s, gr\u00e2ce aux efforts des Autorit\u00e9s de la Transition et du peuple malien. Les Forces de D\u00e9fense et de S\u00e9curit\u00e9 du Mali, de nouveau d\u00e9bout et autonomes inspirent d\u00e9sormais le respect et pr\u00e9sentent une image positive du Mali \u00e0 tous les partenaires. N\u2019en d\u00e9plaisent aux nostalgiques d\u2019un ordre r\u00e9volu qui voulaient que cette vaillante Arm\u00e9e reste confiner \u00e0 un r\u00f4le d\u2019\u00e9ternel assist\u00e9\u00bb a-t-il d\u00e9clar\u00e9.<\/p>\n\n\n\n<p>Parlant des r\u00e9centes attaques contre les FAMa, le Ministre Camara, les qualifie comme suit&nbsp;: \u00ab&nbsp;Le soubresaut des derni\u00e8res semaines ressemblent au geste saccad\u00e9 d\u2019un animal terrass\u00e9 donnant des coups \u00e0 l\u2019aveuglette. C\u2019est le signe que la strat\u00e9gie adopt\u00e9e, il y a un an, est une r\u00e9ussite\u2026.&nbsp;\u00bb.<\/p>\n\n\n\n<p>Avec ces \u00e9quipements, les Autorit\u00e9s de la Transition viennent encore une fois de plus renforcer les FAMa pour bien contrecarrer les forces du mal. Des efforts \u00e0 saluer&nbsp;!<\/p>\n\n\n\n<p><strong>Par Mariam Sissoko<\/strong><\/p>\n\n\n\n<p><strong>Le Sursaut<\/strong><\/p>\n","protected":false},"excerpt":{"rendered":"<p>Accompagn\u00e9 du Premier Ministre, Dr Choguel Kokalla Ma\u00efga,&nbsp; du Ministre de la D\u00e9fense et des Anciens Combattants, Colonel Sadio Camara et d\u2019autres membres du Gouvernement, de l\u2019Ambassadeur de la Russie&hellip;<\/p>\n","protected":false},"author":1,"featured_media":11367,"comment_status":"open","ping_status":"closed","sticky":false,"template":"","format":"standard","meta":{"content-type":"","_lmt_disableupdate":"","_lmt_disable":"","_jetpack_memberships_contains_paid_content":false,"footnotes":"","jetpack_publicize_message":"","jetpack_publicize_feature_enabled":true,"jetpack_social_post_already_shared":true,"jetpack_social_options":{"image_generator_settings":{"template":"highway","default_image_id":0,"font":"","enabled":false},"version":2}},"categories":[65,67,21],"tags":[],"class_list":["post-11366","post","type-post","status-publish","format-standard","has-post-thumbnail","hentry","category-armee","category-le-sursaut","category-societe"],"jetpack_publicize_connections":[],"featured_image_urls":{"full":"","thumbnail":"","medium":"","medium_large":"","large":"","1536x1536":"","2048x2048":"","penci-recipe-1200x1200":"","penci-recipe-1200x900":"","penci-recipe-1200x675":"","penci-single-full":"","penci-slider-full-thumb":"","penci-full-thumb":"","penci-slider-thumb":"","penci-magazine-slider":"","penci-thumb":"","penci-masonry-thumb":"","penci-thumb-square":"","penci-thumb-vertical":"","penci-thumb-small":""},"author_info":{"display_name":"Nandi","author_link":"https:\/\/nandi.info\/?author=1"},"category_info":"<a href=\"https:\/\/nandi.info\/?cat=65\" rel=\"category\">Arm\u00e9e<\/a> <a href=\"https:\/\/nandi.info\/?cat=67\" rel=\"category\">Le Sursaut<\/a> <a href=\"https:\/\/nandi.info\/?cat=21\" rel=\"category\">Soci\u00e9t\u00e9<\/a>","tag_info":"Soci\u00e9t\u00e9","comment_count":"0","jetpack_featured_media_url":"","jetpack_sharing_enabled":true,"_links":{"self":[{"href":"https:\/\/nandi.info\/index.php?rest_route=\/wp\/v2\/posts\/11366","targetHints":{"allow":["GET"]}}],"collection":[{"href":"https:\/\/nandi.info\/index.php?rest_route=\/wp\/v2\/posts"}],"about":[{"href":"https:\/\/nandi.info\/index.php?rest_route=\/wp\/v2\/types\/post"}],"author":[{"embeddable":true,"href":"https:\/\/nandi.info\/index.php?rest_route=\/wp\/v2\/users\/1"}],"replies":[{"embeddable":true,"href":"https:\/\/nandi.info\/index.php?rest_route=%2Fwp%2Fv2%2Fcomments&post=11366"}],"version-history":[{"count":0,"href":"https:\/\/nandi.info\/index.php?rest_route=\/wp\/v2\/posts\/11366\/revisions"}],"wp:featuredmedia":[{"embeddable":true,"href":"https:\/\/nandi.info\/index.php?rest_route=\/"}],"wp:attachment":[{"href":"https:\/\/nandi.info\/index.php?rest_route=%2Fwp%2Fv2%2Fmedia&parent=11366"}],"wp:term":[{"taxonomy":"category","embeddable":true,"href":"https:\/\/nandi.info\/index.php?rest_route=%2Fwp%2Fv2%2Fcategories&post=11366"},{"taxonomy":"post_tag","embeddable":true,"href":"https:\/\/nandi.info\/index.php?rest_route=%2Fwp%2Fv2%2Ftags&post=11366"}],"curies":[{"name":"wp","href":"https:\/\/api.w.org\/{rel}","templated":true}]}}