{"id":11360,"date":"2023-01-23T09:41:00","date_gmt":"2023-01-23T08:41:00","guid":{"rendered":"https:\/\/nandi.info\/?p=11360"},"modified":"2023-01-23T09:41:00","modified_gmt":"2023-01-23T08:41:00","slug":"le-ministre-sadio-camara-a-la-ceremonie-du-20-janvier-notre-seul-objectif-est-dassurer-la-securite-de-nos-populations-et-de-leurs-biens","status":"publish","type":"post","link":"https:\/\/nandi.info\/?p=11360","title":{"rendered":"<strong>Le Ministre Sadio Camara \u00e0 la c\u00e9r\u00e9monie du 20 janvier&nbsp;: \u00ab&nbsp;Notre seul objectif est d\u2019assurer la s\u00e9curit\u00e9 de nos populations et de leurs biens&nbsp;\u00bb<\/strong>"},"content":{"rendered":"\n<p><strong><em>La Place d\u2019armes du 34<sup>\u00e8me<\/sup> R\u00e9giment du G\u00e9nie Militaire de Bamako, a servi de cadre le vendredi 20 janvier 2023, pour la c\u00e9r\u00e9monie de comm\u00e9moration du 62<sup>\u00e8me<\/sup> anniversaire de la cr\u00e9ation de l\u2019arm\u00e9e malienne. Cette c\u00e9r\u00e9monie symbolique pr\u00e9sid\u00e9e par le Pr\u00e9sident de la Transition, le Colonel Assimi Goita a enregistr\u00e9 la pr\u00e9sence entre autres, des Pr\u00e9sidents des institutions de la R\u00e9publique, des membres du Gouvernement, des repr\u00e9sentants du corps diplomatique, des Directeurs des services des Arm\u00e9es, des corps paramilitaires, des chefs traditionnels et de nombreuses personnalit\u00e9s.<\/em><\/strong><\/p>\n\n\n\n<p class=\"has-drop-cap\">La f\u00eate de notre arm\u00e9e nationale de l\u2019ann\u00e9e 2023 intervient \u00e0 un moment crucial de la vie de la nation, marqu\u00e9e par un r\u00e9gime de transition et de la propagation de nouvelles menaces terroristes. Face auxquelles menaces, les Forces arm\u00e9es et de s\u00e9curit\u00e9 sont&nbsp;&nbsp;&nbsp; en train de monter en puissance sur tous les plans&nbsp;: acquisitions des \u00e9quipements militaires ad\u00e9quats, maillage r\u00e9ussi du territoire et des offensives men\u00e9es contre des bases terroristes \u00e0 travers tout le pays. Tout cela gr\u00e2ce \u00e0 des ressources humaines bien entrain\u00e9es sur les enjeux de l\u2019heure, red\u00e9ploy\u00e9es dans des bases autrefois abandonn\u00e9es. Une mont\u00e9e en puissance qui a permis la&nbsp; r\u00e9duction consid\u00e9rable des attaques contre des populations civiles et des bases des Forces Arm\u00e9es Maliennes (FAMa). De mani\u00e8re g\u00e9n\u00e9rale, cette c\u00e9l\u00e9bration du 62<sup>\u00e8me<\/sup> anniversaire de l\u2019Arm\u00e9e malienne intervient \u00e0 un moment o\u00f9 notre pays apr\u00e8s avoir diversifi\u00e9 son partenariat sur tous les plans, notamment militaire, c\u00e9l\u00e8bre sa souverainet\u00e9 retrouv\u00e9e (chaque 14 janvier de l\u2019an).&nbsp;<\/p>\n\n\n\n<p>Cette ann\u00e9e au compte de ces festivit\u00e9s du 20 janvier, l\u2019accent a \u00e9t\u00e9 mis sur la coh\u00e9sion, la r\u00e9compense du m\u00e9rite et la confiance en soi. Pour symboliser ces vertus, une c\u00e9r\u00e9monie de prise d\u2019armes fut organis\u00e9e au niveau de la Place d\u2019armes du 34<sup>\u00e8me<\/sup>&nbsp; R\u00e9giment du G\u00e9nie Militaire de Bamako. Cela avec comme temps forts&nbsp;: la pose de gerbe de fleurs, la revue des troupes, des remises de distinction et des ch\u00e8ques ainsi qu\u2019un d\u00e9fil\u00e9 militaire.<\/p>\n\n\n\n<p><strong>La capacit\u00e9 op\u00e9rationnelle de nos FAMa a atteint un niveau admiratif&nbsp;!<\/strong><\/p>\n\n\n\n<p>A l\u2019entame de cette c\u00e9r\u00e9monie, dans son discours, le ministre de la D\u00e9fense et des anciens Combattants, le Colonel Sadio Camara a tenu \u00e0 remercier le pr\u00e9sident de la Transition pour son leadership et aussi le peuple pour le soutien constant \u00e0 son arm\u00e9e. A cet effet, il a rassur\u00e9 le peuple malien que son arm\u00e9e s\u2019acquittera avec d\u00e9terminations de ses responsabilit\u00e9s pour faire du Mali un havre de paix. Parlant du leadership du pr\u00e9sident de la Transition, le ministre Camara a soulign\u00e9 que ce leadership&nbsp; a permis de rassurer ceux qui continuent nuit et jour dans les collines, les mar\u00e9cages, \u00e0 op\u00e9rer dans des conditions difficiles pour aider les populations qui vivent dans les zones sous tensions \u00e0 retrouver la qui\u00e9tude.&nbsp; Aux dires du ministre Camara, la capacit\u00e9 op\u00e9rationnelle de nos FAMa a atteint un niveau admiratif conform\u00e9ment \u00e0 la vision et \u00e0 l\u2019ambition du pr\u00e9sident de la Transition pour nos Forces de D\u00e9fense et de S\u00e9curit\u00e9. Et de poursuivre que pour une nation, l\u2019accession \u00e0 la souverainet\u00e9 ne se limite pas \u00e0 une date, \u00e0 un discours, ni \u00e0 l\u2019\u00e9rection d\u2019un monument. C\u2019est, dit-il, un long processus dont le but final est de permettre \u00e0 l\u2019Etat d\u2019assurer, en autonomie, les besoins essentiels de l\u2019ensemble de ses citoyens. Pour lui, nos Forces de D\u00e9fense et de S\u00e9curit\u00e9 sont fi\u00e8res aujourd\u2019hui d\u2019avoir des outils de d\u00e9fense de bonne qualit\u00e9. Il a aussi soulign\u00e9 les efforts consentis par le gouvernement dans l\u2019acquisition d\u2019\u00e9quipements, de mat\u00e9riels roulants, ariens et de renseignement, tous acquis sur fonds propres. \u00ab Notre seul objectif est d\u2019assurer la s\u00e9curit\u00e9 de nos populations et de leurs biens. L\u2019arm\u00e9e est au service exclusif de ce peuple dont elle b\u00e9n\u00e9fice le soutien&nbsp;\u00bb, a-t-il dit. Et de rendre hommage \u00e0 ceux et celles qui ont consacr\u00e9 leurs vies au service de notre pays et \u00e0 la d\u00e9fense de nos libert\u00e9s et de saluer la m\u00e9moire des victimes civiles et militaires tomb\u00e9es sur le champ d\u2019honneur.&nbsp;\u00ab Nous rassurons les familles des victimes que leur sacrifice ne sera pas vain&nbsp;\u00bb, a-t-il indiqu\u00e9.<\/p>\n\n\n\n<p>Au cours de cette c\u00e9r\u00e9monie, un acte historique a \u00e9t\u00e9 pos\u00e9. Ce, \u00e0 la joie et satisfaction des Maliens. Il s\u2019agit de la remise d\u2019un ch\u00e8que g\u00e9ant d\u2019une valeur de 6 milliards 500 millions \u00e0 l\u2019Arm\u00e9e malienne pour les veuves des militaires d\u00e9c\u00e9d\u00e9s en service command\u00e9. \u00c9galement des ch\u00e8ques individuels ont \u00e9t\u00e9 remis \u00e0 certaines familles des militaires tomb\u00e9s sur champ d\u2019honneur. Auparavant ce sont des dizaines d\u2019autres vaillants soldats qui ont re\u00e7u des distinctions, soit \u00e0 titre posthume ou de leur vivant.<\/p>\n\n\n\n<p><strong>Un d\u00e9fil\u00e9 militaire aur\u00e9ol\u00e9 par une parade a\u00e9rienne des avions de l\u2019arm\u00e9e de l\u2019air&nbsp;!<\/strong><\/p>\n\n\n\n<p>Apr\u00e8s cette s\u00e9rie de remises de ch\u00e8ques et de m\u00e9dailles, le temps fort de cette c\u00e9r\u00e9monie de c\u00e9l\u00e9bration de la f\u00eate des arm\u00e9es fut le d\u00e9fil\u00e9 militaire.<\/p>\n\n\n\n<p>Un d\u00e9fil\u00e9 militaire tenu sous les musiques de la fanfare nationale. Au cours duquel, les spectateurs ont \u00e9t\u00e9 servis par le passage respectif des compagnies de toutes les composantes de l\u2019arm\u00e9e malienne et des corps paramilitaires (\u00e0 l\u2019exception des troupes motoris\u00e9es). D\u00e9but\u00e9 par le passage des \u00e9l\u00e8ves du Prytan\u00e9e militaire, ce d\u00e9fil\u00e9 fut cl\u00f4tur\u00e9 par les \u00e9l\u00e9ments du Bataillon des sports des Fama. Ce, avec comme bonus la parade de nouveaux avions de chasse et h\u00e9licopt\u00e8res de transport de troupes. Une parade qui a bien \u00e9merveill\u00e9 le public et redonner confiance sur les capacit\u00e9s r\u00e9elles de nos Fama \u00e0 bouter hors de nos fronti\u00e8res les menaces terroristes, sous cette transition.<\/p>\n\n\n\n<p>A la fin du d\u00e9fil\u00e9, le pr\u00e9sident de la Transition et Chef supr\u00eame des Arm\u00e9es, le Colonel Assimi Goita, dans sa traditionnelle adresse \u00e0 la presse a rendu un vibrant hommage au p\u00e8re de notre ind\u00e9pendance, le pr\u00e9sident Modibo Keita, sous le leadership duquel notre arm\u00e9e a vu le jour. Il a rappel\u00e9 qu\u2019aujourd\u2019hui le souci principal du peuple malien est la restauration de la s\u00e9curit\u00e9 sur l\u2019ensemble du territoire national. Et d\u2019indiquer que la lutte contre le terrorisme \u00e9tant un combat multiforme et de longue haleine, leur souci primordial a toujours \u00e9t\u00e9 de disposer d\u2019un outil de d\u00e9fense \u00e0 hauteur de la menace. Le Chef de l\u2019Etat n\u2019a pas manqu\u00e9 d\u2019adresser ses remerciements au peuple malien pour tous les sacrifices consentis et la r\u00e9silience dont il a fait preuve. Et de saluer l\u2019engagement de nos Forces de d\u00e9fense et de S\u00e9curit\u00e9 sur les th\u00e9\u00e2tres d\u2019op\u00e9ration. Il a saisi l\u2019occasion pour se recueillir devant la m\u00e9moire de tous les braves soldats tomb\u00e9s sur les th\u00e9\u00e2tres d\u2019op\u00e9ration pour la d\u00e9fense de la patrie.<\/p>\n\n\n\n<p><strong>Adama Tounkara<\/strong><\/p>\n\n\n\n<p><strong>Le Sursaut<\/strong><\/p>\n","protected":false},"excerpt":{"rendered":"<p>La Place d\u2019armes du 34\u00e8me R\u00e9giment du G\u00e9nie Militaire de Bamako, a servi de cadre le vendredi 20 janvier 2023, pour la c\u00e9r\u00e9monie de comm\u00e9moration du 62\u00e8me anniversaire de la&hellip;<\/p>\n","protected":false},"author":1,"featured_media":11363,"comment_status":"open","ping_status":"closed","sticky":false,"template":"","format":"standard","meta":{"content-type":"","_lmt_disableupdate":"","_lmt_disable":"","_jetpack_memberships_contains_paid_content":false,"footnotes":"","jetpack_publicize_message":"","jetpack_publicize_feature_enabled":true,"jetpack_social_post_already_shared":true,"jetpack_social_options":{"image_generator_settings":{"template":"highway","default_image_id":0,"font":"","enabled":false},"version":2}},"categories":[65,67,21],"tags":[],"class_list":["post-11360","post","type-post","status-publish","format-standard","has-post-thumbnail","hentry","category-armee","category-le-sursaut","category-societe"],"jetpack_publicize_connections":[],"featured_image_urls":{"full":"","thumbnail":"","medium":"","medium_large":"","large":"","1536x1536":"","2048x2048":"","penci-recipe-1200x1200":"","penci-recipe-1200x900":"","penci-recipe-1200x675":"","penci-single-full":"","penci-slider-full-thumb":"","penci-full-thumb":"","penci-slider-thumb":"","penci-magazine-slider":"","penci-thumb":"","penci-masonry-thumb":"","penci-thumb-square":"","penci-thumb-vertical":"","penci-thumb-small":""},"author_info":{"display_name":"Nandi","author_link":"https:\/\/nandi.info\/?author=1"},"category_info":"<a href=\"https:\/\/nandi.info\/?cat=65\" rel=\"category\">Arm\u00e9e<\/a> <a href=\"https:\/\/nandi.info\/?cat=67\" rel=\"category\">Le Sursaut<\/a> <a href=\"https:\/\/nandi.info\/?cat=21\" rel=\"category\">Soci\u00e9t\u00e9<\/a>","tag_info":"Soci\u00e9t\u00e9","comment_count":"0","jetpack_featured_media_url":"","jetpack_sharing_enabled":true,"_links":{"self":[{"href":"https:\/\/nandi.info\/index.php?rest_route=\/wp\/v2\/posts\/11360","targetHints":{"allow":["GET"]}}],"collection":[{"href":"https:\/\/nandi.info\/index.php?rest_route=\/wp\/v2\/posts"}],"about":[{"href":"https:\/\/nandi.info\/index.php?rest_route=\/wp\/v2\/types\/post"}],"author":[{"embeddable":true,"href":"https:\/\/nandi.info\/index.php?rest_route=\/wp\/v2\/users\/1"}],"replies":[{"embeddable":true,"href":"https:\/\/nandi.info\/index.php?rest_route=%2Fwp%2Fv2%2Fcomments&post=11360"}],"version-history":[{"count":0,"href":"https:\/\/nandi.info\/index.php?rest_route=\/wp\/v2\/posts\/11360\/revisions"}],"wp:featuredmedia":[{"embeddable":true,"href":"https:\/\/nandi.info\/index.php?rest_route=\/"}],"wp:attachment":[{"href":"https:\/\/nandi.info\/index.php?rest_route=%2Fwp%2Fv2%2Fmedia&parent=11360"}],"wp:term":[{"taxonomy":"category","embeddable":true,"href":"https:\/\/nandi.info\/index.php?rest_route=%2Fwp%2Fv2%2Fcategories&post=11360"},{"taxonomy":"post_tag","embeddable":true,"href":"https:\/\/nandi.info\/index.php?rest_route=%2Fwp%2Fv2%2Ftags&post=11360"}],"curies":[{"name":"wp","href":"https:\/\/api.w.org\/{rel}","templated":true}]}}