{"id":11355,"date":"2023-01-23T09:08:00","date_gmt":"2023-01-23T08:08:00","guid":{"rendered":"https:\/\/nandi.info\/?p=11355"},"modified":"2023-01-23T09:08:00","modified_gmt":"2023-01-23T08:08:00","slug":"gestion-des-terres-agricoles-au-mali-les-femmes-sont-elles-oubliees","status":"publish","type":"post","link":"https:\/\/nandi.info\/?p=11355","title":{"rendered":"Gestion des terres agricoles au Mali : Les femmes sont-elles oubli\u00e9es ?"},"content":{"rendered":"\n<p class=\"has-drop-cap\">Des&nbsp; pr\u00e9occupations&nbsp;&nbsp;&nbsp; fonci\u00e8res&nbsp;&nbsp;&nbsp;&nbsp;&nbsp; des&nbsp; femmes&nbsp;&nbsp; \u00e9taient&nbsp; au centre&nbsp; d\u2019un&nbsp; atelier&nbsp; de&nbsp; diffusion&nbsp; de la&nbsp; loi&nbsp; fonci\u00e8re organis\u00e9&nbsp; le&nbsp; 18 janvier 2023 \u00e0 l\u2019APCAM&nbsp; par&nbsp;&nbsp; la&nbsp;&nbsp; f\u00e9d\u00e9ration&nbsp;&nbsp; nationale&nbsp; des femmes&nbsp; rurales( FENAFER).&nbsp; \u00c0&nbsp; cet effet,&nbsp; une&nbsp; s\u00e9rie&nbsp; de&nbsp; plaidoirie a&nbsp; \u00e9t\u00e9&nbsp; formul\u00e9e&nbsp;&nbsp;&nbsp;&nbsp; \u00e0&nbsp; ce que&nbsp; la&nbsp; loi&nbsp; 2017 vot\u00e9e&nbsp; en faveur&nbsp; de l\u2019accessibilit\u00e9&nbsp; des&nbsp; femmes&nbsp; \u00e0&nbsp; des terres&nbsp; puisse&nbsp;&nbsp; \u00eatre&nbsp;&nbsp; appliqu\u00e9e .<\/p>\n\n\n\n<p>Cet atelier&nbsp; plac\u00e9&nbsp; sous le th\u00e8me : \u201d r\u00f4le et place des femmes dans les commissions fonci\u00e8res villageoises\u201d, a&nbsp; marqu\u00e9&nbsp; la pr\u00e9sence&nbsp; de la repr\u00e9sentante&nbsp; du ministre&nbsp; de la Promotion&nbsp;&nbsp; de&nbsp; la femme,&nbsp; de l\u2019enfant et de la famille&nbsp; Mme&nbsp; Fabe&nbsp; Binta Bocoum et la&nbsp; pr\u00e9sidente&nbsp; de la FENAFER,&nbsp; Mme Niakat\u00e9 &nbsp;Goundo Kamissoko.<\/p>\n\n\n\n<p>Au&nbsp;&nbsp; Mali&nbsp; la&nbsp;&nbsp; probl\u00e9matique&nbsp; li\u00e9e&nbsp; \u00e0&nbsp; la&nbsp; gestion&nbsp; \u00e9quitable&nbsp;&nbsp; des&nbsp; terres&nbsp;&nbsp; cultivables&nbsp;&nbsp; semble&nbsp;&nbsp; devenir&nbsp; une r\u00e9alit\u00e9&nbsp; par le fait&nbsp; de&nbsp; la non application&nbsp; des lois agricoles&nbsp; prises&nbsp;&nbsp; au&nbsp;&nbsp; profit des femmes&nbsp; rurales&nbsp; et urbaines.&nbsp;&nbsp; Au-del\u00e0&nbsp; des&nbsp; d\u00e9fis&nbsp; de&nbsp; la&nbsp; transformation&nbsp; de&nbsp; la cha\u00eene&nbsp;&nbsp; de&nbsp; valeur&nbsp; dans&nbsp; le cadre&nbsp;&nbsp;&nbsp; de&nbsp; l\u2019\u00e9levage,&nbsp; de la p\u00eache,&nbsp; les&nbsp; femmes&nbsp;&nbsp; occupent&nbsp;&nbsp; une&nbsp; place&nbsp; de&nbsp; choix&nbsp; importante&nbsp;&nbsp; dans&nbsp;&nbsp;&nbsp; l\u2019am\u00e9lioration&nbsp; de la&nbsp; s\u00e9curit\u00e9&nbsp; alimentaire&nbsp; notamment,&nbsp;&nbsp; dans&nbsp; le domaine&nbsp; de&nbsp; l\u2019agriculture,&nbsp;&nbsp; mais&nbsp; semblent&nbsp;&nbsp; \u00eatre&nbsp;&nbsp; ignor\u00e9es&nbsp; dans&nbsp; la&nbsp; gestion&nbsp; de ces&nbsp; ressources&nbsp; attractives.&nbsp;&nbsp;&nbsp;&nbsp; En&nbsp; effet,&nbsp;&nbsp; pour&nbsp; bien&nbsp; prendre en compte,&nbsp; leurs&nbsp; pr\u00e9occupations&nbsp; \u00e9conomiques,&nbsp;&nbsp; une&nbsp; loi&nbsp; a \u00e9t\u00e9&nbsp; vot\u00e9e&nbsp; en&nbsp; 2017&nbsp; consacrant&nbsp; 15%&nbsp; des espaces&nbsp; am\u00e9nag\u00e9s&nbsp;&nbsp; de&nbsp; l\u2019Etat&nbsp; et&nbsp; des Collectivit\u00e9s&nbsp; territoriales&nbsp; destin\u00e9s&nbsp; aux femmes&nbsp; dont&nbsp;&nbsp;&nbsp; l\u2019objectif&nbsp;&nbsp;&nbsp; est&nbsp;&nbsp; d\u2019assurer&nbsp;&nbsp; non seulement,&nbsp;&nbsp; un acc\u00e8s \u00e9quitable&nbsp;&nbsp; des&nbsp; ressources&nbsp; fonci\u00e8res.&nbsp;&nbsp;&nbsp; Mais&nbsp; \u00e9galement,&nbsp;&nbsp;&nbsp; de cr\u00e9er&nbsp; des conditions&nbsp; n\u00e9cessaires &nbsp;qui&nbsp; favoriseraient&nbsp; les&nbsp; investissements&nbsp; publics&nbsp; ou&nbsp; priv\u00e9s&nbsp; dans&nbsp; les terres agricoles&nbsp;&nbsp; au&nbsp; profit&nbsp;&nbsp;&nbsp; des&nbsp; femmes.&nbsp; De m\u00eame,&nbsp; pour&nbsp; que&nbsp; ces&nbsp; couches puissent&nbsp; \u00eatre&nbsp; mises&nbsp; dans&nbsp;&nbsp; leurs&nbsp;&nbsp; droits,&nbsp;&nbsp;&nbsp; la&nbsp;&nbsp; pr\u00e9sidente&nbsp; de&nbsp; la&nbsp; f\u00e9d\u00e9ration&nbsp;&nbsp; nationale&nbsp;&nbsp; des femmes&nbsp; rurales,&nbsp; Mme&nbsp; Kamissoko&nbsp;&nbsp; a&nbsp;&nbsp; plaid\u00e9&nbsp;&nbsp; pour&nbsp; faciliter&nbsp; l\u2019acc\u00e8s&nbsp; \u00e0&nbsp; des terres agricoles&nbsp;&nbsp;&nbsp;&nbsp; pour&nbsp;&nbsp; les&nbsp; femmes&nbsp; afin d\u2019assurer&nbsp;&nbsp;&nbsp; leur&nbsp;&nbsp; bien-\u00eatre&nbsp; social.&nbsp;&nbsp;&nbsp; Pour&nbsp; rappel,&nbsp; ledit&nbsp; atelier&nbsp;&nbsp;&nbsp; rentre dans&nbsp; le cadre&nbsp; de&nbsp; la&nbsp; mise en \u0153uvre des&nbsp;&nbsp; actions&nbsp; de&nbsp; plaidoyer pour l\u2019\u00e9limination&nbsp; des&nbsp; dispositions&nbsp; discriminatoires&nbsp;&nbsp; par&nbsp; l\u2019application effective&nbsp;&nbsp; de&nbsp; la&nbsp; loi&nbsp; fonci\u00e8re&nbsp; au profit des&nbsp; femmes&nbsp; rurales.&nbsp; Mieux&nbsp; encore, les&nbsp; objectifs&nbsp;&nbsp; sp\u00e9cifiques&nbsp;&nbsp; dudit&nbsp;&nbsp; atelier&nbsp; \u00e9taient,&nbsp; d\u2019informer&nbsp; les&nbsp; participantes&nbsp; sur&nbsp;&nbsp; les concepts&nbsp; de&nbsp; base&nbsp; de&nbsp; la loi&nbsp; fonci\u00e8re&nbsp; agricole,&nbsp; de partager&nbsp; le&nbsp; contenu&nbsp; des organes&nbsp; de&nbsp; gestion&nbsp; du&nbsp; foncier agricole&nbsp; et&nbsp; surtout&nbsp; le r\u00f4le et&nbsp; la place&nbsp; des&nbsp; femmes,&nbsp;&nbsp; entre&nbsp; autres.&nbsp;&nbsp;&nbsp; Partant,&nbsp;&nbsp;&nbsp;&nbsp;&nbsp;&nbsp; la&nbsp; pr\u00e9sidente&nbsp;&nbsp; de la&nbsp; FENAFER recommande&nbsp; \u00e0&nbsp;&nbsp;&nbsp; ce&nbsp; que&nbsp; lesdites&nbsp;&nbsp; femmes&nbsp;&nbsp; soient&nbsp; impliqu\u00e9es&nbsp;&nbsp;&nbsp; dans les&nbsp; questions&nbsp;&nbsp; fonci\u00e8res&nbsp;&nbsp; et&nbsp; de&nbsp;&nbsp; les&nbsp;&nbsp; int\u00e9grer&nbsp; si possible,&nbsp;&nbsp;&nbsp; dans&nbsp;&nbsp; les diff\u00e9rentes&nbsp; commissions&nbsp; f\u00e9minines&nbsp;&nbsp; du&nbsp; pays&nbsp;&nbsp; devant&nbsp; leurs&nbsp; permettre&nbsp;&nbsp; de&nbsp; ne plus&nbsp; &nbsp;\u00eatre&nbsp;&nbsp; un&nbsp; outil de conqu\u00eate du&nbsp; pouvoir qu\u2019il&nbsp;&nbsp; fallait&nbsp; s\u2019en&nbsp; servir&nbsp; pour&nbsp; des besoins&nbsp; \u00e9lectoraux&nbsp;&nbsp; et&nbsp; de mobilisations.<\/p>\n\n\n\n<p><strong>\u00a0\u00a0\u00a0\u00a0\u00a0\u00a0\u00a0\u00a0\u00a0\u00a0\u00a0\u00a0\u00a0\u00a0\u00a0\u00a0\u00a0\u00a0\u00a0\u00a0\u00a0\u00a0\u00a0\u00a0\u00a0\u00a0\u00a0\u00a0\u00a0\u00a0\u00a0\u00a0\u00a0\u00a0\u00a0\u00a0\u00a0\u00a0\u00a0\u00a0\u00a0\u00a0\u00a0\u00a0\u00a0\u00a0\u00a0\u00a0\u00a0\u00a0\u00a0\u00a0\u00a0\u00a0\u00a0\u00a0\u00a0\u00a0\u00a0\u00a0\u00a0\u00a0\u00a0\u00a0\u00a0\u00a0\u00a0\u00a0\u00a0\u00a0\u00a0\u00a0\u00a0\u00a0\u00a0\u00a0\u00a0\u00a0\u00a0\u00a0\u00a0\u00a0\u00a0\u00a0\u00a0\u00a0\u00a0\u00a0\u00a0\u00a0\u00a0\u00a0\u00a0\u00a0\u00a0\u00a0\u00a0\u00a0\u00a0\u00a0\u00a0\u00a0\u00a0\u00a0\u00a0\u00a0\u00a0\u00a0\u00a0\u00a0\u00a0\u00a0\u00a0\u00a0\u00a0\u00a0\u00a0\u00a0\u00a0\u00a0\u00a0\u00a0 \u00a0Yacouba\u00a0\u00a0 COULIBALY<\/strong><\/p>\n\n\n\n<p><strong>L&rsquo;Alternance <\/strong><\/p>\n","protected":false},"excerpt":{"rendered":"<p>Des&nbsp; pr\u00e9occupations&nbsp;&nbsp;&nbsp; fonci\u00e8res&nbsp;&nbsp;&nbsp;&nbsp;&nbsp; des&nbsp; femmes&nbsp;&nbsp; \u00e9taient&nbsp; au centre&nbsp; d\u2019un&nbsp; atelier&nbsp; de&nbsp; diffusion&nbsp; de la&nbsp; loi&nbsp; fonci\u00e8re organis\u00e9&nbsp; le&nbsp; 18 janvier 2023 \u00e0 l\u2019APCAM&nbsp; par&nbsp;&nbsp; la&nbsp;&nbsp; f\u00e9d\u00e9ration&nbsp;&nbsp; nationale&nbsp; des femmes&nbsp; rurales(&hellip;<\/p>\n","protected":false},"author":1,"featured_media":0,"comment_status":"open","ping_status":"closed","sticky":false,"template":"","format":"standard","meta":{"content-type":"","_lmt_disableupdate":"","_lmt_disable":"","_jetpack_memberships_contains_paid_content":false,"footnotes":"","jetpack_publicize_message":"","jetpack_publicize_feature_enabled":true,"jetpack_social_post_already_shared":true,"jetpack_social_options":{"image_generator_settings":{"template":"highway","default_image_id":0,"font":"","enabled":false},"version":2}},"categories":[60,30],"tags":[],"class_list":["post-11355","post","type-post","status-publish","format-standard","hentry","category-agriculture","category-economie"],"jetpack_publicize_connections":[],"featured_image_urls":{"full":"","thumbnail":"","medium":"","medium_large":"","large":"","1536x1536":"","2048x2048":"","penci-recipe-1200x1200":"","penci-recipe-1200x900":"","penci-recipe-1200x675":"","penci-single-full":"","penci-slider-full-thumb":"","penci-full-thumb":"","penci-slider-thumb":"","penci-magazine-slider":"","penci-thumb":"","penci-masonry-thumb":"","penci-thumb-square":"","penci-thumb-vertical":"","penci-thumb-small":""},"author_info":{"display_name":"Nandi","author_link":"https:\/\/nandi.info\/?author=1"},"category_info":"<a href=\"https:\/\/nandi.info\/?cat=60\" rel=\"category\">Agriculture<\/a> <a href=\"https:\/\/nandi.info\/?cat=30\" rel=\"category\">Economie<\/a>","tag_info":"Economie","comment_count":"0","jetpack_featured_media_url":"","jetpack_sharing_enabled":true,"_links":{"self":[{"href":"https:\/\/nandi.info\/index.php?rest_route=\/wp\/v2\/posts\/11355","targetHints":{"allow":["GET"]}}],"collection":[{"href":"https:\/\/nandi.info\/index.php?rest_route=\/wp\/v2\/posts"}],"about":[{"href":"https:\/\/nandi.info\/index.php?rest_route=\/wp\/v2\/types\/post"}],"author":[{"embeddable":true,"href":"https:\/\/nandi.info\/index.php?rest_route=\/wp\/v2\/users\/1"}],"replies":[{"embeddable":true,"href":"https:\/\/nandi.info\/index.php?rest_route=%2Fwp%2Fv2%2Fcomments&post=11355"}],"version-history":[{"count":0,"href":"https:\/\/nandi.info\/index.php?rest_route=\/wp\/v2\/posts\/11355\/revisions"}],"wp:attachment":[{"href":"https:\/\/nandi.info\/index.php?rest_route=%2Fwp%2Fv2%2Fmedia&parent=11355"}],"wp:term":[{"taxonomy":"category","embeddable":true,"href":"https:\/\/nandi.info\/index.php?rest_route=%2Fwp%2Fv2%2Fcategories&post=11355"},{"taxonomy":"post_tag","embeddable":true,"href":"https:\/\/nandi.info\/index.php?rest_route=%2Fwp%2Fv2%2Ftags&post=11355"}],"curies":[{"name":"wp","href":"https:\/\/api.w.org\/{rel}","templated":true}]}}