{"id":11349,"date":"2023-01-23T09:58:00","date_gmt":"2023-01-23T08:58:00","guid":{"rendered":"https:\/\/nandi.info\/?p=11349"},"modified":"2023-01-23T09:58:00","modified_gmt":"2023-01-23T08:58:00","slug":"le-62eme-anniversaire-de-larmee-malienne-fete-avec-fierte-le-20-janvier-ne-doit-il-pas-etre-considere-comme-la-seule-date-de-souverainete","status":"publish","type":"post","link":"https:\/\/nandi.info\/?p=11349","title":{"rendered":"Le 62\u00e8me anniversaire de l\u2019arm\u00e9e malienne f\u00eate avec fiert\u00e9 : Le 20 janvier ne doit-il pas \u00eatre consid\u00e9r\u00e9 comme la seule date de souverainet\u00e9 ?"},"content":{"rendered":"\n<p><strong><em>Les autorit\u00e9s de la transition ont c\u00e9l\u00e9br\u00e9 avec fiert\u00e9 le 62<sup>\u00e8me<\/sup>\u00a0anniversaire de la cr\u00e9ation de l\u2019arm\u00e9e malienne. Cet anniversaire a \u00e9t\u00e9 l\u2019occasion de pr\u00e9senter \u00e0 l\u2019opinion les diff\u00e9rentes acquisitions faites en termes d\u2019a\u00e9ronefs pour renforcer le dispositif s\u00e9curitaire des FAMA. Pour rappel,\u00a0 c\u2019est en\u00a0 janvier 1961, plus pr\u00e9cis\u00e9ment le 20 janvier que le Pr\u00e9sident \u00a0Modibo Ke\u00efta demanda \u00e0 la France d\u2019\u00e9vacuer ses derniers soldats du Mali. C\u2019est par cet acte courageux et souverainiste que le pays a eu droit \u00e0 une v\u00e9ritable fondation et construction d\u2019une Arm\u00e9e r\u00e9publicaine et digne. Voici en substance la signification du 20 janvier. Quelle autre date pourrait \u00eatre sacr\u00e9e journ\u00e9e de souverainet\u00e9 retrouv\u00e9e en dehors du 20 janvier o\u00f9 l\u2019ancien occupant a \u00e9t\u00e9 somm\u00e9 de quitter le territoire malien avec armes et bagages\u00a0? Qui veut falsifier l\u2019histoire de notre pays en adjoignant aux c\u00e9l\u00e8bres et m\u00e9morables dates celle du 14 janvier comme journ\u00e9e de souverainet\u00e9 retrouv\u00e9e\u00a0?<\/em><\/strong><\/p>\n\n\n\n<p class=\"has-drop-cap\">C\u2019est en pr\u00e9sence de toute la hi\u00e9rarchie militaire et les membres du gouvernement que le Pr\u00e9sident de la transition, chef de l\u2019Etat le colonel Assimi Go\u00efta a remis les cl\u00e9s de la vingtaine d\u2019a\u00e9ronefs, made in Russia, au chef d\u2019\u00e9tat-major de l\u2019arm\u00e9e de l\u2019Air, \u00e0 l\u2019occasion du 62<sup>i\u00e8me<\/sup>&nbsp;anniversaire de la cr\u00e9ation de l\u2019arm\u00e9e malienne. Si cet \u00e9v\u00e8nement a \u00e9t\u00e9 suivi avec grand int\u00e9r\u00eat par une \u00e9crasante majorit\u00e9 du peuple, il ne manque pas non plus de susciter des questions. Parmi lesquelles il y a les conditions d\u2019acquisitions de ces a\u00e9ronefs et surtout leurs prix. Car si les maliens se r\u00e9jouissent de l\u2019acquisition de ces nouveaux appareils volants pour l\u2019arm\u00e9e et demeurent perplexes devant &nbsp;la question sociale et m\u00eame l\u2019efficacit\u00e9 de ces appareils sachant bien que l\u2019ennemi \u00e9volue selon les moyens dont dispose le camp d\u2019en face. Donc oui \u00e0 l\u2019acquisition des armes pour surarmer notre outil de d\u00e9fense, mais les autorit\u00e9s ne doivent pas rel\u00e9guer au second plan la crise sociale, la m\u00e8re de toutes les crises, au risque d\u2019\u00eatre surpris d\u00e9sagr\u00e9ablement.<\/p>\n\n\n\n<p><strong><em>N\u2019a-t-on pas co\u00fbtume de dire que le tout militaire n\u2019a jamais r\u00e9solu une crise s\u00e9curitaire&nbsp;?<\/em><\/strong><\/p>\n\n\n\n<p>L\u2019on a beau avoir la plus grande puissance de feu si les actions militaires ne sont pas accompagn\u00e9es par celles allant dans le sens de l\u2019am\u00e9lioration des conditions sociales, les m\u00eames causes pourraient produire les m\u00eames effets. En d\u2019autres termes les candidats au terrorisme ou au djih\u00e2d &nbsp;n\u2019\u00e9pousent pas forc\u00e9ment l\u2019id\u00e9ologie religieuse pr\u00f4n\u00e9e par leurs chefs, mais c\u2019est face \u00e0 un d\u00e9sespoir et un abandon de l\u2019Etat qu\u2019ils acceptent la proposition qu\u2019on leur fait, souvent \u00e0 vil prix. Aujourd\u2019hui, ne nous voilons pas la face la situation sociale est chaotique d\u2019o\u00f9 ce banditisme urbain croissant. S\u2019il est bon d\u2019acqu\u00e9rir des nouvelles armes, il serait merveilleux de penser aux populations qui broient du noir.<\/p>\n\n\n\n<p><strong><em>Le 20 janvier ne doit-il pas \u00eatre consid\u00e9r\u00e9 comme la seule&nbsp; date de souverainet\u00e9 retrouv\u00e9e&nbsp;?<\/em><\/strong><\/p>\n\n\n\n<p>La question m\u00e9rite d\u2019\u00eatre pos\u00e9e quand on sait que certains veulent totalement falsifier l\u2019histoire r\u00e9cente de notre pays en instituant le 14 janvier comme journ\u00e9e de souverainet\u00e9 retrouv\u00e9e. Tenez-vous bien en souvenir de la grande mobilisation contre les sanctions de la CEDEAO et de l\u2019UEMOA. Depuis quand un pays de la CEDEAO ou de l\u2019UEMOA a essay\u00e9 &nbsp;d\u2019attenter \u00e0 la souverainet\u00e9 du Mali. Les autorit\u00e9s de la transition se trompent lamentablement et lourdement de combat. Il serait bon que les maliens sachent que l\u2019ind\u00e9pendance et la souverainet\u00e9 qu\u2019ils d\u00e9sirent tant, ne pourraient \u00eatre obtenues que dans un vaste ensemble comme la CEDEAO. Nos micro-Etats ne peuvent jamais s\u2019affranchir de la tutelle des puissances occidentales individuellement. Donc la CEDEAO pourrait se tromper, elle s\u2019est m\u00eame tromp\u00e9e en infligeant des sanctions s\u00e9v\u00e8res \u00e0 un pays qui est totalement \u00e0 terre, comme le Mali, mais de l\u00e0 \u00e0 en faire une ennemie jur\u00e9e, est une erreur d\u2019appr\u00e9ciation.<\/p>\n\n\n\n<p>En somme le 20 janvier reste la seule date&nbsp; historique et embl\u00e9matique \u00e0 laquelle les maliens peuvent se glorifier d\u2019avoir arrach\u00e9 de la puissance colonisatrice, la souverainet\u00e9. Toutes les autres dates ne rel\u00e8vent que du populisme e de la diversion.<\/p>\n\n\n\n<p><strong><em>Youssouf Sissoko&nbsp; &nbsp;&nbsp;<\/em><\/strong><\/p>\n\n\n\n<p><strong>L&rsquo;Alternance<\/strong><\/p>\n","protected":false},"excerpt":{"rendered":"<p>Les autorit\u00e9s de la transition ont c\u00e9l\u00e9br\u00e9 avec fiert\u00e9 le 62\u00e8me\u00a0anniversaire de la cr\u00e9ation de l\u2019arm\u00e9e malienne. Cet anniversaire a \u00e9t\u00e9 l\u2019occasion de pr\u00e9senter \u00e0 l\u2019opinion les diff\u00e9rentes acquisitions faites&hellip;<\/p>\n","protected":false},"author":1,"featured_media":8864,"comment_status":"open","ping_status":"closed","sticky":false,"template":"","format":"standard","meta":{"content-type":"","_lmt_disableupdate":"","_lmt_disable":"","_jetpack_memberships_contains_paid_content":false,"footnotes":"","jetpack_publicize_message":"","jetpack_publicize_feature_enabled":true,"jetpack_social_post_already_shared":false,"jetpack_social_options":{"image_generator_settings":{"template":"highway","default_image_id":0,"font":"","enabled":false},"version":2}},"categories":[65,68,21],"tags":[],"class_list":["post-11349","post","type-post","status-publish","format-standard","has-post-thumbnail","hentry","category-armee","category-lalternance","category-societe"],"jetpack_publicize_connections":[],"featured_image_urls":{"full":"","thumbnail":"","medium":"","medium_large":"","large":"","1536x1536":"","2048x2048":"","penci-recipe-1200x1200":"","penci-recipe-1200x900":"","penci-recipe-1200x675":"","penci-single-full":"","penci-slider-full-thumb":"","penci-full-thumb":"","penci-slider-thumb":"","penci-magazine-slider":"","penci-thumb":"","penci-masonry-thumb":"","penci-thumb-square":"","penci-thumb-vertical":"","penci-thumb-small":""},"author_info":{"display_name":"Nandi","author_link":"https:\/\/nandi.info\/?author=1"},"category_info":"<a href=\"https:\/\/nandi.info\/?cat=65\" rel=\"category\">Arm\u00e9e<\/a> <a href=\"https:\/\/nandi.info\/?cat=68\" rel=\"category\">L'alternance<\/a> <a href=\"https:\/\/nandi.info\/?cat=21\" rel=\"category\">Soci\u00e9t\u00e9<\/a>","tag_info":"Soci\u00e9t\u00e9","comment_count":"0","jetpack_featured_media_url":"","jetpack_sharing_enabled":true,"_links":{"self":[{"href":"https:\/\/nandi.info\/index.php?rest_route=\/wp\/v2\/posts\/11349","targetHints":{"allow":["GET"]}}],"collection":[{"href":"https:\/\/nandi.info\/index.php?rest_route=\/wp\/v2\/posts"}],"about":[{"href":"https:\/\/nandi.info\/index.php?rest_route=\/wp\/v2\/types\/post"}],"author":[{"embeddable":true,"href":"https:\/\/nandi.info\/index.php?rest_route=\/wp\/v2\/users\/1"}],"replies":[{"embeddable":true,"href":"https:\/\/nandi.info\/index.php?rest_route=%2Fwp%2Fv2%2Fcomments&post=11349"}],"version-history":[{"count":0,"href":"https:\/\/nandi.info\/index.php?rest_route=\/wp\/v2\/posts\/11349\/revisions"}],"wp:featuredmedia":[{"embeddable":true,"href":"https:\/\/nandi.info\/index.php?rest_route=\/"}],"wp:attachment":[{"href":"https:\/\/nandi.info\/index.php?rest_route=%2Fwp%2Fv2%2Fmedia&parent=11349"}],"wp:term":[{"taxonomy":"category","embeddable":true,"href":"https:\/\/nandi.info\/index.php?rest_route=%2Fwp%2Fv2%2Fcategories&post=11349"},{"taxonomy":"post_tag","embeddable":true,"href":"https:\/\/nandi.info\/index.php?rest_route=%2Fwp%2Fv2%2Ftags&post=11349"}],"curies":[{"name":"wp","href":"https:\/\/api.w.org\/{rel}","templated":true}]}}