{"id":11338,"date":"2023-01-23T08:46:00","date_gmt":"2023-01-23T07:46:00","guid":{"rendered":"https:\/\/nandi.info\/?p=11338"},"modified":"2023-01-23T08:46:00","modified_gmt":"2023-01-23T07:46:00","slug":"crise-au-sein-du-rpm-les-sections-de-la-commune-v-de-bamako-de-mopti-et-de-la-france-demissionnent-pour-rejoindre-le-mouvement-convergence-2023","status":"publish","type":"post","link":"https:\/\/nandi.info\/?p=11338","title":{"rendered":"Crise au sein du RPM : Les sections de la Commune V de Bamako, de Mopti et de la France d\u00e9missionnent pour rejoindre le \u00abMouvement Convergence 2023 \u00bb"},"content":{"rendered":"\n<p class=\"has-drop-cap\">Depuis un bon moment, rien ne va plus au sein du Rassemblement pour le Mali (RPM). Les dissensions \u00e0 l\u2019interne ont fini par \u00e9clater au grand jour, poussant ainsi les protagonistes \u00e0 se retrouver devant les tribunaux. Le verdict judiciaire n\u2019ayant pas parmi de trouver une issue heureuse aux divergences internes, certaines sections du RPM ont d\u00e9cid\u00e9 tout simplement de d\u00e9missionner du parti pour rejoindre le \u00abMouvement Convergence 2023 \u00bb cr\u00e9\u00e9 le 5 janvier 2023 par Moussa Timbin\u00e9, ancien pr\u00e9sident de l\u2019Assembl\u00e9e nationale du Mali, ex- pr\u00e9sident des jeunes du RPM. Il s\u2019agit des sections de la Commune V du district de Bamako, de Mopti et de la France. Nous apprenons \u00e9galement que des membres de la section RPM de Gao ont rendu leur d\u00e9mission du parti.<\/p>\n\n\n\n<p>Apr\u00e8s la d\u00e9mission de la section RPM de la commune V du district de Bamako, le 5 janvier 2023, d\u2019autres sections du parti des tisserands emboitent le pas. Il s\u2019agit de la section RPM de Mopti pilot\u00e9e par l\u2019ancienne d\u00e9put\u00e9e Belco Samass\u00e9kou. Animant un point de presse, le 15 janvier 2023, la secr\u00e9taire g\u00e9n\u00e9rale de la section RPM de Mopti a confirm\u00e9 la d\u00e9mission de l\u2019ensemble de sa section des instances du parti. \u00abNous refusons de cautionner la gestion du parti par un clan d\u00e9liquescence en perte de vitesse. Un parti devenu la chasse gard\u00e9e d\u2019un pr\u00e9sident dictateur qui l\u2019utilise \u00e0 des fins personnelles et inavou\u00e9es. Nous r\u00e9clamons l\u2019h\u00e9ritage politique du pr\u00e9sident fondateur et \u00e0 compter de ce jour nous prenons devant l\u2019histoire la d\u00e9cision de d\u00e9missionner de toutes les instances du parti. Nous d\u00e9clarons la d\u00e9mission du bureau de la section RPM de Mopti et de tous ses organes. Nous r\u00e9pondons favorablement \u00e0 l\u2019appel lanc\u00e9 par Moussa Timbin\u00e9 pour rejoindre le Mouvement convergence 2023 \u00bb, a soulign\u00e9 Mme Belco Samass\u00e9kou. Au cours de ce point de presse, elle a d\u00e9nonc\u00e9 la gestion \u00ab clanique \u00bb et la \u00ab violation \u00bb des textes du parti par certains responsables du parti. En outre, il a d\u00e9plor\u00e9 le fait que Dr. Bocary Tr\u00e9ta ait \u00e9t\u00e9 d\u00e9sign\u00e9 candidat du parti \u00e0 la prochaine \u00e9lection pr\u00e9sidentielle sans congr\u00e8s. \u00abComment pouvons nous comprendre que l\u2019h\u00e9ritage de feu IBK soit brad\u00e9\u2026 \u00bb, a-t-elle dit. Par ailleurs, elle dira que des efforts ont \u00e9t\u00e9 fournis pour ramener la coh\u00e9sion au sein du parti, mais en vain.<\/p>\n\n\n\n<p>Outre la section de Mopti (Mali), 300 membres de la section RPM de France ont \u00e9galement d\u00e9missionn\u00e9 du parti. Ces derniers aussi d\u00e9noncent la gestion du parti par certains responsables du Parti. \u00ab Nous r\u00e9clamons haut et fort l\u2019h\u00e9ritage politique de feu Ibrahim Boubacar Ke\u00efta et \u00e0 compter de ce jour, nous prenons devant l\u2019histoire, la d\u00e9cision solennelle de d\u00e9missionner de toutes les instances du parti. Nous d\u00e9clarons la d\u00e9mission de 50 membres de section UF-UJ RPM (Union des femmes-Union des jeunes du Rassemblement pour le Mali) France et celle de 250 membres de bureau du comit\u00e9 UJ-France. Ce qui fait 300 d\u00e9missionnaires \u00e0 ce jour. Nous r\u00e9pondons favorablement \u00e0 l\u2019appel qui nous a \u00e9t\u00e9 lanc\u00e9 par l\u2019honorable Moussa Timbin\u00e9. Et \u00e0 compter de ce jour, nous rejoignons le Mouvement convergence 2023 \u00bb, souligne l\u2019un des responsables de la section RPM de France.<\/p>\n\n\n\n<p>Hier, mardi 17 janvier 2023, nous apprenons \u00e9galement que des membres de la section RPM de Gao ont rendu leur d\u00e9mission du parti. L\u2019une des raisons de ces diff\u00e9rentes d\u00e9missions est le non respect des textes du parti par certains responsables du RPM.<\/p>\n\n\n\n<p><strong>Aguibou Sogodogo<\/strong><\/p>\n","protected":false},"excerpt":{"rendered":"<p>Depuis un bon moment, rien ne va plus au sein du Rassemblement pour le Mali (RPM). Les dissensions \u00e0 l\u2019interne ont fini par \u00e9clater au grand jour, poussant ainsi les&hellip;<\/p>\n","protected":false},"author":1,"featured_media":0,"comment_status":"open","ping_status":"closed","sticky":false,"template":"","format":"standard","meta":{"content-type":"","_lmt_disableupdate":"","_lmt_disable":"","_jetpack_memberships_contains_paid_content":false,"footnotes":"","jetpack_publicize_message":"","jetpack_publicize_feature_enabled":true,"jetpack_social_post_already_shared":true,"jetpack_social_options":{"image_generator_settings":{"template":"highway","default_image_id":0,"font":"","enabled":false},"version":2}},"categories":[69,23],"tags":[],"class_list":["post-11338","post","type-post","status-publish","format-standard","hentry","category-le-republicain-mali","category-politique"],"jetpack_publicize_connections":[],"featured_image_urls":{"full":"","thumbnail":"","medium":"","medium_large":"","large":"","1536x1536":"","2048x2048":"","penci-recipe-1200x1200":"","penci-recipe-1200x900":"","penci-recipe-1200x675":"","penci-single-full":"","penci-slider-full-thumb":"","penci-full-thumb":"","penci-slider-thumb":"","penci-magazine-slider":"","penci-thumb":"","penci-masonry-thumb":"","penci-thumb-square":"","penci-thumb-vertical":"","penci-thumb-small":""},"author_info":{"display_name":"Nandi","author_link":"https:\/\/nandi.info\/?author=1"},"category_info":"<a href=\"https:\/\/nandi.info\/?cat=69\" rel=\"category\">Le R\u00e9publicain Mali<\/a> <a href=\"https:\/\/nandi.info\/?cat=23\" rel=\"category\">Politique<\/a>","tag_info":"Politique","comment_count":"0","jetpack_featured_media_url":"","jetpack_sharing_enabled":true,"_links":{"self":[{"href":"https:\/\/nandi.info\/index.php?rest_route=\/wp\/v2\/posts\/11338","targetHints":{"allow":["GET"]}}],"collection":[{"href":"https:\/\/nandi.info\/index.php?rest_route=\/wp\/v2\/posts"}],"about":[{"href":"https:\/\/nandi.info\/index.php?rest_route=\/wp\/v2\/types\/post"}],"author":[{"embeddable":true,"href":"https:\/\/nandi.info\/index.php?rest_route=\/wp\/v2\/users\/1"}],"replies":[{"embeddable":true,"href":"https:\/\/nandi.info\/index.php?rest_route=%2Fwp%2Fv2%2Fcomments&post=11338"}],"version-history":[{"count":0,"href":"https:\/\/nandi.info\/index.php?rest_route=\/wp\/v2\/posts\/11338\/revisions"}],"wp:attachment":[{"href":"https:\/\/nandi.info\/index.php?rest_route=%2Fwp%2Fv2%2Fmedia&parent=11338"}],"wp:term":[{"taxonomy":"category","embeddable":true,"href":"https:\/\/nandi.info\/index.php?rest_route=%2Fwp%2Fv2%2Fcategories&post=11338"},{"taxonomy":"post_tag","embeddable":true,"href":"https:\/\/nandi.info\/index.php?rest_route=%2Fwp%2Fv2%2Ftags&post=11338"}],"curies":[{"name":"wp","href":"https:\/\/api.w.org\/{rel}","templated":true}]}}