{"id":11334,"date":"2023-01-23T10:41:19","date_gmt":"2023-01-23T09:41:19","guid":{"rendered":"https:\/\/nandi.info\/?p=11334"},"modified":"2023-01-23T10:41:19","modified_gmt":"2023-01-23T09:41:19","slug":"pr-marimantia-diarra-lors-de-la-presentation-des-voeux-de-ladema-pasj-a-la-presse-nous-souhaitons-que-les-elections-qui-sont-annoncees-se-tiennent-a-date-comme-indique-dans-le-chrono","status":"publish","type":"post","link":"https:\/\/nandi.info\/?p=11334","title":{"rendered":"Pr. Marimantia Diarra lors de la pr\u00e9sentation des v\u0153ux de l\u2019ADEMA-PASJ \u00e0 la Presse : \u00abNous souhaitons que les \u00e9lections qui sont annonc\u00e9es se tiennent \u00e0 date comme indiqu\u00e9 dans le chronogramme\u00bb"},"content":{"rendered":"\n<p class=\"has-drop-cap\">Le Pr\u00e9sident de l\u2019Alliance pour la d\u00e9mocratie au Mali-Parti africain pour la solidarit\u00e9 et la justice (Adema-PASJ), Pr. Marimantia Diarra, a pr\u00e9sent\u00e9 ses meilleurs v\u0153ux de l\u2019ann\u00e9e 2023 aux militants du parti et \u00e0 l\u2019ensemble de la presse malienne, le samedi 21 janvier 2023, au si\u00e8ge du parti \u00e0 Bamako. Au cours de cette c\u00e9r\u00e9monie de pr\u00e9sentation des v\u0153ux qui a regroup\u00e9 plusieurs cadres, militants et sympathisants de l\u2019Adema-PASJ, Pr. Marimantia Diarra a mis l\u2019accent sur la situation sociopolitique et s\u00e9curitaire du Mali. \u00ab Nous souhaitons que les \u00e9lections qui sont annonc\u00e9es se tiennent \u00e0 date comme indiqu\u00e9 dans le chronogramme officiel qui a \u00e9t\u00e9 publi\u00e9 \u00bb, a d\u00e9clar\u00e9 le Pr. Marimantia Diarra.<\/p>\n\n\n\n<p>Apr\u00e8s l\u2019ex\u00e9cution de l\u2019hymne du parti, l\u2019observation de la minute de silence en la m\u00e9moire des disparus et les mots de bienvenue du secr\u00e9taire g\u00e9n\u00e9ral adjoint de l\u2019Adema PASJ, Ibrahim Ha\u00efdara, le pr\u00e9sident du parti Adema-PASJ, Pr. Marimantia Diarra, a fait savoir que l\u2019ann\u00e9e 2022 aura \u00e9t\u00e9 \u00e9prouvante pour le peuple malien. \u00ab Malgr\u00e9 les immenses efforts fournis par les Autorit\u00e9s de la Transition et nos partenaires de la Communaut\u00e9 internationale pour l\u2019av\u00e8nement de la paix dans notre pays, les terroristes et les forces obscurantistes de tout genre continuent de semer la mort au sein des populations civiles, de nos Forces de D\u00e9fense et de S\u00e9curit\u00e9 et des forces internationales. Nous d\u00e9plorons ces attaques terroristes perfides qui portent un coup dur \u00e0 l\u2019espoir d\u2019un retour rapide de la paix dans notre pays \u00bb, a-t-il dit.<\/p>\n\n\n\n<p>Selon lui, le retour \u00e0 la paix reste la principale pr\u00e9occupation du peuple malien. \u00abNous exhortons les Autorit\u00e9s de la Transition \u00e0 \u0153uvrer davantage pour soulager les peines des Maliennes et des Maliens, notamment par rapport au co\u00fbt de la vie m\u00eame si cette situation n\u2019est pas l\u2019apanage de notre pays seulement.<\/p>\n\n\n\n<p>L\u2019ann\u00e9e 2023, qui est une ann\u00e9e \u00e9lectorale s\u2019annonce assez d\u00e9cisive pour notre pays et notre parti. Notre parti se pr\u00e9pare dans le cadre d\u2019une plateforme importante en vue de gagner les \u00e9lections qui vont venir. Nous souhaitons que les \u00e9lections qui sont annonc\u00e9es se tiennent \u00e0 date comme indiqu\u00e9 dans le chronogramme officiel qui a \u00e9t\u00e9 publi\u00e9 \u00bb, a d\u00e9clar\u00e9 le Pr. Marimantia Diarra.<\/p>\n\n\n\n<p>A ses dires, les Maliens s\u2019interrogent et leurs questions portent sur l\u2019ins\u00e9curit\u00e9, le panier de la m\u00e9nag\u00e8re, la gouvernance, le devenir des jeunes, leur \u00e9ducation et leur formation. \u00ab L\u2019Adema doit faire sienne toutes ces pr\u00e9occupations et r\u00e9fl\u00e9chir pour proposer des solutions aux Maliens, pour que notre plateforme qui est en gestation puisse \u00eatre la plateforme gagnante des futures joutes \u00e9lectorales \u00bb, a-t-il dit.<\/p>\n\n\n\n<p>Pour lui, les formations politiques demeurent la s\u00e8ve de la d\u00e9mocratie, leur mise \u00e0 l\u2019\u00e9cart des d\u00e9bats sur les questions essentielles qui engagent le destin du Mali d\u00e9soriente incontestablement les citoyens.<\/p>\n\n\n\n<p>Par la voix de son pr\u00e9sident, le parti Africain pour la Solidarit\u00e9 et la Justice invite les Autorit\u00e9s de la Transition \u00e0 accentuer la lutte pour la restauration rapide de l\u2019autorit\u00e9 de l\u2019Etat sur toute l\u2019\u00e9tendue du territoire national. R\u00e9pondant aux questions des journalistes, le Pr. Diarra a demand\u00e9 aux autorit\u00e9s de la transition d\u2019arr\u00eater le processus d\u2019\u00e9laboration d\u2019une nouvelle constitution ou \u00e0 d\u00e9faut, r\u00e9viser celle de 1992.<\/p>\n\n\n\n<p>En outre, le Pr. Marimantia Diarra estime qu\u2019il sera difficile de tenir toutes les \u00e9lections annonc\u00e9es durant 2023 et 2024. \u00ab Si par hasard, les autres arrivent \u00e0 la m\u00eame conclusion, les autorit\u00e9s arrivent \u00e0 la m\u00eame conclusion, il est important d\u2019aller \u00e0 l\u2019essentiel des \u00e9lections qui sont les \u00e9lections pr\u00e9sidentielles et l\u00e9gislatives \u00bb, a-t-il dit.<\/p>\n\n\n\n<p>Par ailleurs, il dira que le choix du candidat de l\u2019Adema- PASJ \u00e0 la pr\u00e9sidentielle se fait conform\u00e9ment aux textes du parti six mois avant la convocation du coll\u00e8ge \u00e9lectorale.<\/p>\n\n\n\n<p><strong>Aguibou Sogodogo<\/strong><\/p>\n","protected":false},"excerpt":{"rendered":"<p>Le Pr\u00e9sident de l\u2019Alliance pour la d\u00e9mocratie au Mali-Parti africain pour la solidarit\u00e9 et la justice (Adema-PASJ), Pr. Marimantia Diarra, a pr\u00e9sent\u00e9 ses meilleurs v\u0153ux de l\u2019ann\u00e9e 2023 aux militants&hellip;<\/p>\n","protected":false},"author":1,"featured_media":11335,"comment_status":"open","ping_status":"closed","sticky":false,"template":"","format":"standard","meta":{"content-type":"","_lmt_disableupdate":"","_lmt_disable":"","_jetpack_memberships_contains_paid_content":false,"footnotes":"","jetpack_publicize_message":"","jetpack_publicize_feature_enabled":true,"jetpack_social_post_already_shared":true,"jetpack_social_options":{"image_generator_settings":{"template":"highway","default_image_id":0,"font":"","enabled":false},"version":2}},"categories":[69,23],"tags":[],"class_list":["post-11334","post","type-post","status-publish","format-standard","has-post-thumbnail","hentry","category-le-republicain-mali","category-politique"],"jetpack_publicize_connections":[],"featured_image_urls":{"full":"","thumbnail":"","medium":"","medium_large":"","large":"","1536x1536":"","2048x2048":"","penci-recipe-1200x1200":"","penci-recipe-1200x900":"","penci-recipe-1200x675":"","penci-single-full":"","penci-slider-full-thumb":"","penci-full-thumb":"","penci-slider-thumb":"","penci-magazine-slider":"","penci-thumb":"","penci-masonry-thumb":"","penci-thumb-square":"","penci-thumb-vertical":"","penci-thumb-small":""},"author_info":{"display_name":"Nandi","author_link":"https:\/\/nandi.info\/?author=1"},"category_info":"<a href=\"https:\/\/nandi.info\/?cat=69\" rel=\"category\">Le R\u00e9publicain Mali<\/a> <a href=\"https:\/\/nandi.info\/?cat=23\" rel=\"category\">Politique<\/a>","tag_info":"Politique","comment_count":"0","jetpack_featured_media_url":"","jetpack_sharing_enabled":true,"_links":{"self":[{"href":"https:\/\/nandi.info\/index.php?rest_route=\/wp\/v2\/posts\/11334","targetHints":{"allow":["GET"]}}],"collection":[{"href":"https:\/\/nandi.info\/index.php?rest_route=\/wp\/v2\/posts"}],"about":[{"href":"https:\/\/nandi.info\/index.php?rest_route=\/wp\/v2\/types\/post"}],"author":[{"embeddable":true,"href":"https:\/\/nandi.info\/index.php?rest_route=\/wp\/v2\/users\/1"}],"replies":[{"embeddable":true,"href":"https:\/\/nandi.info\/index.php?rest_route=%2Fwp%2Fv2%2Fcomments&post=11334"}],"version-history":[{"count":0,"href":"https:\/\/nandi.info\/index.php?rest_route=\/wp\/v2\/posts\/11334\/revisions"}],"wp:featuredmedia":[{"embeddable":true,"href":"https:\/\/nandi.info\/index.php?rest_route=\/"}],"wp:attachment":[{"href":"https:\/\/nandi.info\/index.php?rest_route=%2Fwp%2Fv2%2Fmedia&parent=11334"}],"wp:term":[{"taxonomy":"category","embeddable":true,"href":"https:\/\/nandi.info\/index.php?rest_route=%2Fwp%2Fv2%2Fcategories&post=11334"},{"taxonomy":"post_tag","embeddable":true,"href":"https:\/\/nandi.info\/index.php?rest_route=%2Fwp%2Fv2%2Ftags&post=11334"}],"curies":[{"name":"wp","href":"https:\/\/api.w.org\/{rel}","templated":true}]}}